{"id":404616,"date":"2025-09-20T10:29:12","date_gmt":"2025-09-20T10:29:12","guid":{"rendered":"https:\/\/www.europesays.com\/fr\/404616\/"},"modified":"2025-09-20T10:29:12","modified_gmt":"2025-09-20T10:29:12","slug":"sit-in-de-quatre-grevistes-de-la-faim-devant-la-mairie-pour-une-rupture-totale-du-jumelage-bordeaux-ashdod","status":"publish","type":"post","link":"https:\/\/www.europesays.com\/fr\/404616\/","title":{"rendered":"Sit-in de quatre gr\u00e9vistes de la faim devant la mairie pour une rupture totale du jumelage Bordeaux-Ashdod"},"content":{"rendered":"<p class=\"wp-block-post-excerpt__excerpt\">Ce vendredi 19 septembre, les militants de Hungry for Justice in Palestine Bordeaux ont organis\u00e9 un sit-in devant l\u2019H\u00f4tel de Ville pour une rupture d\u00e9finitive du jumelage avec la ville isra\u00e9lienne d\u2019Ashdod. Ils sont quatre d\u00e9sormais en gr\u00e8ve de la faim. <\/p>\n<p class=\"font-sans\">\n\t\t\tCet article est en acc\u00e8s libre. Pour soutenir Rue89Bordeaux,<br \/>\n\t\t\t<a class=\"underline\" href=\"https:\/\/rue89bordeaux.com\/abonnement\/\" target=\"_blank\" rel=\"noopener\">abonnez-vous<\/a>.\n\t\t<\/p>\n<p>Samuel Clauzier<\/p>\n<p>Publi\u00e9 le 20 septembre 2025\u00a0\u00a0\u00b7\u00a0\u00a0<\/p>\n<p>Imprim\u00e9 le 20 septembre 2025 \u00e0 12h22\u00a0\u00a0\u00b7\u00a0\u00a0<\/p>\n<p>\t\t\t\t\t3\u00a0minutes\n<\/p>\n<p>\u00ab\u00a0Pour l\u2019honneur de la Palestine et pour ceux qu\u2019on assassine, m\u00eame si Hurmic le veut pas, nous on est l\u00e0.\u00a0\u00bb Rassembl\u00e9s devant la mairie de Bordeaux pour une action de sensibilisation, les militants de Hungry for Justice in Palestine maintiennent la pression sur la municipalit\u00e9. Ce sit-in en musique, sous le regard d\u2019une patrouille de la police nationale, est \u00e9galement une mani\u00e8re d\u2019alerter les passants sur leur unique revendication. <\/p>\n<p>\t\t\u00ab\u00a0Des militants d\u00e9termin\u00e9s\u00a0\u00bb<\/p>\n<p>\u00ab\u00a0On est conscients qu\u2019au bout de 30 jours, il peut y avoir des s\u00e9quelles irr\u00e9versibles, et qu\u2019au-del\u00e0 de 50 jours, le danger vital est critique\u00a0\u00bb, reconna\u00eet Canard* (*pseudonyme), qui entame sa troisi\u00e8me semaine de gr\u00e8ve de la faim. Oya, l\u2019une des premi\u00e8res impliqu\u00e9es dans l\u2019action, depuis le mois d\u2019ao\u00fbt, en est d\u00e9j\u00e0 \u00e0 <a href=\"https:\/\/rue89bordeaux.com\/2025\/08\/en-greve-de-la-faim-pour-mettre-vraiment-fin-au-jumelage-de-bordeaux-avec-ashdod\/\" target=\"_blank\" rel=\"noreferrer noopener\">38 jours de je\u00fbne<\/a>. Un autre militant l\u2019a rejoint, en gr\u00e8ve depuis 12 jours.<\/p>\n<blockquote class=\"wp-block-quote is-layout-flow wp-block-quote-is-layout-flow\">\n<p>\u00ab\u00a0Notre id\u00e9e, c\u2019est qu\u2019il y ait un relais\u202f: diff\u00e9rentes personnes se mettent en gr\u00e8ve au fur et \u00e0 mesure que l\u2019action avance, parce qu\u2019on peut pas tenir 150 ans en gr\u00e8ve de la faim. Et pour ceux qui ne veulent pas se lancer \u00e0 plein temps, on propose aussi de je\u00fbner ponctuellement en soutien aux gr\u00e9vistes, par exemple lors d\u2019\u00e9v\u00e9nements ou de rassemblements.\u00a0\u00bb<\/p>\n<\/blockquote>\n<p>\u00ab\u00a0Ce sont des militantes et militants d\u00e9termin\u00e9s\u00a0\u00bb, souligne Louise*, psychologue pr\u00e9sente pour le soutien mental des gr\u00e9vistes. L\u2019\u00e9quipe m\u00e9dicale qui accompagne l\u2019action comprend \u00e9galement un m\u00e9decin g\u00e9n\u00e9raliste et une kin\u00e9sith\u00e9rapeute, \u00ab\u00a0car il y a des douleurs et des l\u00e9sions qui peuvent se cr\u00e9er au niveau musculaire\u00a0\u00bb. <\/p>\n<p>Certains prennent quelques compl\u00e9ments alimentaires, comme des vitamines ou de l\u2019eau sucr\u00e9e. Si cela ne remplace pas une alimentation normale, la m\u00e9thode permet de \u00ab\u00a0limiter la casse\u00a0\u00bb, selon les militants, qui t\u00e9moignent avoir d\u00e9j\u00e0 \u00e9t\u00e9 victimes de malaises, sans probl\u00e8me de sant\u00e9 grave \u00e0 ce jour.<\/p>\n<p>\t\tBordeaux-Ashdod : la municipalit\u00e9 inflexible <\/p>\n<p>Du c\u00f4t\u00e9 de la majorit\u00e9 \u00e9cologiste, aucune inflexion n\u2019est pr\u00e9vue. Le 11 septembre dernier, lors d\u2019une rencontre avec les gr\u00e9vistes, C\u00e9line Papin, adjointe au maire charg\u00e9e des coop\u00e9rations internationales, a r\u00e9affirm\u00e9 la position de la mairie de Bordeaux. Elle a soulign\u00e9 les actions d\u00e9j\u00e0 engag\u00e9es par son \u00e9quipe : soutien \u00e0 MSF, partenariat avec Ramallah, appel \u00e0 la reconnaissance d\u2019un \u00c9tat palestinien, et condamnations publiques du conflit\u2026 et appelle \u00e0 une autre forme d\u2019action :<\/p>\n<blockquote class=\"wp-block-quote is-layout-flow wp-block-quote-is-layout-flow\">\n<p>\u00ab\u00a0Tout en \u00e9tant d\u2019accord avec certains points, nous les appelons \u00e0 arr\u00eater cette gr\u00e8ve de la faim car nous sommes inquiets pour leur sant\u00e9, confie l\u2019adjointe \u00e0 Rue89 Bordeaux. Leur objectif est disproportionn\u00e9 par rapport \u00e0 ce que peut faire une mairie. Ils se trompent de combat. Je comprends la n\u00e9cessit\u00e9 de se mobiliser sur ces drames, mais les sanctions seraient plus efficaces au niveau national ou europ\u00e9en.\u00a0\u00bb<\/p>\n<\/blockquote>\n<p>Dans la foul\u00e9e du rassemblement, les militants appellent \u00e0 une action \u00ab\u00a0phone-in\u00a0\u00bb, visant \u00e0 submerger le standard de la mairie de Bordeaux de demandes pour la rupture de ce jumelage. Une m\u00e9thode d\u2019action qui indignent C\u00e9line Papin :<\/p>\n<blockquote class=\"wp-block-quote is-layout-flow wp-block-quote-is-layout-flow\">\n<p>\u00ab\u00a0Je re\u00e7ois d\u00e9j\u00e0 des appels t\u00e9l\u00e9phoniques masqu\u00e9s sur mon t\u00e9l\u00e9phone portable et il est impossible de discuter avec mes interlocuteurs. Je trouve ces m\u00e9thodes curieuses.\u00a0\u00bb<\/p>\n<\/blockquote>\n<p>De leur c\u00f4t\u00e9, les militants entendent poursuivre leur action et donnent rendez-vous la semaine prochaine pour deux nouveaux sit-in au m\u00eame endroit.<\/p>\n<p>Rue89 Bordeaux a besoin de vos dons<\/p>\n<p>Mille mercis \u00e0 nos 131 donateurs ! Gr\u00e2ce \u00e0 vous, nous avons atteint notre objectif initial de 10\u202f000\u202f\u20ac. Ce soutien va nous permettre de renflouer notre tr\u00e9sorerie, apr\u00e8s le d\u00e9sengagement en 2025 d\u2019un annonceur important \u2013 Bordeaux M\u00e9tropole \u2013 et de r\u00e9gler nos factures en attente.<br \/>Cependant, la cagnotte reste ouverte jusqu\u2019\u00e0 fin septembre afin de vous laisser l\u2019occasion de continuer \u00e0 soutenir votre m\u00e9dia ind\u00e9pendant. Chaque don est d\u00e9ductible des imp\u00f4ts \u00e0 hauteur de 66\u202f%. En recevoir davantage nous permettra de consolider nos finances, d\u2019envisager une rentr\u00e9e sereine, et surtout, d\u2019enrichir nos contenus et de renforcer notre r\u00e9daction.<\/p>\n","protected":false},"excerpt":{"rendered":"Ce vendredi 19 septembre, les militants de Hungry for Justice in Palestine Bordeaux ont organis\u00e9 un sit-in devant&hellip;\n","protected":false},"author":2,"featured_media":404617,"comment_status":"","ping_status":"","sticky":false,"template":"","format":"standard","meta":{"footnotes":""},"categories":[2817],"tags":[1111,11,1997,1777,674,1011,27,664,12,2219,3518,25],"class_list":{"0":"post-404616","1":"post","2":"type-post","3":"status-publish","4":"format-standard","5":"has-post-thumbnail","7":"category-bordeaux","8":"tag-actu","9":"tag-actualites","10":"tag-bordeaux","11":"tag-eu","12":"tag-europe","13":"tag-fr","14":"tag-france","15":"tag-israel","16":"tag-news","17":"tag-nouvelle-aquitaine","18":"tag-palestine","19":"tag-republique-francaise"},"share_on_mastodon":{"url":"https:\/\/pubeurope.com\/@fr\/115236160402966561","error":""},"_links":{"self":[{"href":"https:\/\/www.europesays.com\/fr\/wp-json\/wp\/v2\/posts\/404616","targetHints":{"allow":["GET"]}}],"collection":[{"href":"https:\/\/www.europesays.com\/fr\/wp-json\/wp\/v2\/posts"}],"about":[{"href":"https:\/\/www.europesays.com\/fr\/wp-json\/wp\/v2\/types\/post"}],"author":[{"embeddable":true,"href":"https:\/\/www.europesays.com\/fr\/wp-json\/wp\/v2\/users\/2"}],"replies":[{"embeddable":true,"href":"https:\/\/www.europesays.com\/fr\/wp-json\/wp\/v2\/comments?post=404616"}],"version-history":[{"count":0,"href":"https:\/\/www.europesays.com\/fr\/wp-json\/wp\/v2\/posts\/404616\/revisions"}],"wp:featuredmedia":[{"embeddable":true,"href":"https:\/\/www.europesays.com\/fr\/wp-json\/wp\/v2\/media\/404617"}],"wp:attachment":[{"href":"https:\/\/www.europesays.com\/fr\/wp-json\/wp\/v2\/media?parent=404616"}],"wp:term":[{"taxonomy":"category","embeddable":true,"href":"https:\/\/www.europesays.com\/fr\/wp-json\/wp\/v2\/categories?post=404616"},{"taxonomy":"post_tag","embeddable":true,"href":"https:\/\/www.europesays.com\/fr\/wp-json\/wp\/v2\/tags?post=404616"}],"curies":[{"name":"wp","href":"https:\/\/api.w.org\/{rel}","templated":true}]}}