{"id":404618,"date":"2025-09-20T10:30:25","date_gmt":"2025-09-20T10:30:25","guid":{"rendered":"https:\/\/www.europesays.com\/fr\/404618\/"},"modified":"2025-09-20T10:30:25","modified_gmt":"2025-09-20T10:30:25","slug":"bordeaux-angouleme-la-composition-dequipe-probable-des-girondins","status":"publish","type":"post","link":"https:\/\/www.europesays.com\/fr\/404618\/","title":{"rendered":"Bordeaux-Angoul\u00eame : la composition d&rsquo;\u00e9quipe probable des Girondins"},"content":{"rendered":"<p>\n    20\/09 &#8211; 08:47 | Par Nicolas Pietrelli | Il y a<br \/>\n    4 heures\n  <\/p>\n<p><strong>L&rsquo;entra\u00eeneur des Girondins de Bordeaux, Bruno Irl\u00e8s, pourrait innover pour affronter Angoul\u00eame Charente FC ce samedi \u00e0 18h au Stade Atlantique pour la 6e journ\u00e9e de National 2. D\u00e9couvrez le 11 probable des Marine et Blanc.&#13;<br \/>\n<\/strong><\/p>\n<p><img decoding=\"async\" src=\"https:\/\/www.europesays.com\/fr\/wp-content\/uploads\/2025\/08\/671_fc671264a3c172befb84b97a3799a833.jpg\" alt=\"Bordeaux-Angoul\u00eame : la composition d'\u00e9quipe probable des Girondins&#9;\" class=\"img-responsive mt-3\"\/><\/p>\n<p class=\"text-center mb-3\" style=\"font-size: 14px\">\u00a9 Iconsport<\/p>\n<p>Le groupe de joueurs retenus n&rsquo;a pas \u00e9t\u00e9 communiqu\u00e9 par le club au moment ou nous publions ce 11 probable.<\/p>\n<p>Et si pour relancer une dynamique, Bruno Irl\u00e8s abandonnait le 433 et le 343 ?<\/p>\n<p>La composition d&rsquo;\u00e9quipe probable face \u00e0 Angoul\u00eame Charente FC :<\/p>\n<p><img decoding=\"async\" src=\"https:\/\/www.europesays.com\/fr\/wp-content\/uploads\/2025\/09\/4-4-2 (43).jpg\" alt=\"4-4-2 (43).jpg (74 KB)\" style=\"width:700px;max-width:100%;\"\/><\/p>\n<p>\u00a0<\/p>\n<p>\u00c0 lire : <strong><a href=\"https:\/\/www.webgirondins.com\/actualite-mercato-girondins-les-pistes-d-entraineurs-pour-remplacer-bruno-irles-sur-la-sellette-130479\" target=\"_blank\" rel=\"noopener nofollow\">Les pistes d\u2019entra\u00eeneurs pour remplacer Bruno Irl\u00e8s sur la sellette<\/a><\/strong><\/p>\n<p style=\"text-align: justify;\">Notre podcast court :<\/p>\n<p>\u00a0<\/p>\n<p>  COMMENTAIRES<br \/>\n  ()<\/p>\n","protected":false},"excerpt":{"rendered":"20\/09 &#8211; 08:47 | Par Nicolas Pietrelli | Il y a 4 heures L&rsquo;entra\u00eeneur des Girondins de Bordeaux,&hellip;\n","protected":false},"author":2,"featured_media":354062,"comment_status":"","ping_status":"","sticky":false,"template":"","format":"standard","meta":{"footnotes":""},"categories":[2817],"tags":[1111,11,3987,13152,2865,1997,3211,7478,3984,1994,2263,1777,674,1011,27,1987,53607,3212,3465,3238,12,2219,471,2864,12142,25,3982,2858],"class_list":{"0":"post-404618","1":"post","2":"type-post","3":"status-publish","4":"format-standard","5":"has-post-thumbnail","7":"category-bordeaux","8":"tag-actu","9":"tag-actualites","10":"tag-affronter","11":"tag-angouleme","12":"tag-atlantique","13":"tag-bordeaux","14":"tag-bruno","15":"tag-charente","16":"tag-composition","17":"tag-entraineur","18":"tag-equipe","19":"tag-eu","20":"tag-europe","21":"tag-fr","22":"tag-france","23":"tag-girondins","24":"tag-innover","25":"tag-irles","26":"tag-journee","27":"tag-national","28":"tag-news","29":"tag-nouvelle-aquitaine","30":"tag-pour","31":"tag-pourrait","32":"tag-probable","33":"tag-republique-francaise","34":"tag-samedi","35":"tag-stade"},"share_on_mastodon":{"url":"https:\/\/pubeurope.com\/@fr\/115236164782854310","error":""},"_links":{"self":[{"href":"https:\/\/www.europesays.com\/fr\/wp-json\/wp\/v2\/posts\/404618","targetHints":{"allow":["GET"]}}],"collection":[{"href":"https:\/\/www.europesays.com\/fr\/wp-json\/wp\/v2\/posts"}],"about":[{"href":"https:\/\/www.europesays.com\/fr\/wp-json\/wp\/v2\/types\/post"}],"author":[{"embeddable":true,"href":"https:\/\/www.europesays.com\/fr\/wp-json\/wp\/v2\/users\/2"}],"replies":[{"embeddable":true,"href":"https:\/\/www.europesays.com\/fr\/wp-json\/wp\/v2\/comments?post=404618"}],"version-history":[{"count":0,"href":"https:\/\/www.europesays.com\/fr\/wp-json\/wp\/v2\/posts\/404618\/revisions"}],"wp:featuredmedia":[{"embeddable":true,"href":"https:\/\/www.europesays.com\/fr\/wp-json\/wp\/v2\/media\/354062"}],"wp:attachment":[{"href":"https:\/\/www.europesays.com\/fr\/wp-json\/wp\/v2\/media?parent=404618"}],"wp:term":[{"taxonomy":"category","embeddable":true,"href":"https:\/\/www.europesays.com\/fr\/wp-json\/wp\/v2\/categories?post=404618"},{"taxonomy":"post_tag","embeddable":true,"href":"https:\/\/www.europesays.com\/fr\/wp-json\/wp\/v2\/tags?post=404618"}],"curies":[{"name":"wp","href":"https:\/\/api.w.org\/{rel}","templated":true}]}}