{"id":404621,"date":"2025-09-20T10:32:13","date_gmt":"2025-09-20T10:32:13","guid":{"rendered":"https:\/\/www.europesays.com\/fr\/404621\/"},"modified":"2025-09-20T10:32:13","modified_gmt":"2025-09-20T10:32:13","slug":"voici-lavis-du-mangeur-masque-4","status":"publish","type":"post","link":"https:\/\/www.europesays.com\/fr\/404621\/","title":{"rendered":"voici l&rsquo;avis du Mangeur Masqu\u00e9"},"content":{"rendered":"<p>            Par<br \/>\n        <strong><br \/>\n            <a href=\"https:\/\/actu.fr\/auteur\/redaction-toulouse\" title=\"Consulter tous les articles de R\u00e9daction de Toulouse\" target=\"_blank\" rel=\"noopener\">R\u00e9daction de Toulouse<\/a><br \/>\n        <\/strong><\/p>\n<p>        Publi\u00e9 le<\/p>\n<p>            20 sept. 2025 \u00e0 10h08        <\/p>\n<p>Il aura fallu remonter une longue route, presque interminable, au milieu d\u2019une zone commerciale triste et sans avantage <a href=\"https:\/\/actu.fr\/toulouse\/\" target=\"_blank\" rel=\"noopener\">de Balma<\/a>. Traverser un parking, \u00e9gay\u00e9 par quelques street art dessin\u00e9s sur les murs (Oh ! La jolie baleine). Et me voici \u00e0 <strong>La Grainerie<\/strong>, un p\u00f4le cr\u00e9atif et sans cesse en mouvement d\u00e9di\u00e9 aux arts du cirque. Une fiert\u00e9 culturelle locale, qui peut aussi se targuer d\u2019avoir dans ses locaux une cantine du midi atypique, ouverte \u00e0 tout le monde en semaine. Son nom ? <strong>Les Cornichons<\/strong>.<\/p>\n<p>\u00c7a jongle entre les tables !<br \/>\n    <img   decoding=\"async\" loading=\"lazy\" class=\"size-large\" src=\"https:\/\/www.europesays.com\/fr\/wp-content\/uploads\/2025\/09\/9089285fe7c86a489285fe7c888892v-960x640.jpg\" alt=\"Laissez-moi vous pr\u00e9senter la \u00ab mascotte \u00bb du restaurant\" width=\"960\" height=\"640\"\/><br \/>\n    Laissez-moi vous pr\u00e9senter la \u00ab mascotte \u00bb du restaurant \u00a9L.M.M.<\/p>\n<p class=\" wall-content\">Le pas \u00e9tait d\u2019abord h\u00e9sitant. Il faut dire que le lieu en impose. Une grande b\u00e2tisse industrielle avec des plafonds de m\u00e9tal hauts comme l\u2019Everest. \u00c0 gauche de l\u2019entr\u00e9e, dans un rez-de-chauss\u00e9e silencieux, une grande salle habill\u00e9e de tables, et un comptoir qui s\u2019\u00e9tire sur lequel tr\u00f4ne fi\u00e8rement <strong>un bocal rempli de\u2026 cornichons<\/strong>. Pas de doute, je suis au bon endroit.<\/p>\n<p class=\" wall-content\">Devant moi, \u00e7a s\u2019agite. Avec une gentillesse jamais feinte et un sourire qui ne la quittera pas, la serveuse orchestre ce temps pr\u00e9cieux du d\u00e9jeuner avec <strong>un vrai sens de l\u2019\u00e9quilibre<\/strong>. Installation rapide des clients, toujours le mot pour rire, jonglant d\u2019une table \u00e0 l\u2019autre, avant <strong>une annonce fatale<\/strong> quand vient le moment de prendre ma commande : plus de curry de poulet ce midi. Comment survivre ? S\u2019adapter, c\u2019est la cl\u00e9.<\/p>\n<p>Une entr\u00e9e tr\u00e8s en forme !<\/p>\n<p class=\" wall-content\">Alors va pour un d\u00e9jeuner tout v\u00e9g\u00e9 apr\u00e8s avoir observ\u00e9 les propositions inscrites sur l\u2019ardoise (comptez 23\u20ac le menu complet, renouvel\u00e9 chaque mercredi).<\/p>\n<p class=\" wall-content\">L\u2019entr\u00e9e ? Tr\u00e8s en forme. Tatin d\u2019aubergine, ricotta et exquise soubise (une sauce onctueuse \u00e0 base d\u2019oignons) pour lier parfaitement le tout. Plat \u00a0\u00bb pyramidal \u00a0\u00bb plus quelconque, qui empile du v\u00e9g\u00e9tal et s\u2019essoufflera assez vite (m\u00e9li-m\u00e9lo de pommes de terre, poivrons, carottes, ma\u00efs).<\/p>\n<p>Votre r\u00e9gion, votre actu !<\/p>\n<p>Recevez chaque jour les infos qui comptent pour vous.<\/p>\n<p>\t<a href=\"https:\/\/actu.fr\/newsletter\" class=\"ac-btn ac-btn--corner ac-btn--medium ac-btn--blue800\" target=\"_blank\" rel=\"noopener\">S&rsquo;incrire<\/a><\/p>\n<p>    <img   decoding=\"async\" loading=\"lazy\" src=\"https:\/\/www.europesays.com\/fr\/wp-content\/uploads\/2025\/09\/ab97285fe7c869f97285fe7c853a72v-960x640.jpg\" alt=\"Joli travail sur l'aubergine, soudain devenue tatin.\" width=\"960\" height=\"640\"\/><br \/>\n    Joli travail sur l\u2019aubergine, soudain devenue tatin. (\u00a9L.M.M.)Des inspirations m\u00e9diterran\u00e9ennes en cuisine<\/p>\n<p class=\" wall-content\">Arrive le dessert. Un flan <strong>libanais figue\/eau de rose<\/strong> et crumble \u00e0 l\u2019amande. La gourmandise est totale, la petite assiette creuse presque trop abondante. Quoi ? Serais-je en train de me \u00a0\u00bb plaindre \u00a0\u00bb d\u2019un trop plein de g\u00e9n\u00e9rosit\u00e9 ?<\/p>\n<p class=\" wall-content\">Il faut que je me ressaisisse. C\u2019est sans doute le manque d\u2019habitude. Ou plut\u00f4t les mauvaises habitudes prises \u00e0 force de d\u00e9masquer ces tables toulousaines o\u00f9 l\u2019on ressort la faim au ventre. Habile pirouette. Mais c\u2019est bien la sp\u00e9cialit\u00e9 de la Grainerie, non ?<\/p>\n<p class=\" wall-content\"><a href=\"https:\/\/www.instagram.com\/le_mangeur_masque\/?hl=fr\" target=\"_blank\" rel=\"noopener\"><b>LE MANGEUR MASQU\u00c9<\/b><\/a><\/p>\n<p>Les Cornichons, 61 rue Saint-Jean, Balma<\/p>\n<p class=\" wall-content\">Personnalisez votre actualit\u00e9 en ajoutant vos villes et m\u00e9dias en favori avec <a href=\"https:\/\/moncompte.actu.fr\" title=\"D\u00e9couvez Mon Actu\" rel=\"nofollow noopener\" data-trk=\"{&quot;cta&quot;:{&quot;action&quot;:&quot;https:\\\/\\\/moncompte.actu.fr&quot;,&quot;category&quot;:&quot;mon compte&quot;,&quot;from&quot;:&quot;article footer&quot;,&quot;name&quot;:&quot;Mon actu&quot;,&quot;type&quot;:&quot;cta&quot;}}\" target=\"_blank\">Mon Actu<\/a>.<\/p>\n<p>                    <script async src=\"\/\/www.instagram.com\/embed.js\"><\/script><\/p>\n","protected":false},"excerpt":{"rendered":"Par R\u00e9daction de Toulouse Publi\u00e9 le 20 sept. 2025 \u00e0 10h08 Il aura fallu remonter une longue route,&hellip;\n","protected":false},"author":2,"featured_media":404622,"comment_status":"","ping_status":"","sticky":false,"template":"","format":"standard","meta":{"footnotes":""},"categories":[2816],"tags":[1111,11,1777,674,1011,27,1652,12,2680,25,2850,1341,2312],"class_list":{"0":"post-404621","1":"post","2":"type-post","3":"status-publish","4":"format-standard","5":"has-post-thumbnail","7":"category-toulouse","8":"tag-actu","9":"tag-actualites","10":"tag-eu","11":"tag-europe","12":"tag-fr","13":"tag-france","14":"tag-loisirs-culture","15":"tag-news","16":"tag-occitanie","17":"tag-republique-francaise","18":"tag-restaurants-de-toulouse","19":"tag-sortir-a-toulouse","20":"tag-toulouse"},"share_on_mastodon":{"url":"https:\/\/pubeurope.com\/@fr\/115236172333497319","error":""},"_links":{"self":[{"href":"https:\/\/www.europesays.com\/fr\/wp-json\/wp\/v2\/posts\/404621","targetHints":{"allow":["GET"]}}],"collection":[{"href":"https:\/\/www.europesays.com\/fr\/wp-json\/wp\/v2\/posts"}],"about":[{"href":"https:\/\/www.europesays.com\/fr\/wp-json\/wp\/v2\/types\/post"}],"author":[{"embeddable":true,"href":"https:\/\/www.europesays.com\/fr\/wp-json\/wp\/v2\/users\/2"}],"replies":[{"embeddable":true,"href":"https:\/\/www.europesays.com\/fr\/wp-json\/wp\/v2\/comments?post=404621"}],"version-history":[{"count":0,"href":"https:\/\/www.europesays.com\/fr\/wp-json\/wp\/v2\/posts\/404621\/revisions"}],"wp:featuredmedia":[{"embeddable":true,"href":"https:\/\/www.europesays.com\/fr\/wp-json\/wp\/v2\/media\/404622"}],"wp:attachment":[{"href":"https:\/\/www.europesays.com\/fr\/wp-json\/wp\/v2\/media?parent=404621"}],"wp:term":[{"taxonomy":"category","embeddable":true,"href":"https:\/\/www.europesays.com\/fr\/wp-json\/wp\/v2\/categories?post=404621"},{"taxonomy":"post_tag","embeddable":true,"href":"https:\/\/www.europesays.com\/fr\/wp-json\/wp\/v2\/tags?post=404621"}],"curies":[{"name":"wp","href":"https:\/\/api.w.org\/{rel}","templated":true}]}}