{"id":404625,"date":"2025-09-20T10:34:15","date_gmt":"2025-09-20T10:34:15","guid":{"rendered":"https:\/\/www.europesays.com\/fr\/404625\/"},"modified":"2025-09-20T10:34:15","modified_gmt":"2025-09-20T10:34:15","slug":"lens-lille-les-compositions-probables","status":"publish","type":"post","link":"https:\/\/www.europesays.com\/fr\/404625\/","title":{"rendered":"Lens-Lille : Les compositions probables"},"content":{"rendered":"<p style=\"text-align: justify;\" align=\"justify\"><strong>LIGUE 1 2025-2026 \u2013 Selon L\u2019\u00c9quipe, voici les compositions probables du match entre Lens et Lille pr\u00e9vu ce samedi.<\/strong><\/p>\n<p style=\"text-align: justify;\" align=\"justify\"><strong>Lens<\/strong>, neuvi\u00e8me de <strong>Ligue<\/strong> <strong>1<\/strong>, re\u00e7oit <strong>Lille<\/strong>, troisi\u00e8me, pour un derby qui s\u2019annonce comme chaque ann\u00e9e bouillant. Les Lensois restent sur une d\u00e9faite face au <strong>Paris<\/strong> <strong>Saint-Germain<\/strong> sur le score de 2 \u00e0 0 alors que les Lillois sont venus \u00e0 bout de Toulouse en toute fin de rencontre.<\/p>\n<p>Du classique des deux c\u00f4t\u00e9s<\/p>\n<p style=\"text-align: justify;\">M\u00eame s\u2019il y a eu la d\u00e9faite au <strong>Parc<\/strong> <strong>des<\/strong> <strong>Princes<\/strong>, <strong>Pierre<\/strong> <strong>Sage<\/strong> a \u00e9t\u00e9 globalement satisfait de la performance de son \u00e9quipe et devrait aligner une \u00e9quipe tr\u00e8s similaire. <strong>Morgan<\/strong> <strong>Guilavogui<\/strong>, titulaire face au <strong>PSG<\/strong> la semaine derni\u00e8re, devrait \u00eatre sur le banc alors que <strong>Wesley<\/strong> <strong>Sa\u00efd<\/strong> pourrait \u00eatre titularis\u00e9 dans le onze de d\u00e9part.<\/p>\n<p style=\"text-align: justify;\">C\u00f4t\u00e9 LOSC, <strong>Bruno<\/strong> <strong>G\u00e9n\u00e9sio<\/strong> pourrait aligner presque la m\u00eame \u00e9quipe que lors de la victoire face \u00e0 Toulouse. <strong>Olivier<\/strong> <strong>Giroud<\/strong> devrait une nouvelle fois d\u00e9buter \u00e0 la pointe de l\u2019attaque alors que <strong>Chancel<\/strong> <strong>Mbemba<\/strong> va prendre la place <strong>d\u2019Alexsandro<\/strong>, bless\u00e9, en d\u00e9fense centrale. Au poste de num\u00e9ro 10, <strong>H\u00e1kon<\/strong> <strong>Arnar<\/strong> <strong>Haraldsson<\/strong> pourrait faire son retour dans le onze lillois.<\/p>\n<p>Les compositions probables de Lens-Lille<br \/>\nLa composition de Lens<\/p>\n<p style=\"text-align: justify;\">Risser \u2013 Gradit, Baidoo, Sarr \u2013 Aguilar, Sangar\u00e9, Thomasson, Udol \u2013 Thauvin, Edouard, Sa\u00efd<\/p>\n<p>La composition du Lille<\/p>\n<p style=\"text-align: justify;\">\u00d6zer \u2013 Mandi, Ngoy, Mbemba, Perraud \u2013 Andr\u00e9, Bouaddi \u2013 Fernandez-Pardo, Haraldsson, Correia \u2013 Giroud<\/p>\n<p>Les cotes de Lens \u2013 Lille<\/p>\n<tr style=\"height: 16px;\">\n<td style=\"background-color: #404040; border-color: #ededed; width: 840px; text-align: left;\" colspan=\"3\"><strong><img loading=\"lazy\" decoding=\"async\" class=\"alignnone wp-image-512842 perfmatters-lazy\" alt=\"\" width=\"14\" height=\"13\" src=\"https:\/\/www.europesays.com\/fr\/wp-content\/uploads\/2025\/05\/Logo-Winamax.png\"  data-\/> Samedi 20 septembre 21h00<\/strong><\/td>\n<\/tr>\n<tr style=\"height: 24px;\">\n<td style=\"background-color: #ffffff; border-color: #ededed; vertical-align: middle; text-align: center; width: 266px;\"><strong>Lens<br \/><\/strong><a href=\"https:\/\/www.winamax.fr\/paris-sportifs\/match\/61526046?banid=33423\" class=\"su-button su-button-style-flat su-button-wide\" style=\"color:#fff;background-color:#0860ff;border-color:#074dcc;border-radius:5px\" target=\"_blank\" rel=\"noopener noreferrer\"> 2.45<\/a><\/td>\n<td style=\"background-color: #ffffff; border-color: #ededed; vertical-align: middle; text-align: center; width: 266px;\"><strong>Match nul<\/strong><br \/><a href=\"https:\/\/www.winamax.fr\/paris-sportifs\/match\/61526046?banid=33423\" class=\"su-button su-button-style-flat su-button-wide\" style=\"color:#fff;background-color:#0860ff;border-color:#074dcc;border-radius:5px\" target=\"_blank\" rel=\"noopener noreferrer\"> 3.40<\/a><\/td>\n<td style=\"background-color: #ffffff; border-color: #ededed; vertical-align: middle; text-align: center; width: 266px;\"><strong>Lille<\/strong><br \/><a href=\"https:\/\/www.winamax.fr\/paris-sportifs\/match\/61526046?banid=33423\" class=\"su-button su-button-style-flat su-button-wide\" style=\"color:#fff;background-color:#0860ff;border-color:#074dcc;border-radius:5px\" target=\"_blank\" rel=\"noopener noreferrer\"> 2.70<\/a><\/td>\n<\/tr>\n<p style=\"text-align: justify;\">Tentez votre chance en profitant de votre <a href=\"https:\/\/www.winamax.fr\/registration\/landing\/affiliation_Bonus100?banid=33423\" target=\"_blank\" rel=\"noopener\">1er d\u00e9p\u00f4t doubl\u00e9 jusqu\u2019\u00e0 100 \u20ac<\/a> direct en paris gratuits sur Winamax !<\/p>\n","protected":false},"excerpt":{"rendered":"LIGUE 1 2025-2026 \u2013 Selon L\u2019\u00c9quipe, voici les compositions probables du match entre Lens et Lille pr\u00e9vu ce&hellip;\n","protected":false},"author":2,"featured_media":404626,"comment_status":"","ping_status":"","sticky":false,"template":"","format":"standard","meta":{"footnotes":""},"categories":[2815],"tags":[1111,11,2113,1777,674,63,1011,27,811,4253,1307,12,25],"class_list":{"0":"post-404625","1":"post","2":"type-post","3":"status-publish","4":"format-standard","5":"has-post-thumbnail","7":"category-lille","8":"tag-actu","9":"tag-actualites","10":"tag-breve","11":"tag-eu","12":"tag-europe","13":"tag-football","14":"tag-fr","15":"tag-france","16":"tag-hauts-de-france","17":"tag-lens","18":"tag-lille","19":"tag-news","20":"tag-republique-francaise"},"share_on_mastodon":{"url":"https:\/\/pubeurope.com\/@fr\/115236180592502935","error":""},"_links":{"self":[{"href":"https:\/\/www.europesays.com\/fr\/wp-json\/wp\/v2\/posts\/404625","targetHints":{"allow":["GET"]}}],"collection":[{"href":"https:\/\/www.europesays.com\/fr\/wp-json\/wp\/v2\/posts"}],"about":[{"href":"https:\/\/www.europesays.com\/fr\/wp-json\/wp\/v2\/types\/post"}],"author":[{"embeddable":true,"href":"https:\/\/www.europesays.com\/fr\/wp-json\/wp\/v2\/users\/2"}],"replies":[{"embeddable":true,"href":"https:\/\/www.europesays.com\/fr\/wp-json\/wp\/v2\/comments?post=404625"}],"version-history":[{"count":0,"href":"https:\/\/www.europesays.com\/fr\/wp-json\/wp\/v2\/posts\/404625\/revisions"}],"wp:featuredmedia":[{"embeddable":true,"href":"https:\/\/www.europesays.com\/fr\/wp-json\/wp\/v2\/media\/404626"}],"wp:attachment":[{"href":"https:\/\/www.europesays.com\/fr\/wp-json\/wp\/v2\/media?parent=404625"}],"wp:term":[{"taxonomy":"category","embeddable":true,"href":"https:\/\/www.europesays.com\/fr\/wp-json\/wp\/v2\/categories?post=404625"},{"taxonomy":"post_tag","embeddable":true,"href":"https:\/\/www.europesays.com\/fr\/wp-json\/wp\/v2\/tags?post=404625"}],"curies":[{"name":"wp","href":"https:\/\/api.w.org\/{rel}","templated":true}]}}