{"id":404634,"date":"2025-09-20T10:40:10","date_gmt":"2025-09-20T10:40:10","guid":{"rendered":"https:\/\/www.europesays.com\/fr\/404634\/"},"modified":"2025-09-20T10:40:10","modified_gmt":"2025-09-20T10:40:10","slug":"cette-ville-de-seine-et-marne-est-la-mieux-agencee-pour-faire-du-velo-en-ile-de-france","status":"publish","type":"post","link":"https:\/\/www.europesays.com\/fr\/404634\/","title":{"rendered":"Cette ville de Seine-et-Marne est la mieux agenc\u00e9e pour faire du v\u00e9lo en \u00cele-de-France"},"content":{"rendered":"<p>Depuis jeudi soir, on conna\u00eet le barom\u00e8tre des villes cyclables en France. Et selon <a href=\"https:\/\/www.leparisien.fr\/seine-et-marne-77\/on-peut-aller-partout-en-securite-comment-lieusaint-est-devenue-la-reine-des-villes-ou-faire-du-velo-en-ile-de-france-19-09-2025-VHKCJUDKMFDUNE27TGMCR625HI.php\" target=\"_blank\" class=\"c-link c-link--is-underlined\" rel=\"noopener\">Le Parisien<\/a>, Lieusaint (<a href=\"https:\/\/www.20minutes.fr\/societe\/seine-et-marne\/\" class=\"c-link c-link--is-underlined\" target=\"_blank\" rel=\"noopener\">Seine-et-Marne<\/a>), \u00e0 30 km de Paris, est la mieux class\u00e9e d\u2019\u00cele-de-France et la 4e de l\u2019Hexagone dans la cat\u00e9gorie des communes de banlieue.<\/p>\n<p>D\u2019apr\u00e8s ses habitants, cette commune poss\u00e8de un r\u00e9seau cyclable qui relie tous les parcs et toutes les \u00e9coles entre elles. De nombreux enfants peuvent aller \u00e0 l\u2019\u00e9cole \u00e0 v\u00e9lo ou en trottinette et les promenades \u00e0 bicyclette sont l\u00e9gion le <a href=\"https:\/\/www.20minutes.fr\/dossier\/week-end\" class=\"c-link c-link--is-underlined\" target=\"_blank\" rel=\"noopener\">week-end<\/a>.<\/p>\n<p>S\u00e9curis\u00e9es et vertes, ces liaisons douces attirent du monde<\/p>\n<p>Cette ville de 14.000 habitants regorge de pistes cyclables et voies vertes r\u00e9serv\u00e9es aux pi\u00e9tons et aux cyclistes, jusqu\u2019\u00e0 la gare RER, le parc d\u2019activit\u00e9s Parisud en passant par l\u2019IUT et l\u2019Universit\u00e9 Paris-Est Cr\u00e9teil (Upec). Au total, plus de 20 km de liaisons douces, ajout\u00e9es aux limitations de vitesse (30 voire 20 km\/h), rendent la vie des habitants plus paisible. Au milieu des champs, Lieusaint a pu am\u00e9nager de larges avenues depuis ses origines.<\/p>\n<p>Avec 2,2\u00a0millions d\u2019euros d\u2019investis, dont 50\u00a0% financ\u00e9s par la r\u00e9gion, la ville a su mettre les moyens pour assurer une transition sociale et \u00e9cologique. La pratique du <a href=\"https:\/\/www.20minutes.fr\/dossier\/velo\" class=\"c-link c-link--is-underlined\" target=\"_blank\" rel=\"noopener\">v\u00e9lo<\/a>, \u00e9conomique et \u00e9cologique, est en progression. Des garages \u00e0 v\u00e9lo (150.000 euros) ont \u00e9t\u00e9 install\u00e9s devant toutes les \u00e9coles et les enfants s\u2019entra\u00eenent \u00e0 lire les panneaux sur un parcours \u00e9ducatif (200.000 euros).<\/p>\n<\/p>\n<p>M\u00eame si les habitants des communes voisines viennent faire du v\u00e9lo en famille dans la commune, pour l\u2019heure la voiture est toujours privil\u00e9gi\u00e9e pour se rendre au travail (0,9\u00a0% des habitants, contre 58,5\u00a0% en voiture en\u00a02022). Reste \u00e0 savoir si ces initiatives feront \u00e9voluer les habitudes en ce qui concerne le moyen de transport des citoyens au quotidien.<\/p>\n","protected":false},"excerpt":{"rendered":"Depuis jeudi soir, on conna\u00eet le barom\u00e8tre des villes cyclables en France. Et selon Le Parisien, Lieusaint (Seine-et-Marne),&hellip;\n","protected":false},"author":2,"featured_media":404635,"comment_status":"","ping_status":"","sticky":false,"template":"","format":"standard","meta":{"footnotes":""},"categories":[1592],"tags":[1111,47,11,1777,674,118,1011,27,662,12,626,25,5009,1937,208],"class_list":{"0":"post-404634","1":"post","2":"type-post","3":"status-publish","4":"format-standard","5":"has-post-thumbnail","7":"category-ile-de-france","8":"tag-actu","9":"tag-actualite","10":"tag-actualites","11":"tag-eu","12":"tag-europe","13":"tag-faits-divers","14":"tag-fr","15":"tag-france","16":"tag-ile-de-france","17":"tag-news","18":"tag-paris","19":"tag-republique-francaise","20":"tag-securite-routiere","21":"tag-seine-et-marne","22":"tag-velo"},"share_on_mastodon":{"url":"https:\/\/pubeurope.com\/@fr\/115236203600715176","error":""},"_links":{"self":[{"href":"https:\/\/www.europesays.com\/fr\/wp-json\/wp\/v2\/posts\/404634","targetHints":{"allow":["GET"]}}],"collection":[{"href":"https:\/\/www.europesays.com\/fr\/wp-json\/wp\/v2\/posts"}],"about":[{"href":"https:\/\/www.europesays.com\/fr\/wp-json\/wp\/v2\/types\/post"}],"author":[{"embeddable":true,"href":"https:\/\/www.europesays.com\/fr\/wp-json\/wp\/v2\/users\/2"}],"replies":[{"embeddable":true,"href":"https:\/\/www.europesays.com\/fr\/wp-json\/wp\/v2\/comments?post=404634"}],"version-history":[{"count":0,"href":"https:\/\/www.europesays.com\/fr\/wp-json\/wp\/v2\/posts\/404634\/revisions"}],"wp:featuredmedia":[{"embeddable":true,"href":"https:\/\/www.europesays.com\/fr\/wp-json\/wp\/v2\/media\/404635"}],"wp:attachment":[{"href":"https:\/\/www.europesays.com\/fr\/wp-json\/wp\/v2\/media?parent=404634"}],"wp:term":[{"taxonomy":"category","embeddable":true,"href":"https:\/\/www.europesays.com\/fr\/wp-json\/wp\/v2\/categories?post=404634"},{"taxonomy":"post_tag","embeddable":true,"href":"https:\/\/www.europesays.com\/fr\/wp-json\/wp\/v2\/tags?post=404634"}],"curies":[{"name":"wp","href":"https:\/\/api.w.org\/{rel}","templated":true}]}}