{"id":404638,"date":"2025-09-20T10:42:11","date_gmt":"2025-09-20T10:42:11","guid":{"rendered":"https:\/\/www.europesays.com\/fr\/404638\/"},"modified":"2025-09-20T10:42:11","modified_gmt":"2025-09-20T10:42:11","slug":"est-ce-que-jai-un-fiance-oui-il-a-37-ans-valerie-lemercier-se-confie-sans-filtre-au-papotin","status":"publish","type":"post","link":"https:\/\/www.europesays.com\/fr\/404638\/","title":{"rendered":"\u00ab\u00a0Est-ce que j\u2019ai un fianc\u00e9\u00a0? Oui, il a 37\u00a0ans\u00a0\u00bb\u00a0: Val\u00e9rie Lemercier se confie sans filtre au \u00ab\u00a0Papotin\u00a0\u00bb"},"content":{"rendered":"<p class=\"paragraph text_align_left lp-f-body-02\">L\u2019interview commence tr\u00e8s fort. \u00ab Est-ce que tu as un mari ? \u00bb, demande Berivan, l\u2019une des journalistes porteurs d\u2019un trouble du spectre autistique des <a href=\"https:\/\/www.leparisien.fr\/culture-loisirs\/tv\/je-peux-toucher-ta-barbe-avec-les-rencontres-du-papotin-france-2-reinvente-linterview-tele-03-09-2022-7JUDJJRSYFABXJXAIJ4E7DYWVE.php\" target=\"_blank\" rel=\"noreferrer nofollow noopener\">\u00ab Rencontres du Papotin \u00bb<\/a>. D\u2019ordinaire si discr\u00e8te sur sa vie priv\u00e9e, <a href=\"https:\/\/www.leparisien.fr\/culture-loisirs\/tv\/valerie-lemercier-je-jouerai-celine-dion-de-8-a-50-ans-09-12-2017-7442202.php\" target=\"_blank\" rel=\"noreferrer nofollow noopener\">Val\u00e9rie Lemercier <\/a>ne se d\u00e9monte pas. \u00ab Est-ce que j\u2019ai un fianc\u00e9 ? Oui \u00bb. \u00ab C\u2019est qui ? \u00bb, la relance Berivan, la premi\u00e8re \u00e0 prendre le micro pour ce nouveau num\u00e9ro du programme diffus\u00e9 ce samedi \u00e0 20h30 sur France 2 et d\u00e9j\u00e0 disponible sur france.tv.<\/p>\n<p class=\"paragraph text_align_left lp-f-body-02\">\u00ab Ben, c\u2019est un gar\u00e7on. Voil\u00e0. \u00bb L\u2019actrice et humoriste, qui remontra sur sc\u00e8ne avec son nouveau one-woman-show au th\u00e9\u00e2tre Marigny le 15 septembre, poursuit : \u00ab Il a 37 ans (\u2026) On fait tr\u00e8s bien la pur\u00e9e \u00e0 deux. Souvent, c\u2019est lui qui fait le repas \u00bb. Elle acquiesce quand Berivan, qui lui a aussi demand\u00e9 son \u00e2ge \u00e0 elle, l\u00e2che que 61 ans, c\u2019est \u00ab un peu vieux \u00bb : \u00ab Tu as raison ! \u00bb.<\/p>\n<p class=\"paragraph text_align_left lp-f-body-02\">Apr\u00e8s cette entr\u00e9e en mati\u00e8re tr\u00e8s cash, Val\u00e9rie Lemercier est interrog\u00e9e sur son enfance. \u00ab Est-ce que vous vous sentez plus libre \u00e0 Paris qu\u2019\u00e0 la campagne ? \u00bb, s\u2019int\u00e9resse Rapha\u00ebl. \u00ab Oui \u00bb, assure celle qui a grandi dans une ferme en Normandie. Et qui confie pr\u00e9f\u00e9rer le \u00ab truc plus anonyme \u00bb qu\u2019il y a dans une grande ville. Est-ce que ses parents lui ont \u00ab mis la pression \u00bb pour l\u2019\u00e9cole ? \u00ab Non. Ma m\u00e8re m\u2019a achet\u00e9 un livre Quoi faire sans le bac ? \u00bb<\/p>\n<p class=\"paragraph text_align_left lp-f-body-02\">L\u2019humoriste se confie ensuite sur les rituels qui l\u2019aident \u00e0 lutter contre le trac avant ses spectacles. \u00ab Je rentre par la gauche. J\u2019\u00e9cris sous mon pied Bonne chance. Je me mets du parfum dans les oreilles. (\u2026) J\u2019\u00e9coute une chanson de Moustaki \u00bb. Plus tard, elle d\u00e9taille ses habitudes domestiques. Elle dort \u00ab sur le dos et toujours avec une main en l\u2019air et parfois la deuxi\u00e8me \u00bb. \u00ab En ce moment \u00bb, elle dort \u00ab toute nue \u00bb, mais l\u2019hiver, elle porte \u00ab un pyjama \u00bb et \u00ab m\u00eame des chaussettes \u00bb. Elle aime le chocolat, \u00ab surtout avec du pralin\u00e9 \u00e0 l\u2019int\u00e9rieur \u00bb.<\/p>\n<p>\u00ab Je me sens parfois en d\u00e9calage avec la vie \u00bb<\/p>\n<p class=\"paragraph text_align_left lp-f-body-02\">\u00ab Est-ce qu\u2019aujourd\u2019hui tu te sens bizarre ? \u00bb, veut savoir Marvin, lunettes et casquette blanche. \u00ab Oui. Je me sens parfois en d\u00e9calage avec la vie, mais \u00e7a me va \u00bb. Val\u00e9rie Lemercier \u00e9voque aussi Carole, sa chatte grise, son go\u00fbt pour le pop-corn sal\u00e9, le collier qu\u2019elle porte et qui s\u2019alourdit de breloques au fil du temps. Elle l\u00e2che que ses gros mots pr\u00e9f\u00e9r\u00e9s sont \u00ab sa m\u00e8re la p\u2026 \u00bb, \u00ab bordel \u00e0 cul \u00bb et \u00ab on ne va pas se faire chier la b\u2026 \u00bb.<\/p>\n<p class=\"paragraph text_align_left lp-f-body-02\">L\u2019\u00e9change redevient parfois plus intime. Comme quand Lemercier aborde la d\u00e9pression qui, \u00e0 23 ans, l\u2019a conduite<a href=\"https:\/\/www.leparisien.fr\/culture-loisirs\/cinema\/ca-ma-sauve-la-vie-valerie-lemercier-evoque-son-passage-en-hopital-psychiatrique-07-04-2025-43LMHB5YHRC43FKODYYZCKRYGU.php\" target=\"_blank\" rel=\"noreferrer nofollow noopener\"> \u00e0 se pr\u00e9senter \u00e0 l\u2019h\u00f4pital Sainte-Anne avec sa valise. <\/a>\u00ab \u00c7a m\u2019est arriv\u00e9 dans ma vie trois-quatre fois, mais on s\u2019en sort \u00bb, commente-t-elle. Ou quand Gaspard s\u2019\u00e9tonne : \u00ab Pourquoi vous n\u2019avez ni de fils ni de fille ? Je trouve \u00e7a quand m\u00eame un peu bizarre \u00bb. \u00ab Je n\u2019ai pas pu en avoir donc c\u2019est comme \u00e7a. Je n\u2019ai pas eu cette chance \u00bb, affirme l\u2019actrice, qui pr\u00e9cise qu\u2019elle a \u00ab plein d\u2019enfants autour (d\u2019elle) \u00bb.<\/p>\n<p class=\"paragraph text_align_left lp-f-body-02\">Au milieu de toutes ces confidences, Val\u00e9rie Lemercier rel\u00e8ve le d\u00e9fi d\u2019une \u00ab battle \u00bb avec Claire sur \u00ab Je sais pas \u00bb de <a href=\"https:\/\/www.leparisien.fr\/culture-loisirs\/musique\/celine-dion\/\" target=\"_blank\" rel=\"noreferrer nofollow noopener\">C\u00e9line Dion<\/a> qui lui a inspir\u00e9 le film \u00ab Aline \u00bb diffus\u00e9 ce dimanche soir sur TF 1. Elle danse avec Louison sur \u00ab La M\u00eame \u00bb de Gims. Et \u00e9coute Gaspard chanter \u00ab Ordinaire \u00bb de <a href=\"https:\/\/www.leparisien.fr\/culture-loisirs\/musique\/elle-fait-tout-comme-moi-taylor-swift-a-bobino-robert-charlebois-envoie-du-bois-08-06-2024-CPQ5GBLIK5F5PM2GE3WCBIONGY.php\" target=\"_blank\" rel=\"noreferrer nofollow noopener\">Robert Charlebois<\/a>. \u00ab Je me suis sentie bien, chez moi \u00bb, conclut l\u2019artiste \u00e0 la fin de l\u2019\u00e9mission. Chez elle, m\u00eame sans pyjama.<\/p>\n","protected":false},"excerpt":{"rendered":"L\u2019interview commence tr\u00e8s fort. \u00ab Est-ce que tu as un mari ? \u00bb, demande Berivan, l\u2019une des journalistes&hellip;\n","protected":false},"author":2,"featured_media":404639,"comment_status":"","ping_status":"","sticky":false,"template":"","format":"standard","meta":{"footnotes":""},"categories":[1888],"tags":[1111,1928,11,1927,872,1777,674,1011,27,12,1926,626,1925,25,2205],"class_list":{"0":"post-404638","1":"post","2":"type-post","3":"status-publish","4":"format-standard","5":"has-post-thumbnail","7":"category-paris","8":"tag-actu","9":"tag-actu-paris","10":"tag-actualites","11":"tag-actualites-paris","12":"tag-culture-et-loisirs","13":"tag-eu","14":"tag-europe","15":"tag-fr","16":"tag-france","17":"tag-news","18":"tag-news-paris","19":"tag-paris","20":"tag-paris-news","21":"tag-republique-francaise","22":"tag-television-medias"},"share_on_mastodon":{"url":"https:\/\/pubeurope.com\/@fr\/115236211513612524","error":""},"_links":{"self":[{"href":"https:\/\/www.europesays.com\/fr\/wp-json\/wp\/v2\/posts\/404638","targetHints":{"allow":["GET"]}}],"collection":[{"href":"https:\/\/www.europesays.com\/fr\/wp-json\/wp\/v2\/posts"}],"about":[{"href":"https:\/\/www.europesays.com\/fr\/wp-json\/wp\/v2\/types\/post"}],"author":[{"embeddable":true,"href":"https:\/\/www.europesays.com\/fr\/wp-json\/wp\/v2\/users\/2"}],"replies":[{"embeddable":true,"href":"https:\/\/www.europesays.com\/fr\/wp-json\/wp\/v2\/comments?post=404638"}],"version-history":[{"count":0,"href":"https:\/\/www.europesays.com\/fr\/wp-json\/wp\/v2\/posts\/404638\/revisions"}],"wp:featuredmedia":[{"embeddable":true,"href":"https:\/\/www.europesays.com\/fr\/wp-json\/wp\/v2\/media\/404639"}],"wp:attachment":[{"href":"https:\/\/www.europesays.com\/fr\/wp-json\/wp\/v2\/media?parent=404638"}],"wp:term":[{"taxonomy":"category","embeddable":true,"href":"https:\/\/www.europesays.com\/fr\/wp-json\/wp\/v2\/categories?post=404638"},{"taxonomy":"post_tag","embeddable":true,"href":"https:\/\/www.europesays.com\/fr\/wp-json\/wp\/v2\/tags?post=404638"}],"curies":[{"name":"wp","href":"https:\/\/api.w.org\/{rel}","templated":true}]}}