{"id":404646,"date":"2025-09-20T10:46:11","date_gmt":"2025-09-20T10:46:11","guid":{"rendered":"https:\/\/www.europesays.com\/fr\/404646\/"},"modified":"2025-09-20T10:46:11","modified_gmt":"2025-09-20T10:46:11","slug":"dans-politzek-les-voix-qui-defient-le-kremlin-ekaterina-mamontova-plonge-dans-la-nuit-sans-fin-des-opposants-russes-liberation","status":"publish","type":"post","link":"https:\/\/www.europesays.com\/fr\/404646\/","title":{"rendered":"Dans \u00abPolitzek, les voix qui d\u00e9fient le Kremlin\u00bb, Ekaterina Mamontova plonge dans la nuit sans fin des opposants russes \u2013 Lib\u00e9ration"},"content":{"rendered":"<p class=\"sc-cPiKLX AiZTS text-element\">Elle a pris un aller simple avec un visa de touriste il y a trois semaines. Sans savoir si et quand elle pourra retourner en Russie, la r\u00e9alisatrice Ekaterina Mamontova, 33 ans, sillonne Paris \u00e0 pied, profitant de l\u2019\u00e9t\u00e9 indien, \u00e0 la recherche d\u2019un \u00abcaf\u00e9 buvable, pas ce p\u00e9trole servi partout\u00bb. Pos\u00e9e dans un coffee shop du XIe arrondissement, qui ressemble dr\u00f4lement aux caf\u00e9s hipster de son Moscou natal, la jeune femme, v\u00eatements baggys, sans maquillage, un symbole f\u00e9minin suspendu \u00e0 l\u2019oreille gauche, raconte avec franchise comment elle en est arriv\u00e9e l\u00e0. <\/p>\n<p class=\"sc-cPiKLX AiZTS text-element\">Quand la guerre \u00e9clate, en f\u00e9vrier 2022, la dipl\u00f4m\u00e9e des \u00e9coles de cin\u00e9ma VGIK et de photographie Rodchenko, qui vient de commencer des cours de documentariste, est \u00e0 la recherche d\u2019id\u00e9es de films. \u00abTout d\u2019un coup, tous les autres sujets passent au second plan, de toute \u00e9vidence on ne peut travailler plus que sur \u00e7a : la guerre, la souffrance qu\u2019elle apporte, la protestation, les gens qui sont contre\u00bb, se souvient-elle. <\/p>\n<p class=\"sc-cPiKLX AiZTS text-element\">N\u00e9e le 5 d\u00e9cembre 1991, \u00abvingt jours avant la chute de l\u2019URSS\u00bb, Ekaterina est l\u2019incarnation parfaite de cette g\u00e9n\u00e9ration, les \u00abpost-sovieticus\u00bb dont on attendait tant qu\u2019ils grandissent et prennent les r\u00eanes du pays afin de l\u2019arracher d\u00e9finitivement \u00e0 son lourd pass\u00e9 communiste. Ses parents, aujourd\u2019hui retrait\u00e9s, \u00e9taient com\u00e9diens dans un th\u00e9\u00e2tre frondeur, antisovi\u00e9tique. \u00abIls n\u2019\u00e9taient pas des dissidents, mais les dissidents fr\u00e9quentaient leur th\u00e9\u00e2tre\u00bb, pr\u00e9cise-t-elle. Pour les Mamo <\/p>\n","protected":false},"excerpt":{"rendered":"Elle a pris un aller simple avec un visa de touriste il y a trois semaines. Sans savoir&hellip;\n","protected":false},"author":2,"featured_media":404647,"comment_status":"","ping_status":"","sticky":false,"template":"","format":"standard","meta":{"footnotes":""},"categories":[1591],"tags":[11,1887,12,1885,1886,132,220,297],"class_list":{"0":"post-404646","1":"post","2":"type-post","3":"status-publish","4":"format-standard","5":"has-post-thumbnail","7":"category-russie","8":"tag-actualites","9":"tag-federation-de-russie","10":"tag-news","11":"tag-russia","12":"tag-russian-federation","13":"tag-russie","14":"tag-ukraine","15":"tag-ukraine-la-crise"},"share_on_mastodon":{"url":"https:\/\/pubeurope.com\/@fr\/115236227241037555","error":""},"_links":{"self":[{"href":"https:\/\/www.europesays.com\/fr\/wp-json\/wp\/v2\/posts\/404646","targetHints":{"allow":["GET"]}}],"collection":[{"href":"https:\/\/www.europesays.com\/fr\/wp-json\/wp\/v2\/posts"}],"about":[{"href":"https:\/\/www.europesays.com\/fr\/wp-json\/wp\/v2\/types\/post"}],"author":[{"embeddable":true,"href":"https:\/\/www.europesays.com\/fr\/wp-json\/wp\/v2\/users\/2"}],"replies":[{"embeddable":true,"href":"https:\/\/www.europesays.com\/fr\/wp-json\/wp\/v2\/comments?post=404646"}],"version-history":[{"count":0,"href":"https:\/\/www.europesays.com\/fr\/wp-json\/wp\/v2\/posts\/404646\/revisions"}],"wp:featuredmedia":[{"embeddable":true,"href":"https:\/\/www.europesays.com\/fr\/wp-json\/wp\/v2\/media\/404647"}],"wp:attachment":[{"href":"https:\/\/www.europesays.com\/fr\/wp-json\/wp\/v2\/media?parent=404646"}],"wp:term":[{"taxonomy":"category","embeddable":true,"href":"https:\/\/www.europesays.com\/fr\/wp-json\/wp\/v2\/categories?post=404646"},{"taxonomy":"post_tag","embeddable":true,"href":"https:\/\/www.europesays.com\/fr\/wp-json\/wp\/v2\/tags?post=404646"}],"curies":[{"name":"wp","href":"https:\/\/api.w.org\/{rel}","templated":true}]}}