{"id":404662,"date":"2025-09-20T10:54:14","date_gmt":"2025-09-20T10:54:14","guid":{"rendered":"https:\/\/www.europesays.com\/fr\/404662\/"},"modified":"2025-09-20T10:54:14","modified_gmt":"2025-09-20T10:54:14","slug":"voici-ou-elles-pourraient-frapper","status":"publish","type":"post","link":"https:\/\/www.europesays.com\/fr\/404662\/","title":{"rendered":"voici o\u00f9 elles pourraient frapper"},"content":{"rendered":"<p>            Par<br \/>\n        <strong><br \/>\n            <a href=\"https:\/\/actu.fr\/auteur\/timotheelangevin\" title=\"Consulter tous les articles de Timoth\u00e9e L&#039;Angevin\" target=\"_blank\" rel=\"noopener\">Timoth\u00e9e L&rsquo;Angevin<\/a><br \/>\n        <\/strong><\/p>\n<p>        Publi\u00e9 le<\/p>\n<p>            20 sept. 2025 \u00e0 10h59        <\/p>\n<p>Le <a href=\"https:\/\/actu.fr\/meteo\/des-orages-particulierement-violents-a-craindre-partout-en-france-ce-week-end-voici-ce-qui-nous-attend_63172502.html\" target=\"_blank\" rel=\"noopener\">week-end s\u2019annonce tr\u00e8s perturb\u00e9,<\/a> partout en France. D\u00e8s ce samedi 20 septembre,<a href=\"https:\/\/actu.fr\/meteo\/un-cocktail-explosif-orages-violents-vigilance-orange-samedi-dizaines-departements-meteo-france_63185016.html\" target=\"_blank\" rel=\"noopener\"><strong> les orages<\/strong> ont p\u00e9n\u00e9tr\u00e9 le pays par la Bretagne<\/a>, qui a \u00e9t\u00e9 touch\u00e9e par une forte activit\u00e9 \u00e9lectrique, avec des centaines d\u2019\u00e9clairs, et des pluies intenses. Mais ce n\u2019est pas <strong>l\u2019unique ph\u00e9nom\u00e8ne qui pourrait toucher l\u2019Hexagone.<\/strong><\/p>\n<p class=\" wall-content\">Selon le site <a href=\"https:\/\/www.keraunos.org\/previsions\/prevision-orage-tornade-france-convective-outlook.html\" target=\"_blank\" rel=\"noopener\">Keraunos<\/a>, sp\u00e9cialis\u00e9 dans les orages,<strong> il existe un risque de tornade dans la partie nord du pays,<\/strong> de la r\u00e9gion Centre-Val-de-Loire aux fronti\u00e8res belges, en passant par l\u2019\u00cele-de-France et la Normandie.\u00a0<\/p>\n<p>Au sein des supercellules<\/p>\n<p class=\" wall-content\">En cause, des orages violents qui pourraient \u00e9clater en fin de journ\u00e9e du Centre aux Hauts-de-France et qui pourraient prendre la forme de supercellules avec risques de gr\u00eale, fortes pluies et vents violents. Comme l\u2019air sera tr\u00e8s humide et instable pr\u00e8s du sol, combin\u00e9 \u00e0 des vents tr\u00e8s changeants en direction et en vitesse, la situation sera propice \u00e0 la formation de tornades.\u00a0<\/p>\n<blockquote class=\"ac-article-quote wall-content\">\n<p>En deuxi\u00e8me partie d&rsquo;apr\u00e8s-midi, une r\u00e9activation des orages est attendue du Centre \u00e0 la Normandie puis jusqu&rsquo;aux Hauts-de-France et aux Ardennes en soir\u00e9e. Ces orages pourront \u00eatre localement forts, avec gr\u00eale, fortes pluies et activit\u00e9 \u00e9lectrique soutenue. Localement, de fortes rafales de vent seront possibles, avec des pointes entre 80 et 100 km\/h. Un ph\u00e9nom\u00e8ne tourbillonnaire sera possible \u00e9galement, avec un risque mod\u00e9r\u00e9 de tornade sur le nord de la zone.<\/p>\n<p>    <strong>Keraunos<\/strong>\n            <\/p><\/blockquote>\n<p class=\" wall-content\">Les probabilit\u00e9s de tornades (en bleu et vert) ce samedi en France, selon le mod\u00e8le SWISS (carte issue de <a href=\"http:\/\/meteologix.com\" target=\"_blank\" rel=\"noopener\">Meteologix<\/a>) :\u00a0<\/p>\n<p class=\" wall-content\"><img decoding=\"async\" loading=\"lazy\" class=\"alignnone size-medium_large\" src=\"https:\/\/www.europesays.com\/fr\/wp-content\/uploads\/2025\/09\/animiertes-gif-von-online-umwandeln-de-2-1.gif\" width=\"760\" height=\"760\"\/><\/p>\n<p><img decoding=\"async\" src=\"https:\/\/www.europesays.com\/fr\/wp-content\/uploads\/2025\/09\/tornades-france-meteo-france-vigilance-orages-violents-960x640-1-640x427.jpeg\" alt=\"\" width=\"640\" height=\"427\" loading=\"lazy\"\/>C&rsquo;est quoi une tornade<\/p>\n<p>Une tornade est un tourbillon de vents violents se d\u00e9veloppant sous un cumulonimbus et se prolongeant jusqu&rsquo;\u00e0 terre. Les tornades partent de la base des nuages. Elle se cr\u00e9e lorsque la temp\u00e9rature d\u00e9cro\u00eet rapidement avec l&rsquo;altitude, et en pr\u00e9sence d&rsquo;une importante variation du vent avec l&rsquo;altitude (ph\u00e9nom\u00e8ne appel\u00e9 cisaillement de vent). La tornade est rendue visible par les gouttelettes de condensation qui y naissent, formant une excroissance du nuage en forme d&rsquo;entonnoir.<\/p>\n<p>\u00ab\u00a0Risque localis\u00e9\u00a0\u00bb<\/p>\n<p class=\" wall-content\">Contact\u00e9 par actu.fr, Yann Amice, m\u00e9t\u00e9orologue et fondateur du site <a href=\"https:\/\/www.weathernco.com\/\" target=\"_blank\" rel=\"noopener\">Weathernco<\/a>, pr\u00e9cise que cet indice, \u00ab\u00a0coupl\u00e9 aux zones de fortes pr\u00e9cipitations, peut permettre d\u2019isoler un risque potentiel\u00a0\u00bb.<\/p>\n<p>Votre r\u00e9gion, votre actu !<\/p>\n<p>Recevez chaque jour les infos qui comptent pour vous.<\/p>\n<p>\t<a href=\"https:\/\/actu.fr\/newsletter\" class=\"ac-btn ac-btn--corner ac-btn--medium ac-btn--blue800\" target=\"_blank\" rel=\"noopener\">S&rsquo;incrire<\/a><\/p>\n<blockquote class=\"ac-article-quote wall-content\">\n<p>On a un faible risque tornadique potentiellement localis\u00e9 en r\u00e9gion Centre et sud de l&rsquo;\u00cele-de-France. Plus largement, le risque principal reste des rafales convectives (coups de vent violents et soudains g\u00e9n\u00e9r\u00e9s par des orages, NDLR) et fortes pluies. Mais un ph\u00e9nom\u00e8ne isol\u00e9 (type tornade br\u00e8ve) n\u2019est pas \u00e0 exclure, notamment du fait de la chaleur pr\u00e8s du sol.<\/p>\n<p>    <strong>Yann Amice<\/strong><br \/>\n        M\u00e9t\u00e9orologue    <\/p><\/blockquote>\n<p>    <img   decoding=\"async\" loading=\"lazy\" src=\"https:\/\/www.europesays.com\/fr\/wp-content\/uploads\/2025\/09\/whatsapp-image-2025-09-20-at-103355-960x640.jpeg\" alt=\"Les risques de tornades en France, ce samedi\" width=\"960\" height=\"640\"\/><br \/>\n    Les risques de tornades en France, ce samedi (\u00a9Weathernco via Meteologix)Un ph\u00e9nom\u00e8ne difficile \u00e0 pr\u00e9voir<\/p>\n<p class=\" wall-content\">Il faut toutefois prendre en consid\u00e9ration qu\u2019une tornade est tr\u00e8s difficilement pr\u00e9visible, du fait de la conjonction des facteurs et du cocktail tr\u00e8s particulier n\u00e9cessaire \u00e0 la formation de ces ph\u00e9nom\u00e8nes : atmosph\u00e8re instable, vents contraires, confrontations de masses d\u2019air\u2026\u00a0<\/p>\n<p class=\" wall-content\">Du fait de leur petite taille et de leur dur\u00e9e de vie tr\u00e8s limit\u00e9e, les tornades \u00e9chappent la plupart du temps aux r\u00e9seaux d\u2019observation. \u00ab\u00a0Mais il est raisonnable de consid\u00e9rer que se produisent en moyenne sur le sol fran\u00e7ais entre 40 et 50 tornades chaque ann\u00e9e\u00a0\u00bb, expliquait \u00e0 actu.fr Jean-Marc Pietrzak, directeur interr\u00e9gional Nord chez M\u00e9t\u00e9o France.<\/p>\n<p class=\" wall-content\">Personnalisez votre actualit\u00e9 en ajoutant vos villes et m\u00e9dias en favori avec <a href=\"https:\/\/moncompte.actu.fr\" title=\"D\u00e9couvez Mon Actu\" rel=\"nofollow noopener\" data-trk=\"{&quot;cta&quot;:{&quot;action&quot;:&quot;https:\\\/\\\/moncompte.actu.fr&quot;,&quot;category&quot;:&quot;mon compte&quot;,&quot;from&quot;:&quot;article footer&quot;,&quot;name&quot;:&quot;Mon actu&quot;,&quot;type&quot;:&quot;cta&quot;}}\" target=\"_blank\">Mon Actu<\/a>.<\/p>\n","protected":false},"excerpt":{"rendered":"Par Timoth\u00e9e L&rsquo;Angevin Publi\u00e9 le 20 sept. 2025 \u00e0 10h59 Le week-end s\u2019annonce tr\u00e8s perturb\u00e9, partout en France.&hellip;\n","protected":false},"author":2,"featured_media":404663,"comment_status":"","ping_status":"","sticky":false,"template":"","format":"standard","meta":{"footnotes":""},"categories":[2],"tags":[11,1011,27,2487,2357,12,4594,25],"class_list":{"0":"post-404662","1":"post","2":"type-post","3":"status-publish","4":"format-standard","5":"has-post-thumbnail","7":"category-actualites","8":"tag-actualites","9":"tag-fr","10":"tag-france","11":"tag-meteo","12":"tag-meteo-france","13":"tag-news","14":"tag-orages","15":"tag-republique-francaise"},"share_on_mastodon":{"url":"https:\/\/pubeurope.com\/@fr\/115236258932661517","error":""},"_links":{"self":[{"href":"https:\/\/www.europesays.com\/fr\/wp-json\/wp\/v2\/posts\/404662","targetHints":{"allow":["GET"]}}],"collection":[{"href":"https:\/\/www.europesays.com\/fr\/wp-json\/wp\/v2\/posts"}],"about":[{"href":"https:\/\/www.europesays.com\/fr\/wp-json\/wp\/v2\/types\/post"}],"author":[{"embeddable":true,"href":"https:\/\/www.europesays.com\/fr\/wp-json\/wp\/v2\/users\/2"}],"replies":[{"embeddable":true,"href":"https:\/\/www.europesays.com\/fr\/wp-json\/wp\/v2\/comments?post=404662"}],"version-history":[{"count":0,"href":"https:\/\/www.europesays.com\/fr\/wp-json\/wp\/v2\/posts\/404662\/revisions"}],"wp:featuredmedia":[{"embeddable":true,"href":"https:\/\/www.europesays.com\/fr\/wp-json\/wp\/v2\/media\/404663"}],"wp:attachment":[{"href":"https:\/\/www.europesays.com\/fr\/wp-json\/wp\/v2\/media?parent=404662"}],"wp:term":[{"taxonomy":"category","embeddable":true,"href":"https:\/\/www.europesays.com\/fr\/wp-json\/wp\/v2\/categories?post=404662"},{"taxonomy":"post_tag","embeddable":true,"href":"https:\/\/www.europesays.com\/fr\/wp-json\/wp\/v2\/tags?post=404662"}],"curies":[{"name":"wp","href":"https:\/\/api.w.org\/{rel}","templated":true}]}}