{"id":404678,"date":"2025-09-20T11:06:23","date_gmt":"2025-09-20T11:06:23","guid":{"rendered":"https:\/\/www.europesays.com\/fr\/404678\/"},"modified":"2025-09-20T11:06:23","modified_gmt":"2025-09-20T11:06:23","slug":"lun-des-escaliers-les-plus-ingenieux-deurope-est-a-notre-dame-et-vous-pouvez-enfin-lemprunter","status":"publish","type":"post","link":"https:\/\/www.europesays.com\/fr\/404678\/","title":{"rendered":"L\u2019un des escaliers les plus ing\u00e9nieux d\u2019Europe est \u00e0 Notre-Dame, et vous pouvez enfin l\u2019emprunter"},"content":{"rendered":"<p>Cinq ans apr\u00e8s le dramatique incendie qui a ravag\u00e9 Notre Dame et un peu moins d\u2019une ann\u00e9e apr\u00e8s la r\u00e9ouverture au public, ses tours reprennent elles aussi du service. Les Journ\u00e9es europ\u00e9ennes du patrimoine, les 20 et 21 septembre 2025, sont l\u2019occasion id\u00e9ale pour c\u00e9l\u00e9brer l\u2019\u00e9v\u00e9nement !<\/p>\n<p>Ferm\u00e9es au monde depuis avril 2019 et r\u00e9serv\u00e9es aux seules mains des b\u00e2tisseurs, les marches de <a href=\"https:\/\/www.futura-sciences.com\/maison\/actualites\/architecture-j-21-avant-ouverture-notre-dame-paris-reste-il-faire-117510\/\" title=\"J-21 avant l&#039;ouverture de Notre Dame de Paris : que reste-il \u00e0 faire ?\" target=\"_blank\" rel=\"noopener\">Notre-Dame<\/a> s&rsquo;appr\u00eatent enfin \u00e0 vibrer de nouveau sous le pas des curieux.<\/p>\n<p>Un nouvel escalier repens\u00e9 pour l\u2019avenir<\/p>\n<p>Il aura \u00e9t\u00e9 pens\u00e9 pendant plus de 1 400 heures dans l&rsquo;esprit des <a href=\"https:\/\/www.futura-sciences.com\/formation\/metiers\/metiers-architecte-187\/\" class=\"typographies__SpanLink-sc-9uspqk-3 blcuUt\" universe=\"home\" target=\"_blank\" rel=\"noopener\">architectes<\/a>architectes, fa\u00e7onn\u00e9 pendant 9 200 heures par une \u00e9quipe constitu\u00e9e d&rsquo;une quinzaine de charpentiers, de trois menuisiers et trois apprentis et d&rsquo;un ferronnier d&rsquo;art. Haut de 21 m\u00e8tres, il est constitu\u00e9 de 1 200 pi\u00e8ces de ch\u00eane, assembl\u00e9es progressivement une \u00e0 une depuis les mois de f\u00e9vrier dernier. Tout ce travail d&rsquo;orf\u00e8vre a donn\u00e9 vie \u00e0 cet escalier \u00e0 double r\u00e9volution unique au monde, inspir\u00e9 de celui du ch\u00e2teau de Chambord con\u00e7u par <a href=\"https:\/\/www.futura-sciences.com\/planete\/actualites\/arbre-decouverte-scientifique-bouleverse-observations-leonard-vinci-119446\/\" title=\"Une d\u00e9couverte scientifique bouleverse les observations de L\u00e9onard de Vinci\" target=\"_blank\" rel=\"noopener\">L\u00e9onard de Vinci<\/a>.<\/p>\n<\/p>\n<p class=\"fs-legende\">Les tours de Notre-Dame de Paris s&rsquo;ouvrent enfin au public pour ces Journ\u00e9es du patrimoine 2025, mais ceux qui seront au centre de l&rsquo;\u00e9v\u00e8nement seront \u00e0 n&rsquo;en pas douter le nouvel escalier \u00e0 double r\u00e9volution et le bourdon Emmanuel ! \u00a9 KTO, YouTube<\/p>\n<p>Sa particularit\u00e9 ? Au c\u0153ur du beffroi de la tour sud, les flux de visiteurs de croisent sans qu&rsquo;aucun ne se fr\u00f4le physiquement. Et apr\u00e8s avoir arpent\u00e9 ses 178 marches en <a href=\"https:\/\/www.futura-sciences.com\/planete\/definitions\/botanique-bois-4042\/\" class=\"typographies__SpanLink-sc-9uspqk-3 blcuUt\" universe=\"home\" target=\"_blank\" rel=\"noopener\">bois<\/a>bois, se dresse le bourdon Emmanuel, la plus grosse cloche de la <a href=\"https:\/\/www.futura-sciences.com\/sciences\/actualites\/architecture-chantier-notre-dame-paris-devoile-secrets-cathedrale-scientifiques-118096\/\" title=\"Le chantier de Notre-Dame de Paris a d\u00e9voil\u00e9 des secrets de la cath\u00e9drale aux scientifiques\" target=\"_blank\" rel=\"noopener\">cath\u00e9drale<\/a>, comme une r\u00e9compense apr\u00e8s le petit effort&#8230;<\/p>\n<p>Un panorama d\u2019une beaut\u00e9 saisissante<\/p>\n<p>L&rsquo;ascension des tours via ce nouveau parcours va permettre aux visiteurs d&rsquo;avoir un acc\u00e8s sous la charpente du beffroi, leur offrant une exp\u00e9rience in\u00e9dite sur l&rsquo;architecture de Notre Dame. Mais grimper dans les tours de Notre-Dame octroie un autre privil\u00e8ge : celui de profiter d&rsquo;une vue panoramique sur <a href=\"https:\/\/www.futura-sciences.com\/maison\/actualites\/architecture-rencontrez-heros-rebatissent-notre-dame-paris-111602\/\" title=\"Rencontrez les h\u00e9ros qui reb\u00e2tissent Notre-Dame-de-Paris\" target=\"_blank\" rel=\"noopener\">Paris<\/a>, tout en gratifiant les gargouilles d&rsquo;un salut particulier.<\/p>\n<p>Une gratuit\u00e9 exceptionnelle en cette 42e \u00e9dition des Journ\u00e9es du <a href=\"https:\/\/www.futura-sciences.com\/planete\/questions-reponses\/patrimoine-mondial-unesco-sont-100-sites-reconnus-patrimoine-geologique-terre-17785\/\" title=\"Quels sont les 100 sites reconnus au patrimoine g\u00e9ologique de la Terre ?\" target=\"_blank\" rel=\"noopener\">patrimoine<\/a>&#8230; mais aussit\u00f4t prise d&rsquo;assaut puisque tous les cr\u00e9neaux sont d\u00e9j\u00e0 complets. C&rsquo;est que pour garantir une visite de qualit\u00e9 dans un cadre s\u00e9curis\u00e9, la jauge a \u00e9t\u00e9 fix\u00e9e de un \u00e0 deux visiteurs par minute. Ceux qui n&rsquo;auront pas eu la chance d&rsquo;y grimper ce week-end pourront se consoler : pour profiter du spectacle, sachez que les premiers dimanches (du 1er janvier au 31 mars et du 1er novembre au 31 d\u00e9cembre) sont gratuits !<\/p>\n","protected":false},"excerpt":{"rendered":"Cinq ans apr\u00e8s le dramatique incendie qui a ravag\u00e9 Notre Dame et un peu moins d\u2019une ann\u00e9e apr\u00e8s&hellip;\n","protected":false},"author":2,"featured_media":404679,"comment_status":"","ping_status":"","sticky":false,"template":"","format":"standard","meta":{"footnotes":""},"categories":[1358],"tags":[1350,1348,1384,1385,53613,8777,1386,58,59,1011,27,48159,47275,3341,53614],"class_list":{"0":"post-404678","1":"post","2":"type-post","3":"status-publish","4":"format-standard","5":"has-post-thumbnail","7":"category-arts-et-design","8":"tag-architecture","9":"tag-arts","10":"tag-arts-and-design","11":"tag-arts-et-design","12":"tag-cathedrale-notre-dame","13":"tag-cathedrale-notre-dame-de-paris","14":"tag-design","15":"tag-divertissement","16":"tag-entertainment","17":"tag-fr","18":"tag-france","19":"tag-journees-du-patrimoine","20":"tag-journees-europeennes-du-patrimoine","21":"tag-notre-dame-de-paris","22":"tag-reconstruction-de-notre-dame-de-paris"},"share_on_mastodon":{"url":"https:\/\/pubeurope.com\/@fr\/115236305929330605","error":""},"_links":{"self":[{"href":"https:\/\/www.europesays.com\/fr\/wp-json\/wp\/v2\/posts\/404678","targetHints":{"allow":["GET"]}}],"collection":[{"href":"https:\/\/www.europesays.com\/fr\/wp-json\/wp\/v2\/posts"}],"about":[{"href":"https:\/\/www.europesays.com\/fr\/wp-json\/wp\/v2\/types\/post"}],"author":[{"embeddable":true,"href":"https:\/\/www.europesays.com\/fr\/wp-json\/wp\/v2\/users\/2"}],"replies":[{"embeddable":true,"href":"https:\/\/www.europesays.com\/fr\/wp-json\/wp\/v2\/comments?post=404678"}],"version-history":[{"count":0,"href":"https:\/\/www.europesays.com\/fr\/wp-json\/wp\/v2\/posts\/404678\/revisions"}],"wp:featuredmedia":[{"embeddable":true,"href":"https:\/\/www.europesays.com\/fr\/wp-json\/wp\/v2\/media\/404679"}],"wp:attachment":[{"href":"https:\/\/www.europesays.com\/fr\/wp-json\/wp\/v2\/media?parent=404678"}],"wp:term":[{"taxonomy":"category","embeddable":true,"href":"https:\/\/www.europesays.com\/fr\/wp-json\/wp\/v2\/categories?post=404678"},{"taxonomy":"post_tag","embeddable":true,"href":"https:\/\/www.europesays.com\/fr\/wp-json\/wp\/v2\/tags?post=404678"}],"curies":[{"name":"wp","href":"https:\/\/api.w.org\/{rel}","templated":true}]}}