{"id":404704,"date":"2025-09-20T11:20:20","date_gmt":"2025-09-20T11:20:20","guid":{"rendered":"https:\/\/www.europesays.com\/fr\/404704\/"},"modified":"2025-09-20T11:20:20","modified_gmt":"2025-09-20T11:20:20","slug":"premiere-ligue-les-supporters-dol-lyonnes-interdits-de-deplacement-a-saint-etienne-premiere-ligue-saint-etienne-ol-lyonnes","status":"publish","type":"post","link":"https:\/\/www.europesays.com\/fr\/404704\/","title":{"rendered":"Premi\u00e8re Ligue : les supporters d\u2019OL Lyonnes interdits de d\u00e9placement \u00e0 Saint-\u00c9tienne &#8211; Premi\u00e8re Ligue &#8211; Saint-\u00c9tienne-OL Lyonnes"},"content":{"rendered":"<p>Le pr\u00e9fet de la Loire acte 128.<\/p>\n<p>Ce n\u2019est pas parce que Saint-\u00c9tienne est redescendu en Ligue 2 qu\u2019il n\u2019y a pas de derby rh\u00f4nalpin cette saison. Et il a m\u00eame lieu ce samedi \u00e0 15h30 en Premi\u00e8re Ligue o\u00f9 <strong>la section f\u00e9minine de l\u2019ASSE re\u00e7oit l\u2019OL Lyonnes au stade Salif-Keita<\/strong>. Une rencontre qui se disputera <strong>sans le moindre supporter des Lyonnaises, puisque la pr\u00e9fecture de la Loire a pris un arr\u00eat\u00e9 interdisant leur pr\u00e9sence.<\/strong><\/p>\n<p>La d\u00e9cision est justifi\u00e9e par le fait que l\u2019\u00e9quipe masculine de l\u2019ASSE dispute une rencontre de Ligue 2 face \u00e0 Reims \u00e0 20h \u00e0 Geoffroy-Guichard. Et donc qu\u2019il y aura une \u00ab\u00a0pr\u00e9sence importante de supporters st\u00e9phanois d\u00e8s 16\u00a0heures\u00a0\u00bb. \u00ab\u00a0Dans ce contexte, toute provocation mat\u00e9rialis\u00e9e par des arriv\u00e9es de supporters lyonnais aux abords des stades risque d\u2019engendrer des r\u00e9actions violentes de la part des supporters locaux\u00a0\u00bb,\u00a0indique la pr\u00e9fecture pour justifier son arr\u00eat\u00e9.<\/p>\n<p>Cette d\u00e9cision ne passe pas dans les rangs d\u2019OL Lyonnes qui ne pourra pas compter sur sa trentaine de supporters pr\u00e9vus. Dans un communiqu\u00e9, le club lyonnais a regrett\u00e9 cet arr\u00eat\u00e9 puisqu\u2019il n\u2019y a jamais eu le moindre ant\u00e9c\u00e9dent entre les deux clubs chez les f\u00e9minines : \u00ab\u00a0Le football f\u00e9minin \u00e9crit sa propre histoire et il est regrettable qu\u2019elle soit associ\u00e9e \u00e0 des comportements loin des valeurs qu\u2019il v\u00e9hicule\u00a0\u00bb.<\/p>\n<p>Heureusement que les deux clubs ne sont pas dans la m\u00eame division au hockey sur gazon, sinon les supporters n\u2019auraient pas pu se d\u00e9placer.<\/p>\n<p>\t\t\t\t\t\t\t\t\t\t<a class=\"lien-connexe\" href=\"https:\/\/www.sofoot.com\/breves\/tirage-c1-f-lol-lyonnes-le-psg-et-le-paris-fc-sont-fixes\" rel=\"nofollow noopener\" target=\"_blank\">L\u2019OL Lyonnes, le PSG et le Paris FC connaissent leur programme europ\u00e9en<\/a>\t\t\t\t\t<\/p>\n","protected":false},"excerpt":{"rendered":"Le pr\u00e9fet de la Loire acte 128. Ce n\u2019est pas parce que Saint-\u00c9tienne est redescendu en Ligue 2&hellip;\n","protected":false},"author":2,"featured_media":404705,"comment_status":"","ping_status":"","sticky":false,"template":"","format":"standard","meta":{"footnotes":""},"categories":[9653],"tags":[1111,47,11,61,2430,69,65,64,1777,674,63,1011,27,68,66,12,62,70,25,4001,67],"class_list":{"0":"post-404704","1":"post","2":"type-post","3":"status-publish","4":"format-standard","5":"has-post-thumbnail","7":"category-saint-etienne","8":"tag-actu","9":"tag-actualite","10":"tag-actualites","11":"tag-actus-football","12":"tag-auvergne-rhone-alpes","13":"tag-bundesliga","14":"tag-championnats-europeens","15":"tag-equipe-de-france","16":"tag-eu","17":"tag-europe","18":"tag-football","19":"tag-fr","20":"tag-france","21":"tag-ligua","22":"tag-ligue-1","23":"tag-news","24":"tag-news-foot","25":"tag-premier-league","26":"tag-republique-francaise","27":"tag-saint-etienne","28":"tag-serie-a"},"share_on_mastodon":{"url":"https:\/\/pubeurope.com\/@fr\/115236360934441372","error":""},"_links":{"self":[{"href":"https:\/\/www.europesays.com\/fr\/wp-json\/wp\/v2\/posts\/404704","targetHints":{"allow":["GET"]}}],"collection":[{"href":"https:\/\/www.europesays.com\/fr\/wp-json\/wp\/v2\/posts"}],"about":[{"href":"https:\/\/www.europesays.com\/fr\/wp-json\/wp\/v2\/types\/post"}],"author":[{"embeddable":true,"href":"https:\/\/www.europesays.com\/fr\/wp-json\/wp\/v2\/users\/2"}],"replies":[{"embeddable":true,"href":"https:\/\/www.europesays.com\/fr\/wp-json\/wp\/v2\/comments?post=404704"}],"version-history":[{"count":0,"href":"https:\/\/www.europesays.com\/fr\/wp-json\/wp\/v2\/posts\/404704\/revisions"}],"wp:featuredmedia":[{"embeddable":true,"href":"https:\/\/www.europesays.com\/fr\/wp-json\/wp\/v2\/media\/404705"}],"wp:attachment":[{"href":"https:\/\/www.europesays.com\/fr\/wp-json\/wp\/v2\/media?parent=404704"}],"wp:term":[{"taxonomy":"category","embeddable":true,"href":"https:\/\/www.europesays.com\/fr\/wp-json\/wp\/v2\/categories?post=404704"},{"taxonomy":"post_tag","embeddable":true,"href":"https:\/\/www.europesays.com\/fr\/wp-json\/wp\/v2\/tags?post=404704"}],"curies":[{"name":"wp","href":"https:\/\/api.w.org\/{rel}","templated":true}]}}