{"id":404708,"date":"2025-09-20T11:22:14","date_gmt":"2025-09-20T11:22:14","guid":{"rendered":"https:\/\/www.europesays.com\/fr\/404708\/"},"modified":"2025-09-20T11:22:14","modified_gmt":"2025-09-20T11:22:14","slug":"ligue-2-reduite-a-dix-apres-un-quart-dheure-de-jeu-las-nancy-lorraine-a-fini-par-craquer-face-au-red-star","status":"publish","type":"post","link":"https:\/\/www.europesays.com\/fr\/404708\/","title":{"rendered":"Ligue 2. R\u00e9duite \u00e0 dix apr\u00e8s un quart d&rsquo;heure de jeu, l&rsquo;AS Nancy-Lorraine a fini par craquer face au Red Star"},"content":{"rendered":"<p>L&rsquo;ASNL voulait remettre les gaz, ce vendredi soir face au Red Star, une semaine apr\u00e8s avoir mordu la poussi\u00e8re \u00e0 Troyes pour la premi\u00e8re fois (3-0). Mais la t\u00e2che a \u00e9t\u00e9 compliqu\u00e9e d&rsquo;entr\u00e9e par l&rsquo;exclusion du portier Basilio, auteur d&rsquo;une main en dehors de sa surface (17e). Nancy a bien tenu ensuite, jusqu&rsquo;\u00e0 la 80e minute et le coup de poignard d&rsquo;Ikanga, sur une frappe d\u00e9tourn\u00e9e&#8230;<\/p>\n<p>&#13;<br \/>\n              Adrien Richard &#8211; &#13;<br \/>\n        &#13;<br \/>\n          Hier \u00e0 10:23&#13;<br \/>\n    &#13;<br \/>\n                  | mis \u00e0 jour aujourd&rsquo;hui \u00e0 11:56&#13;<br \/>\n              &#8211; Temps de lecture : &#13;<br \/>\n  &#13;<\/p>\n","protected":false},"excerpt":{"rendered":"L&rsquo;ASNL voulait remettre les gaz, ce vendredi soir face au Red Star, une semaine apr\u00e8s avoir mordu la&hellip;\n","protected":false},"author":2,"featured_media":404709,"comment_status":"","ping_status":"","sticky":false,"template":"","format":"standard","meta":{"footnotes":""},"categories":[9635],"tags":[1111,11,3703,3545,3602,1707,1704,1706,1705,10174,1777,674,107,1701,63,1011,27,775,1702,12,25,517,1700],"class_list":{"0":"post-404708","1":"post","2":"type-post","3":"status-publish","4":"format-standard","5":"has-post-thumbnail","7":"category-nancy","8":"tag-actu","9":"tag-actualites","10":"tag-asnl","11":"tag-direct-sport","12":"tag-edition-bar-le-duc","13":"tag-edition-luneville","14":"tag-edition-nancy-et-agglomeration","15":"tag-edition-pont-a-mousson","16":"tag-edition-toul","17":"tag-edition-verdun","18":"tag-eu","19":"tag-europe","20":"tag-fil-info","21":"tag-fil-info-sport","22":"tag-football","23":"tag-fr","24":"tag-france","25":"tag-grand-est","26":"tag-nancy","27":"tag-news","28":"tag-republique-francaise","29":"tag-sport","30":"tag-sport-lorrain"},"share_on_mastodon":{"url":"https:\/\/pubeurope.com\/@fr\/115236368761966522","error":""},"_links":{"self":[{"href":"https:\/\/www.europesays.com\/fr\/wp-json\/wp\/v2\/posts\/404708","targetHints":{"allow":["GET"]}}],"collection":[{"href":"https:\/\/www.europesays.com\/fr\/wp-json\/wp\/v2\/posts"}],"about":[{"href":"https:\/\/www.europesays.com\/fr\/wp-json\/wp\/v2\/types\/post"}],"author":[{"embeddable":true,"href":"https:\/\/www.europesays.com\/fr\/wp-json\/wp\/v2\/users\/2"}],"replies":[{"embeddable":true,"href":"https:\/\/www.europesays.com\/fr\/wp-json\/wp\/v2\/comments?post=404708"}],"version-history":[{"count":0,"href":"https:\/\/www.europesays.com\/fr\/wp-json\/wp\/v2\/posts\/404708\/revisions"}],"wp:featuredmedia":[{"embeddable":true,"href":"https:\/\/www.europesays.com\/fr\/wp-json\/wp\/v2\/media\/404709"}],"wp:attachment":[{"href":"https:\/\/www.europesays.com\/fr\/wp-json\/wp\/v2\/media?parent=404708"}],"wp:term":[{"taxonomy":"category","embeddable":true,"href":"https:\/\/www.europesays.com\/fr\/wp-json\/wp\/v2\/categories?post=404708"},{"taxonomy":"post_tag","embeddable":true,"href":"https:\/\/www.europesays.com\/fr\/wp-json\/wp\/v2\/tags?post=404708"}],"curies":[{"name":"wp","href":"https:\/\/api.w.org\/{rel}","templated":true}]}}