{"id":404710,"date":"2025-09-20T11:23:10","date_gmt":"2025-09-20T11:23:10","guid":{"rendered":"https:\/\/www.europesays.com\/fr\/404710\/"},"modified":"2025-09-20T11:23:10","modified_gmt":"2025-09-20T11:23:10","slug":"cest-un-morceau-de-memoire-que-lon-sauve-ce-pointu-centenaire-reprend-la-mer-au-brusc","status":"publish","type":"post","link":"https:\/\/www.europesays.com\/fr\/404710\/","title":{"rendered":"\u00ab\u00a0C\u2019est un morceau de m\u00e9moire que l\u2019on sauve\u00a0\u00bb: ce pointu centenaire reprend la mer au Brusc"},"content":{"rendered":"<p>Au Brusc, les pointus, fi\u00e8res embarcations d\u2019antan, continuent de porter la m\u00e9moire des p\u00eacheurs m\u00e9diterran\u00e9ens. \u00c0 l\u2019occasion des Journ\u00e9es europ\u00e9ennes du patrimoine, ce week-end, l\u2019association Lou Capian invite le public \u00e0 embarquer pour une exp\u00e9rience unique: une balade en mer \u00e0 bord de ces v\u00e9ritables monuments flottants.<\/p>\n<p>Aujourd\u2019hui de 10h \u00e0 12h, le rendez-vous sera donn\u00e9 sur le quai de la Prud\u2019homie. L\u00e0, les visiteurs embarqueront pour une travers\u00e9e hors du temps, au fil des flots et des r\u00e9cits. Parmi les bateaux pr\u00e9sents, la Notre-Dame du Mont Carmel fera figure d\u2019embl\u00e8me.<\/p>\n<p><strong>Sauv\u00e9e de l&rsquo;abandon<\/strong><\/p>\n<p>Construite en 1910 sur le chantier naval Nendella pour des p\u00eacheurs siciliens, cette barque de 8,50m\u00e8tres a surv\u00e9cu \u00e0 la p\u00eache, au transport de sable et au cabotage d\u2019hu\u00eetres. Sauv\u00e9e in extremis de l\u2019abandon, restaur\u00e9e avec patience et ferveur, elle rena\u00eet aujourd\u2019hui gr\u00e2ce aux b\u00e9n\u00e9voles de Lou Capian, aux \u00e9l\u00e8ves du lyc\u00e9e de La Coudouli\u00e8re et au soutien des collectivit\u00e9s.<\/p>\n<p>Pendant plusieurs mois, les jeunes ont remis en \u00e9tat son moteur Baudouin et pr\u00eat\u00e9 main-forte sur le chantier, offrant au bateau une seconde jeunesse. \u00ab\u00a0C\u2019est un morceau de m\u00e9moire que l\u2019on sauve, un lien entre les g\u00e9n\u00e9rations\u00a0\u00bb, confie Didier Sophin, pr\u00e9sident de l\u2019association. Et il dit vrai: chaque vague qui clapote contre la coque raconte le dialogue incessant entre l\u2019homme et la mer. Le soir venu, le patrimoine se vivra aussi dans l\u2019assiette, avec une bouillabaisse conviviale servie sur le m\u00eame quai.<\/p>\n<p>Sans RDV pour la travers\u00e9e. Pour la bouillabaisse, les r\u00e9servations se font au 06.98.07.98.74.<\/p>\n","protected":false},"excerpt":{"rendered":"Au Brusc, les pointus, fi\u00e8res embarcations d\u2019antan, continuent de porter la m\u00e9moire des p\u00eacheurs m\u00e9diterran\u00e9ens. \u00c0 l\u2019occasion des&hellip;\n","protected":false},"author":2,"featured_media":404711,"comment_status":"","ping_status":"","sticky":false,"template":"","format":"standard","meta":{"footnotes":""},"categories":[9619],"tags":[1111,11,1777,674,1011,27,12,882,25,2310,3366],"class_list":{"0":"post-404710","1":"post","2":"type-post","3":"status-publish","4":"format-standard","5":"has-post-thumbnail","7":"category-toulon","8":"tag-actu","9":"tag-actualites","10":"tag-eu","11":"tag-europe","12":"tag-fr","13":"tag-france","14":"tag-news","15":"tag-provence-alpes-cote-dazur","16":"tag-republique-francaise","17":"tag-toulon","18":"tag-vie-locale"},"share_on_mastodon":{"url":"https:\/\/pubeurope.com\/@fr\/115236372726659011","error":""},"_links":{"self":[{"href":"https:\/\/www.europesays.com\/fr\/wp-json\/wp\/v2\/posts\/404710","targetHints":{"allow":["GET"]}}],"collection":[{"href":"https:\/\/www.europesays.com\/fr\/wp-json\/wp\/v2\/posts"}],"about":[{"href":"https:\/\/www.europesays.com\/fr\/wp-json\/wp\/v2\/types\/post"}],"author":[{"embeddable":true,"href":"https:\/\/www.europesays.com\/fr\/wp-json\/wp\/v2\/users\/2"}],"replies":[{"embeddable":true,"href":"https:\/\/www.europesays.com\/fr\/wp-json\/wp\/v2\/comments?post=404710"}],"version-history":[{"count":0,"href":"https:\/\/www.europesays.com\/fr\/wp-json\/wp\/v2\/posts\/404710\/revisions"}],"wp:featuredmedia":[{"embeddable":true,"href":"https:\/\/www.europesays.com\/fr\/wp-json\/wp\/v2\/media\/404711"}],"wp:attachment":[{"href":"https:\/\/www.europesays.com\/fr\/wp-json\/wp\/v2\/media?parent=404710"}],"wp:term":[{"taxonomy":"category","embeddable":true,"href":"https:\/\/www.europesays.com\/fr\/wp-json\/wp\/v2\/categories?post=404710"},{"taxonomy":"post_tag","embeddable":true,"href":"https:\/\/www.europesays.com\/fr\/wp-json\/wp\/v2\/tags?post=404710"}],"curies":[{"name":"wp","href":"https:\/\/api.w.org\/{rel}","templated":true}]}}