{"id":404726,"date":"2025-09-20T11:34:13","date_gmt":"2025-09-20T11:34:13","guid":{"rendered":"https:\/\/www.europesays.com\/fr\/404726\/"},"modified":"2025-09-20T11:34:13","modified_gmt":"2025-09-20T11:34:13","slug":"un-nouveau-lotissement-espere-pour-le-deuxieme-trimestre-2026","status":"publish","type":"post","link":"https:\/\/www.europesays.com\/fr\/404726\/","title":{"rendered":"un nouveau lotissement esp\u00e9r\u00e9 pour le deuxi\u00e8me trimestre 2026"},"content":{"rendered":"<p>Zone d\u2019am\u00e9nagement concert\u00e9 (ZAC) des Vergers de Saint-Michel, saison deux. Apr\u00e8s sa premi\u00e8re phase, la Ville de Reichstett, l\u2019Eurom\u00e9tropole de Strasbourg, le promoteur Spiral et Cr\u00e9dit Mutuel am\u00e9nagement foncier (*) ont officiellement lanc\u00e9 jeudi 11\u00a0septembre le deuxi\u00e8me volet de construction de ce vaste projet public d\u2019am\u00e9nagement immobilier et commercial.<\/p>\n<p>Le premier \u00e9pisode de cette deuxi\u00e8me saison est la construction d\u2019un ensemble de logements situ\u00e9 dans une rue qui sera trac\u00e9e \u00ab\u00a0courant 2026\u00a0\u00bb dans le prolongement de la rue des Vergers, de l\u2019autre c\u00f4t\u00e9 de la rue du G\u00e9n\u00e9ral-de-Gaulle. Celui-ci comptera 48 logements, du T2 au T5, dont 32 en accession libre et 16 logements interm\u00e9diaires, commercialis\u00e9s par le promoteur Spiral, en partenariat avec le bailleur Domial. Des commerces&#8230;<\/p>\n","protected":false},"excerpt":{"rendered":"Zone d\u2019am\u00e9nagement concert\u00e9 (ZAC) des Vergers de Saint-Michel, saison deux. Apr\u00e8s sa premi\u00e8re phase, la Ville de Reichstett,&hellip;\n","protected":false},"author":2,"featured_media":404727,"comment_status":"","ping_status":"","sticky":false,"template":"","format":"standard","meta":{"footnotes":""},"categories":[2820],"tags":[1111,11,2880,1777,674,107,1011,27,775,1908,12,7092,25,104,640,3265],"class_list":{"0":"post-404726","1":"post","2":"type-post","3":"status-publish","4":"format-standard","5":"has-post-thumbnail","7":"category-strasbourg","8":"tag-actu","9":"tag-actualites","10":"tag-edition-strasbourg","11":"tag-eu","12":"tag-europe","13":"tag-fil-info","14":"tag-fr","15":"tag-france","16":"tag-grand-est","17":"tag-logement","18":"tag-news","19":"tag-reichstett","20":"tag-republique-francaise","21":"tag-societe","22":"tag-strasbourg","23":"tag-strasbourg-nord"},"share_on_mastodon":{"url":"https:\/\/pubeurope.com\/@fr\/115236416047589964","error":""},"_links":{"self":[{"href":"https:\/\/www.europesays.com\/fr\/wp-json\/wp\/v2\/posts\/404726","targetHints":{"allow":["GET"]}}],"collection":[{"href":"https:\/\/www.europesays.com\/fr\/wp-json\/wp\/v2\/posts"}],"about":[{"href":"https:\/\/www.europesays.com\/fr\/wp-json\/wp\/v2\/types\/post"}],"author":[{"embeddable":true,"href":"https:\/\/www.europesays.com\/fr\/wp-json\/wp\/v2\/users\/2"}],"replies":[{"embeddable":true,"href":"https:\/\/www.europesays.com\/fr\/wp-json\/wp\/v2\/comments?post=404726"}],"version-history":[{"count":0,"href":"https:\/\/www.europesays.com\/fr\/wp-json\/wp\/v2\/posts\/404726\/revisions"}],"wp:featuredmedia":[{"embeddable":true,"href":"https:\/\/www.europesays.com\/fr\/wp-json\/wp\/v2\/media\/404727"}],"wp:attachment":[{"href":"https:\/\/www.europesays.com\/fr\/wp-json\/wp\/v2\/media?parent=404726"}],"wp:term":[{"taxonomy":"category","embeddable":true,"href":"https:\/\/www.europesays.com\/fr\/wp-json\/wp\/v2\/categories?post=404726"},{"taxonomy":"post_tag","embeddable":true,"href":"https:\/\/www.europesays.com\/fr\/wp-json\/wp\/v2\/tags?post=404726"}],"curies":[{"name":"wp","href":"https:\/\/api.w.org\/{rel}","templated":true}]}}