{"id":404730,"date":"2025-09-20T11:37:20","date_gmt":"2025-09-20T11:37:20","guid":{"rendered":"https:\/\/www.europesays.com\/fr\/404730\/"},"modified":"2025-09-20T11:37:20","modified_gmt":"2025-09-20T11:37:20","slug":"ce-sont-de-veritables-polyglottes-une-section-internationale-anglophone-gratuite-vient-douvrir-au-college-risso-a-nice","status":"publish","type":"post","link":"https:\/\/www.europesays.com\/fr\/404730\/","title":{"rendered":"\u00ab\u00a0Ce sont de v\u00e9ritables polyglottes\u00a0\u00bb: une section internationale anglophone gratuite vient d\u2019ouvrir au coll\u00e8ge Risso \u00e0 Nice"},"content":{"rendered":"<p>Ouverte en priorit\u00e9 aux \u00e9l\u00e8ves du secteur, la section internationale du coll\u00e8ge Antoine-Risso accueille 28 \u00e9l\u00e8ves cette ann\u00e9e. Leur s\u00e9lection s\u2019est faite via des tests \u00e9crits et oraux de langue. \u00ab\u00a0La ma\u00eetrise de l\u2019anglais chez ces \u00e9l\u00e8ves est remarquable. Ce sont de v\u00e9ritables polyglottes\u00a0\u00bb, salue Natacha Chicot, rectrice de l\u2019acad\u00e9mie de Nice.<\/p>\n<p>En cette rentr\u00e9e 2025, le coll\u00e8ge Risso \u00e0 Nice a ouvert la premi\u00e8re section internationale anglophone gratuite des Alpes-Maritimes. Une immersion linguistique et culturelle, destin\u00e9e \u00e0 \u00e9largir l\u2019acc\u00e8s aux fili\u00e8res d\u2019excellence.<\/p>\n<p>Le dispositif pr\u00e9voit <strong>dix heures hebdomadaires d\u00e9di\u00e9es \u00e0 l\u2019anglais et aux disciplines en langue anglaise,<\/strong> comme l\u2019histoire par exemple. Ce qui repr\u00e9sente un tiers du volume horaire de ces \u00e9l\u00e8ves de 6e. \u00ab\u00a0Le but n\u2019est pas seulement linguistique. C\u2019est \u00e9galement de les \u00e9veiller sur la litt\u00e9rature, l\u2019histoire et la culture des pays anglophones\u00a0\u00bb, explique Christelle Portales, enseignante.<\/p>\n<p><strong>Miser sur l\u2019\u00e9galit\u00e9 des chances<\/strong><\/p>\n<p>Le coll\u00e8ge Risso est engag\u00e9 depuis plusieurs ann\u00e9es dans des projets d\u2019ouverture europ\u00e9enne. Cette section internationale s\u2019inscrit dans la m\u00eame logique: celle de la mixit\u00e9 et de la r\u00e9ussite pour tous.<\/p>\n<p>\u00ab\u00a0Ces \u00e9l\u00e8ves ont un vrai bagage, mais ce sont aussi des enfants du quartier. Ici, on reconna\u00eet leur valeur. On croit en eux\u00a0\u00bb, insiste Christelle Portales.<\/p>\n<p>Objectif \u00e0 moyen terme: leur permettre de d\u00e9crocher le brevet option internationale en 3e, puis le Baccalaur\u00e9at fran\u00e7ais international (BFI) au lyc\u00e9e. Norane, \u00e9l\u00e8ve de 6e, est tr\u00e8s enthousiasme: \u00ab\u00a0J\u2019ai toujours aim\u00e9 l\u2019anglais. C\u2019est la langue la plus importante, la plus parl\u00e9e!\u00a0\u00bb<\/p>\n<p><strong>Une avanc\u00e9e in\u00e9dite dans le public<\/strong><\/p>\n<p>Dans le bassin de Sophia Antipolis, seules des structures priv\u00e9es et payantes proposaient jusqu\u2019alors ce type de programme. Cette rentr\u00e9e marque de fait un r\u00e9el tournant.<\/p>\n<p>Selon le rectorat, \u00ab\u00a038 sections internationales existent aujourd\u2019hui dans l\u2019acad\u00e9mie, dont 35 dans le public. Elles sont divis\u00e9es comme suit: 10 en \u00e9cole primaire, 19 au coll\u00e8ge et 9 au lyc\u00e9e. Elles proposent un enseignement renforc\u00e9 en plusieurs langues: anglais, allemand, italien, espagnol, chinois, portugais ou russe\u00a0\u00bb.<\/p>\n","protected":false},"excerpt":{"rendered":"Ouverte en priorit\u00e9 aux \u00e9l\u00e8ves du secteur, la section internationale du coll\u00e8ge Antoine-Risso accueille 28 \u00e9l\u00e8ves cette ann\u00e9e.&hellip;\n","protected":false},"author":2,"featured_media":404731,"comment_status":"","ping_status":"","sticky":false,"template":"","format":"standard","meta":{"footnotes":""},"categories":[2819],"tags":[1111,11,1057,1777,674,332,1011,27,12,2401,882,25],"class_list":{"0":"post-404730","1":"post","2":"type-post","3":"status-publish","4":"format-standard","5":"has-post-thumbnail","7":"category-nice","8":"tag-actu","9":"tag-actualites","10":"tag-education","11":"tag-eu","12":"tag-europe","13":"tag-faits-de-societe","14":"tag-fr","15":"tag-france","16":"tag-news","17":"tag-nice","18":"tag-provence-alpes-cote-dazur","19":"tag-republique-francaise"},"share_on_mastodon":{"url":"https:\/\/pubeurope.com\/@fr\/115236427970547322","error":""},"_links":{"self":[{"href":"https:\/\/www.europesays.com\/fr\/wp-json\/wp\/v2\/posts\/404730","targetHints":{"allow":["GET"]}}],"collection":[{"href":"https:\/\/www.europesays.com\/fr\/wp-json\/wp\/v2\/posts"}],"about":[{"href":"https:\/\/www.europesays.com\/fr\/wp-json\/wp\/v2\/types\/post"}],"author":[{"embeddable":true,"href":"https:\/\/www.europesays.com\/fr\/wp-json\/wp\/v2\/users\/2"}],"replies":[{"embeddable":true,"href":"https:\/\/www.europesays.com\/fr\/wp-json\/wp\/v2\/comments?post=404730"}],"version-history":[{"count":0,"href":"https:\/\/www.europesays.com\/fr\/wp-json\/wp\/v2\/posts\/404730\/revisions"}],"wp:featuredmedia":[{"embeddable":true,"href":"https:\/\/www.europesays.com\/fr\/wp-json\/wp\/v2\/media\/404731"}],"wp:attachment":[{"href":"https:\/\/www.europesays.com\/fr\/wp-json\/wp\/v2\/media?parent=404730"}],"wp:term":[{"taxonomy":"category","embeddable":true,"href":"https:\/\/www.europesays.com\/fr\/wp-json\/wp\/v2\/categories?post=404730"},{"taxonomy":"post_tag","embeddable":true,"href":"https:\/\/www.europesays.com\/fr\/wp-json\/wp\/v2\/tags?post=404730"}],"curies":[{"name":"wp","href":"https:\/\/api.w.org\/{rel}","templated":true}]}}