{"id":404734,"date":"2025-09-20T11:39:09","date_gmt":"2025-09-20T11:39:09","guid":{"rendered":"https:\/\/www.europesays.com\/fr\/404734\/"},"modified":"2025-09-20T11:39:09","modified_gmt":"2025-09-20T11:39:09","slug":"cette-commune-alerte-contre-les-ventes-de-calendriers","status":"publish","type":"post","link":"https:\/\/www.europesays.com\/fr\/404734\/","title":{"rendered":"cette commune alerte contre les ventes de calendriers"},"content":{"rendered":"<p>            Par<br \/>\n        <strong><br \/>\n            <a href=\"https:\/\/actu.fr\/auteur\/laure-gentil\" title=\"Consulter tous les articles de Laure Gentil\" rel=\"nofollow noopener\" target=\"_blank\">Laure Gentil<\/a><br \/>\n        <\/strong><\/p>\n<p>        Publi\u00e9 le<\/p>\n<p>            20 sept. 2025 \u00e0 13h32        <\/p>\n<p>Il va falloir \u00eatre prudent, la <strong>Ville d\u2019Orvault<\/strong>, pr\u00e8s de Nantes, alerte de tentatives d\u2019arnaques \u00e0 l\u2019encontre de ses habitants, notamment ceux et celles qui vivent sur<strong> le secteur de Choli\u00e8re<\/strong>. \u00ab\u2009Des individus proc\u00e8dent actuellement \u00e0 une <strong>vente non autoris\u00e9e de calendriers\u2009<\/strong>\u00bb, informe la mairie. \u00ab\u2009Ces personnes ne sont en aucun cas mandat\u00e9es par la commune, ni par aucun service public\u2009\u00bb.<\/p>\n<blockquote class=\"ac-article-quote wall-content\">\n<p>La commune rappelle que les ventes de calendriers r\u00e9alis\u00e9es par les services habilit\u00e9s (pompiers, facteurs, associations locales) sont toujours accompagn\u00e9es d\u2019une identification claire et officielle.<\/p>\n<p>    <strong>Ville d&rsquo;Orvault<\/strong>\n            <\/p><\/blockquote>\n<p class=\" wall-content\">La Ville d\u2019Orvault rappelle donc quelques r\u00e8gles pour \u00e9viter d\u2019\u00eatre victime d\u2019une vente frauduleuse.<\/p>\n<p>Les conseils \u00e0 suivre<\/p>\n<ul class=\" wall-content\">\n<li>Ne laissez pas entrer un ou une inconnue \u00e0 l\u2019int\u00e9rieur de votre domicile\u2009;<\/li>\n<li>ne donnez pas d\u2019argent \u00e0 des d\u00e9marcheurs non identifi\u00e9s\u2009;<\/li>\n<li>demander syst\u00e9matiquement une carte professionnelle ou un justificatif officiel\u2009;<\/li>\n<li>ne laissez pas votre porte ouverte sans surveillance.<\/li>\n<\/ul>\n<p class=\" wall-content\">En cas de doute, ou de comportement suspect, <strong>contactez imm\u00e9diatement la police municipale<\/strong> au 06\u200922\u200939\u200962\u200970 du lundi au vendredi de 8\u2009h \u00e0 17\u2009h\u200930 ou <strong>la police nationale<\/strong> en composant le 17.\u00a0<a href=\"https:\/\/www.orvault.fr\/quartiers-attentifs-2\/\" rel=\"nofollow noopener\" target=\"_blank\">Vous pouvez \u00e9galement signaler les faits sur le site d\u2019Orvault.<\/a><\/p>\n<p class=\" wall-content\">Personnalisez votre actualit\u00e9 en ajoutant vos villes et m\u00e9dias en favori avec <a href=\"https:\/\/moncompte.actu.fr\" title=\"D\u00e9couvez Mon Actu\" rel=\"nofollow noopener\" data-trk=\"{&quot;cta&quot;:{&quot;action&quot;:&quot;https:\\\/\\\/moncompte.actu.fr&quot;,&quot;category&quot;:&quot;mon compte&quot;,&quot;from&quot;:&quot;article footer&quot;,&quot;name&quot;:&quot;Mon actu&quot;,&quot;type&quot;:&quot;cta&quot;}}\" target=\"_blank\">Mon Actu<\/a>.<\/p>\n","protected":false},"excerpt":{"rendered":"Par Laure Gentil Publi\u00e9 le 20 sept. 2025 \u00e0 13h32 Il va falloir \u00eatre prudent, la Ville d\u2019Orvault,&hellip;\n","protected":false},"author":2,"featured_media":404735,"comment_status":"","ping_status":"","sticky":false,"template":"","format":"standard","meta":{"footnotes":""},"categories":[2818],"tags":[1111,11,3514,1777,674,1011,27,766,12,2636,25,104],"class_list":{"0":"post-404734","1":"post","2":"type-post","3":"status-publish","4":"format-standard","5":"has-post-thumbnail","7":"category-nantes","8":"tag-actu","9":"tag-actualites","10":"tag-arnaque","11":"tag-eu","12":"tag-europe","13":"tag-fr","14":"tag-france","15":"tag-nantes","16":"tag-news","17":"tag-pays-de-la-loire","18":"tag-republique-francaise","19":"tag-societe"},"share_on_mastodon":{"url":"https:\/\/pubeurope.com\/@fr\/115236435671681715","error":""},"_links":{"self":[{"href":"https:\/\/www.europesays.com\/fr\/wp-json\/wp\/v2\/posts\/404734","targetHints":{"allow":["GET"]}}],"collection":[{"href":"https:\/\/www.europesays.com\/fr\/wp-json\/wp\/v2\/posts"}],"about":[{"href":"https:\/\/www.europesays.com\/fr\/wp-json\/wp\/v2\/types\/post"}],"author":[{"embeddable":true,"href":"https:\/\/www.europesays.com\/fr\/wp-json\/wp\/v2\/users\/2"}],"replies":[{"embeddable":true,"href":"https:\/\/www.europesays.com\/fr\/wp-json\/wp\/v2\/comments?post=404734"}],"version-history":[{"count":0,"href":"https:\/\/www.europesays.com\/fr\/wp-json\/wp\/v2\/posts\/404734\/revisions"}],"wp:featuredmedia":[{"embeddable":true,"href":"https:\/\/www.europesays.com\/fr\/wp-json\/wp\/v2\/media\/404735"}],"wp:attachment":[{"href":"https:\/\/www.europesays.com\/fr\/wp-json\/wp\/v2\/media?parent=404734"}],"wp:term":[{"taxonomy":"category","embeddable":true,"href":"https:\/\/www.europesays.com\/fr\/wp-json\/wp\/v2\/categories?post=404734"},{"taxonomy":"post_tag","embeddable":true,"href":"https:\/\/www.europesays.com\/fr\/wp-json\/wp\/v2\/tags?post=404734"}],"curies":[{"name":"wp","href":"https:\/\/api.w.org\/{rel}","templated":true}]}}