{"id":404736,"date":"2025-09-20T11:40:26","date_gmt":"2025-09-20T11:40:26","guid":{"rendered":"https:\/\/www.europesays.com\/fr\/404736\/"},"modified":"2025-09-20T11:40:26","modified_gmt":"2025-09-20T11:40:26","slug":"nantes-rennes-les-compositions-probables","status":"publish","type":"post","link":"https:\/\/www.europesays.com\/fr\/404736\/","title":{"rendered":"Nantes-Rennes : Les compositions probables"},"content":{"rendered":"<p style=\"text-align: justify;\" align=\"justify\"><strong>LIGUE 1 2025-2026 \u2013 Selon L\u2019\u00c9quipe, voici les compositions probables du match entre Nantes et Rennes pr\u00e9vu ce samedi.<\/strong><\/p>\n<p style=\"text-align: justify;\">Le <strong>FC<\/strong> <strong>Nantes<\/strong> vit un d\u00e9but de saison compliqu\u00e9 et veut se relancer \u00e0 l\u2019occasion du derby face au <strong>Stade<\/strong> <strong>Rennais<\/strong>. La semaine pass\u00e9e, les <strong>Canaris<\/strong> n\u2019ont pas inscrit le moindre but face \u00e0 <strong>Nice<\/strong>, comme lors de trois de leurs quatre rencontres depuis la reprise du championnat.<\/p>\n<p>Rennes veut encha\u00eener face \u00e0 Nantes<\/p>\n<p style=\"text-align: justify;\">Si la d\u00e9fense devrait rester inchang\u00e9e, <strong>Luis Castro<\/strong> pourrait faire des changements au milieu de terrain. <strong>Francis<\/strong> <strong>Coquelin<\/strong> va faire son retour au poste de sentinelle alors que <strong>Louis<\/strong> <strong>Leroux<\/strong> est attendu au poste de relayeur. Bien qu\u2019en difficult\u00e9 sur ce d\u00e9but de saison depuis son d\u00e9part avort\u00e9, <strong>Matthis Abline<\/strong> devrait de nouveau d\u00e9buter face \u00e0 son ancien club.<\/p>\n<p style=\"text-align: justify;\">Malgr\u00e9 une performance contrast\u00e9e face \u00e0 l\u2019Olympique Lyonnais, <strong>Habib Beye<\/strong> devrait faire confiance \u00e0 une \u00e9quipe tr\u00e8s semblable \u00e0 la semaine pass\u00e9e. <strong>Kader Meit\u00e9<\/strong>, d\u00e9cisif face \u00e0 Lyon, devrait d\u00e9buter \u00e0 la place d\u2019<strong>Esteban<\/strong> <strong>Lepaul<\/strong>. Au milieu de terrain, <strong>Seko<\/strong> <strong>Fofana<\/strong> devrait faire son retour dans le onze titulaire.<\/p>\n<p>Les compositions probables de Nantes-Rennes<br \/>\nLa composition probable de Nantes<\/p>\n<p style=\"text-align: justify;\">Lopes \u2013 Amian, Awaziem, Tati, Cozza \u2013 Coquelin, Leroux, Lepenant \u2013 Abline, Mohamed, Benhattab<\/p>\n<p>La composition de Rennes<\/p>\n<p style=\"text-align: justify;\">Samba \u2013 Al-Tamari, Rouault, Jacquet, Brassier, Merlin \u2013 Fofana, Rongier, Ciss\u00e9 \u2013 Embolo, Meit\u00e9<\/p>\n<p>Les cotes de Nantes-Rennes<\/p>\n<tr style=\"height: 16px;\">\n<td style=\"background-color: #404040; border-color: #ededed; width: 840px; text-align: left;\" colspan=\"3\"><strong><img loading=\"lazy\" decoding=\"async\" class=\"alignnone wp-image-512842 perfmatters-lazy\" alt=\"\" width=\"14\" height=\"13\" src=\"https:\/\/www.europesays.com\/fr\/wp-content\/uploads\/2025\/05\/Logo-Winamax.png\"  data-\/> Samedi 20 septembre, 17h00<\/strong><\/td>\n<\/tr>\n<tr style=\"height: 24px;\">\n<td style=\"background-color: #ffffff; border-color: #ededed; vertical-align: middle; text-align: center; width: 266px;\"><strong>Nantes<br \/><\/strong><a href=\"https:\/\/www.winamax.fr\/paris-sportifs\/match\/61526048?banid=33423\" class=\"su-button su-button-style-flat su-button-wide\" style=\"color:#fff;background-color:#0860ff;border-color:#074dcc;border-radius:5px\" target=\"_blank\" rel=\"noopener noreferrer\"> 3.40<\/a><\/td>\n<td style=\"background-color: #ffffff; border-color: #ededed; vertical-align: middle; text-align: center; width: 266px;\"><strong>Match nul<\/strong><br \/><a href=\"https:\/\/www.winamax.fr\/paris-sportifs\/match\/61526048?banid=33423\" class=\"su-button su-button-style-flat su-button-wide\" style=\"color:#fff;background-color:#0860ff;border-color:#074dcc;border-radius:5px\" target=\"_blank\" rel=\"noopener noreferrer\"> 3.35<\/a><\/td>\n<td style=\"background-color: #ffffff; border-color: #ededed; vertical-align: middle; text-align: center; width: 266px;\"><strong>Rennes<\/strong><br \/><a href=\"https:\/\/www.winamax.fr\/paris-sportifs\/match\/61526048?banid=33423\" class=\"su-button su-button-style-flat su-button-wide\" style=\"color:#fff;background-color:#0860ff;border-color:#074dcc;border-radius:5px\" target=\"_blank\" rel=\"noopener noreferrer\"> 2.05<\/a><\/td>\n<\/tr>\n<p style=\"text-align: justify;\">Tentez votre chance en profitant de votre <a href=\"https:\/\/www.winamax.fr\/registration\/landing\/affiliation_Bonus100?banid=33423\" target=\"_blank\" rel=\"noopener\">1er d\u00e9p\u00f4t doubl\u00e9 jusqu\u2019\u00e0 100 \u20ac<\/a> direct en paris gratuits sur Winamax !<\/p>\n","protected":false},"excerpt":{"rendered":"LIGUE 1 2025-2026 \u2013 Selon L\u2019\u00c9quipe, voici les compositions probables du match entre Nantes et Rennes pr\u00e9vu ce&hellip;\n","protected":false},"author":2,"featured_media":404737,"comment_status":"","ping_status":"","sticky":false,"template":"","format":"standard","meta":{"footnotes":""},"categories":[2818],"tags":[1111,11,2113,1777,674,63,1011,27,766,12,2636,584,25],"class_list":{"0":"post-404736","1":"post","2":"type-post","3":"status-publish","4":"format-standard","5":"has-post-thumbnail","7":"category-nantes","8":"tag-actu","9":"tag-actualites","10":"tag-breve","11":"tag-eu","12":"tag-europe","13":"tag-football","14":"tag-fr","15":"tag-france","16":"tag-nantes","17":"tag-news","18":"tag-pays-de-la-loire","19":"tag-rennes","20":"tag-republique-francaise"},"share_on_mastodon":{"url":"https:\/\/pubeurope.com\/@fr\/115236440185775578","error":""},"_links":{"self":[{"href":"https:\/\/www.europesays.com\/fr\/wp-json\/wp\/v2\/posts\/404736","targetHints":{"allow":["GET"]}}],"collection":[{"href":"https:\/\/www.europesays.com\/fr\/wp-json\/wp\/v2\/posts"}],"about":[{"href":"https:\/\/www.europesays.com\/fr\/wp-json\/wp\/v2\/types\/post"}],"author":[{"embeddable":true,"href":"https:\/\/www.europesays.com\/fr\/wp-json\/wp\/v2\/users\/2"}],"replies":[{"embeddable":true,"href":"https:\/\/www.europesays.com\/fr\/wp-json\/wp\/v2\/comments?post=404736"}],"version-history":[{"count":0,"href":"https:\/\/www.europesays.com\/fr\/wp-json\/wp\/v2\/posts\/404736\/revisions"}],"wp:featuredmedia":[{"embeddable":true,"href":"https:\/\/www.europesays.com\/fr\/wp-json\/wp\/v2\/media\/404737"}],"wp:attachment":[{"href":"https:\/\/www.europesays.com\/fr\/wp-json\/wp\/v2\/media?parent=404736"}],"wp:term":[{"taxonomy":"category","embeddable":true,"href":"https:\/\/www.europesays.com\/fr\/wp-json\/wp\/v2\/categories?post=404736"},{"taxonomy":"post_tag","embeddable":true,"href":"https:\/\/www.europesays.com\/fr\/wp-json\/wp\/v2\/tags?post=404736"}],"curies":[{"name":"wp","href":"https:\/\/api.w.org\/{rel}","templated":true}]}}