{"id":404743,"date":"2025-09-20T11:44:13","date_gmt":"2025-09-20T11:44:13","guid":{"rendered":"https:\/\/www.europesays.com\/fr\/404743\/"},"modified":"2025-09-20T11:44:13","modified_gmt":"2025-09-20T11:44:13","slug":"pres-de-toulouse-un-garage-attenant-a-une-maison-prend-feu-deux-personnes-evacuees-vers-les-urgences","status":"publish","type":"post","link":"https:\/\/www.europesays.com\/fr\/404743\/","title":{"rendered":"Pr\u00e8s de Toulouse, un garage attenant \u00e0 une maison prend feu, deux personnes \u00e9vacu\u00e9es vers les urgences"},"content":{"rendered":"<p>            Par<br \/>\n        <strong><br \/>\n            <a href=\"https:\/\/actu.fr\/auteur\/lucie-2\" title=\"Consulter tous les articles de Lucie Fraisse\" rel=\"nofollow noopener\" target=\"_blank\">Lucie Fraisse<\/a><br \/>\n        <\/strong><\/p>\n<p>        Publi\u00e9 le<\/p>\n<p>            20 sept. 2025 \u00e0 8h53        <\/p>\n<p>L\u2019intervention a eu lieu dans la commune de<strong> L\u2019Union<\/strong>, <a href=\"https:\/\/actu.fr\/toulouse\/\" rel=\"nofollow noopener\" target=\"_blank\">pr\u00e8s de Toulouse<\/a>, vendredi 19 septembre 2025, peu avant 10 heures.<\/p>\n<p>    <a href=\"https:\/\/www.google.com\/maps\/embed?pb=!1m18!1m12!1m3!1d46189.429659059635!2d1.4418325224785256!3d43.65151055648771!2m3!1f0!2f0!3f0!3m2!1i1024!2i768!4f13.1!3m3!1m2!1s0x12aea2e03c8f7b3d%3A0x406f69c2f410fd0!2s31240%20L%27Union!5e0!3m2!1sfr!2sfr!4v1758350798165!5m2!1sfr!2sfr\" title=\"Ouvrie le lien\" rel=\"nofollow noopener\" target=\"_blank\">Cliquez ici pour visualiser le contenu<\/a><\/p>\n<p>Dans un garage de 40m\u00b2<\/p>\n<p class=\" wall-content\">Le feu venait de prendre dans un garage d\u2019environ 40 m\u00b2, attenant \u00e0 une maison d\u2019habitation.<\/p>\n<p class=\" wall-content\">Les soldats du feu ont d\u00e9ploy\u00e9 la lance \u00e0 eau : une action qui a permis de circonscrire l\u2019incendie et de <strong>pr\u00e9server le pavillon de 180 m\u00b2 voisin<\/strong>.<\/p>\n<p>Deux personnes \u00e9vacu\u00e9es vers les urgences\u00a0<\/p>\n<p class=\" wall-content\">Deux personnes ont cependant \u00e9t\u00e9 prises en charge par les pompiers et une \u00e9quipe du Samu. Leur \u00e9tat de sant\u00e9 a n\u00e9cessit\u00e9 leur <strong>transport vers les urgences<\/strong>.<\/p>\n<p>Vid\u00e9os : en ce moment sur Actu<\/p>\n<p class=\" wall-content\">23 pompiers ont \u00e9t\u00e9 mobilis\u00e9s sur le sinistre.<\/p>\n<p class=\" wall-content\">Personnalisez votre actualit\u00e9 en ajoutant vos villes et m\u00e9dias en favori avec <a href=\"https:\/\/moncompte.actu.fr\" title=\"D\u00e9couvez Mon Actu\" rel=\"nofollow noopener\" data-trk=\"{&quot;cta&quot;:{&quot;action&quot;:&quot;https:\\\/\\\/moncompte.actu.fr&quot;,&quot;category&quot;:&quot;mon compte&quot;,&quot;from&quot;:&quot;article footer&quot;,&quot;name&quot;:&quot;Mon actu&quot;,&quot;type&quot;:&quot;cta&quot;}}\" target=\"_blank\">Mon Actu<\/a>.<\/p>\n","protected":false},"excerpt":{"rendered":"Par Lucie Fraisse Publi\u00e9 le 20 sept. 2025 \u00e0 8h53 L\u2019intervention a eu lieu dans la commune de&hellip;\n","protected":false},"author":2,"featured_media":404744,"comment_status":"","ping_status":"","sticky":false,"template":"","format":"standard","meta":{"footnotes":""},"categories":[2816],"tags":[1111,11,1777,674,118,1011,27,12,2680,1311,25,2312],"class_list":{"0":"post-404743","1":"post","2":"type-post","3":"status-publish","4":"format-standard","5":"has-post-thumbnail","7":"category-toulouse","8":"tag-actu","9":"tag-actualites","10":"tag-eu","11":"tag-europe","12":"tag-faits-divers","13":"tag-fr","14":"tag-france","15":"tag-news","16":"tag-occitanie","17":"tag-pompiers","18":"tag-republique-francaise","19":"tag-toulouse"},"share_on_mastodon":{"url":"https:\/\/pubeurope.com\/@fr\/115236455349106120","error":""},"_links":{"self":[{"href":"https:\/\/www.europesays.com\/fr\/wp-json\/wp\/v2\/posts\/404743","targetHints":{"allow":["GET"]}}],"collection":[{"href":"https:\/\/www.europesays.com\/fr\/wp-json\/wp\/v2\/posts"}],"about":[{"href":"https:\/\/www.europesays.com\/fr\/wp-json\/wp\/v2\/types\/post"}],"author":[{"embeddable":true,"href":"https:\/\/www.europesays.com\/fr\/wp-json\/wp\/v2\/users\/2"}],"replies":[{"embeddable":true,"href":"https:\/\/www.europesays.com\/fr\/wp-json\/wp\/v2\/comments?post=404743"}],"version-history":[{"count":0,"href":"https:\/\/www.europesays.com\/fr\/wp-json\/wp\/v2\/posts\/404743\/revisions"}],"wp:featuredmedia":[{"embeddable":true,"href":"https:\/\/www.europesays.com\/fr\/wp-json\/wp\/v2\/media\/404744"}],"wp:attachment":[{"href":"https:\/\/www.europesays.com\/fr\/wp-json\/wp\/v2\/media?parent=404743"}],"wp:term":[{"taxonomy":"category","embeddable":true,"href":"https:\/\/www.europesays.com\/fr\/wp-json\/wp\/v2\/categories?post=404743"},{"taxonomy":"post_tag","embeddable":true,"href":"https:\/\/www.europesays.com\/fr\/wp-json\/wp\/v2\/tags?post=404743"}],"curies":[{"name":"wp","href":"https:\/\/api.w.org\/{rel}","templated":true}]}}