{"id":404755,"date":"2025-09-20T11:50:21","date_gmt":"2025-09-20T11:50:21","guid":{"rendered":"https:\/\/www.europesays.com\/fr\/404755\/"},"modified":"2025-09-20T11:50:21","modified_gmt":"2025-09-20T11:50:21","slug":"linsee-decortique-le-profil-des-salaries-du-centre-commercial-de-la-part-dieu","status":"publish","type":"post","link":"https:\/\/www.europesays.com\/fr\/404755\/","title":{"rendered":"l\u2019Insee d\u00e9cortique le profil des salari\u00e9s du centre commercial de la Part-Dieu"},"content":{"rendered":"<p>\u00c0 l\u2019occasion de son 50e  anniversaire, le centre commercial Westfield <a href=\"https:\/\/www.leprogres.fr\/p\/part-dieu-lyon\" target=\"_blank\" rel=\"noopener\">La Part-Dieu<\/a>, l\u2019un des plus grands p\u00f4les commerciaux de centre-ville d\u2019Europe, a \u00e9t\u00e9 pass\u00e9 au crible par l\u2019Institut national de la statistique et des \u00e9tudes \u00e9conomiques (Insee).<\/p>\n<p>Il appara\u00eet que les 5\u00a0000 salari\u00e9s qui travaillent dans ce mall de 290 \u00e9tablissements, situ\u00e9 au c\u0153ur du quartier d\u2019affaires de la Part-Dieu (Lyon 3e ), forment \u00ab\u00a0un \u00eelot sp\u00e9cifique au sein d\u2019un quartier bien plus h\u00e9t\u00e9rog\u00e8ne\u00a0\u00bb, selon le communiqu\u00e9 de l\u2019Insee. La zone autour du centre commercial \u00e9tudi\u00e9e par les statisticiens compte pr\u00e8s de 44\u00a0000 salari\u00e9s (2\u00a0340 \u00e9tablissements).<\/p>\n<p>  Les 14-29 largement repr\u00e9sent\u00e9s<\/p>\n<p>L\u2019\u00e9tude r\u00e9v\u00e8le que\u00a0:<\/p>\n<p> \u25b6 \u2002les jeunes, \u00e2g\u00e9s de 14 \u00e0 29 ans, repr\u00e9sentent 49\u00a0% des salari\u00e9s du <a href=\"https:\/\/www.leprogres.fr\/economie\/2025\/04\/01\/comment-la-part-dieu-plus-grand-centre-commercial-de-france-defie-la-crise\" target=\"_blank\" rel=\"noopener\">centre commercial<\/a> , contre 24\u00a0% dans les entreprises du quartier.<\/p>\n<p> \u25b6 \u2002l\u2019emploi est l\u00e9g\u00e8rement plus f\u00e9minis\u00e9 au centre commercial (57\u00a0%) que dans le quartier (52\u00a0%).<\/p>\n<p> \u25b6 \u2002les salaires y sont plus faibles (1\u00a0674\u00a0\u20ac de salaire m\u00e9dian au p\u00f4le commercial contre 2\u00a0350\u00a0\u20ac aux alentours).<\/p>\n<p> \u25b6 \u2002il y a deux fois plus de temps partiel dans le centre commercial (30\u00a0%) que dans le quartier (16\u00a0%).<\/p>\n<p>Une \u00e9tude plus approfondie est en cours et donnera lieu \u00e0 une publication ult\u00e9rieure.<\/p>\n","protected":false},"excerpt":{"rendered":"\u00c0 l\u2019occasion de son 50e anniversaire, le centre commercial Westfield La Part-Dieu, l\u2019un des plus grands p\u00f4les commerciaux&hellip;\n","protected":false},"author":2,"featured_media":404756,"comment_status":"","ping_status":"","sticky":false,"template":"","format":"standard","meta":{"footnotes":""},"categories":[1889],"tags":[1111,11,2430,4406,33,2757,341,1777,674,1011,27,2428,2756,12,25,2429,801,216],"class_list":{"0":"post-404755","1":"post","2":"type-post","3":"status-publish","4":"format-standard","5":"has-post-thumbnail","7":"category-lyon","8":"tag-actu","9":"tag-actualites","10":"tag-auvergne-rhone-alpes","11":"tag-commerce-et-services","12":"tag-economie","13":"tag-edition-lyon-villeurbanne","14":"tag-emploi","15":"tag-eu","16":"tag-europe","17":"tag-fr","18":"tag-france","19":"tag-lyon","20":"tag-lyon-bassin","21":"tag-news","22":"tag-republique-francaise","23":"tag-rhone","24":"tag-social","25":"tag-vie-des-entreprises"},"share_on_mastodon":{"url":"https:\/\/pubeurope.com\/@fr\/115236478858539450","error":""},"_links":{"self":[{"href":"https:\/\/www.europesays.com\/fr\/wp-json\/wp\/v2\/posts\/404755","targetHints":{"allow":["GET"]}}],"collection":[{"href":"https:\/\/www.europesays.com\/fr\/wp-json\/wp\/v2\/posts"}],"about":[{"href":"https:\/\/www.europesays.com\/fr\/wp-json\/wp\/v2\/types\/post"}],"author":[{"embeddable":true,"href":"https:\/\/www.europesays.com\/fr\/wp-json\/wp\/v2\/users\/2"}],"replies":[{"embeddable":true,"href":"https:\/\/www.europesays.com\/fr\/wp-json\/wp\/v2\/comments?post=404755"}],"version-history":[{"count":0,"href":"https:\/\/www.europesays.com\/fr\/wp-json\/wp\/v2\/posts\/404755\/revisions"}],"wp:featuredmedia":[{"embeddable":true,"href":"https:\/\/www.europesays.com\/fr\/wp-json\/wp\/v2\/media\/404756"}],"wp:attachment":[{"href":"https:\/\/www.europesays.com\/fr\/wp-json\/wp\/v2\/media?parent=404755"}],"wp:term":[{"taxonomy":"category","embeddable":true,"href":"https:\/\/www.europesays.com\/fr\/wp-json\/wp\/v2\/categories?post=404755"},{"taxonomy":"post_tag","embeddable":true,"href":"https:\/\/www.europesays.com\/fr\/wp-json\/wp\/v2\/tags?post=404755"}],"curies":[{"name":"wp","href":"https:\/\/api.w.org\/{rel}","templated":true}]}}