{"id":404758,"date":"2025-09-20T11:54:10","date_gmt":"2025-09-20T11:54:10","guid":{"rendered":"https:\/\/www.europesays.com\/fr\/404758\/"},"modified":"2025-09-20T11:54:10","modified_gmt":"2025-09-20T11:54:10","slug":"ses-propos-haineux-lui-coutent-son-poste-a-la-prefecture-de-police-de-paris","status":"publish","type":"post","link":"https:\/\/www.europesays.com\/fr\/404758\/","title":{"rendered":"ses propos haineux lui co\u00fbtent son poste \u00e0 la pr\u00e9fecture de police de Paris"},"content":{"rendered":"<p>            Par<br \/>\n        <strong><br \/>\n            <a href=\"https:\/\/actu.fr\/auteur\/glenn-gillet\" title=\"Consulter tous les articles de Glenn Gillet\" target=\"_blank\" rel=\"noopener\">Glenn Gillet<\/a><br \/>\n        <\/strong><\/p>\n<p>        Publi\u00e9 le<\/p>\n<p>            20 sept. 2025 \u00e0 13h13        <\/p>\n<p>Grosse erreur de <strong>recrutement<\/strong> au minist\u00e8re de l\u2019Int\u00e9rieur. Un <strong>\u00e9tudiant en alternance<\/strong> \u00e0 la pr\u00e9fecture de police de Paris a \u00e9t\u00e9 cong\u00e9di\u00e9 vient d\u2019\u00eatre cong\u00e9di\u00e9 par son employeur apr\u00e8s la d\u00e9couverte de nombreuses <a href=\"https:\/\/actu.fr\/hauts-de-france\/lille_59350\/sciences-po-lille-annule-linscription-dune-etudiante-originaire-de-gaza-apres-des-propos-haineux_62980950.html\" target=\"_blank\" rel=\"noopener\">publications haineuses<\/a> sur les <strong>r\u00e9seaux sociaux<\/strong>, a rapport\u00e9 Le <a href=\"https:\/\/www.lefigaro.fr\/actualite-france\/un-etudiant-en-alternance-au-ministere-de-l-interieur-congedie-apres-la-decouverte-de-propos-anti-france-racistes-et-antisemites-20250919\" target=\"_blank\" rel=\"noopener\">Figaro<\/a> vendredi 19\u00a0septembre 2025. Le jeune homme, \u00e9tudiant en master \u00e0 l\u2019universit\u00e9 Paris-Nanterre, revendiquait notamment son <a href=\"https:\/\/actu.fr\/tag\/antisemitisme\" target=\"_blank\" rel=\"noopener\">antis\u00e9mitisme<\/a>.<\/p>\n<p>\u00ab\u2009Les juifs ont le pouvoir \u00e9conomique\u2009\u00bb<\/p>\n<p class=\" wall-content\">Parmi les publications probl\u00e9matiques sur le r\u00e9seau X on retrouve ainsi un message du 27\u00a0mai 2024 o\u00f9 il d\u00e9clare \u00ab\u2009oui <strong>je suis antis\u00e9mite<\/strong> et alors\u2009????? On n\u2019a bien banaliser les id\u00e9es racistes en France et en Europe non\u2009\u00bb (sic) ou encore une publication du 6\u00a0octobre de la m\u00eame ann\u00e9e o\u00f9 il pr\u00e9tend que \u00ab\u2009les juifs ont le pouvoirs \u00e9conomiques c\u2019est aussi pour \u00e7a que tout le monde a peur de leur dire STOP #LaForceDeLargent\u2009\u00bb (sic). Son compte X, aujourd\u2019hui d\u00e9sactiv\u00e9, abritait \u00e9galement des messages d\u2019hostilit\u00e9 vis-\u00e0-vis de la France, \u00ab\u2009vraiment un pays d\u00e9testable et \u00e7a on ne nous l\u2019apprend pas en France pour \u00e9viter la r\u00e9volte\u2009\u00bb.<\/p>\n<p class=\" wall-content\">Si son compte LinkedIn est aujourd\u2019hui introuvable, des <a href=\"https:\/\/www.liguedefensejuive.com\/swordofsalomon-charge-de-mission-a-la-prefecture-de-police-marc-aurelien-tedga-se-revendique-antisemite-2025-09-19.html?fbclid=IwY2xjawM7QI5leHRuA2FlbQIxMABicmlkETFmamR5dTh5cHNqd09uUmF1AR4OYco-ChNmGKlnNNGJEwnUl1BDg5eKebF3WJeaFqGeecFqWn-FvbgY-KAtcg_aem_12YZqrK4utJruIBe2G6ChQ\" target=\"_blank\" rel=\"noopener\">captures d\u2019\u00e9cran<\/a> circulant sur les r\u00e9seaux sociaux permettent de voir que le jeune homme avait indiqu\u00e9 occuper un poste en tant que charg\u00e9 de mission \u00ab\u2009Conseil de Paris\u2009\u00bb \u00e0 la pr\u00e9fecture de police de Paris o\u00f9 il s\u2019occupait de la \u00ab<strong>\u2009r\u00e9daction de notes<\/strong> de couverture \u00e0 destination du pr\u00e9fet de police\u2009\u00bb <a href=\"https:\/\/actu.fr\/ile-de-france\/paris_75056\/la-police-tue-le-prefet-de-police-de-paris-laurent-nunez-depose-plainte-apres-les-propos-d-un-depute-lfi_63067316.html\" target=\"_blank\" rel=\"noopener\">Laurent Nu\u00f1ez<\/a>, des \u00ab\u2009v\u00e9rifications des d\u00e9lib\u00e9rations et des expos\u00e9s des motifs pour les \u00e9lus de la Ville de Paris\u2009\u00bb et de la \u00ab\u2009r\u00e9daction des \u00e9l\u00e9ments de langage pour le pr\u00e9fet de police ou son repr\u00e9sentant au Conseil de Paris\u2009\u00bb. Dans un message publi\u00e9 le 18\u00a0septembre, il se r\u00e9jouissait d\u2019avoir int\u00e9gr\u00e9 le \u00ab\u2009minist\u00e8re de l\u2019Int\u00e9rieur pour (ses) deux ann\u00e9es de master\u2009\u00bb.<\/p>\n<p>Faille de s\u00e9curit\u00e9\u2009?<\/p>\n<p class=\" wall-content\">Mais son alternance a donc \u00e9t\u00e9 interrompue de fa\u00e7on subite pr\u00e8s \u00e0 la d\u00e9couverte de ses messages haineux. <strong>\u00ab\u2009Il a \u00e9t\u00e9 mis fin \u00e0 son contrat\u2009\u00bb<\/strong>, a indiqu\u00e9 le minist\u00e8re de l\u2019Int\u00e9rieur au Figaro, sans donner davantage de d\u00e9tails. Contact\u00e9s par actu Paris, la pr\u00e9fecture de police de Paris et le minist\u00e8re de l\u2019Int\u00e9rieur n\u2019ont pas donn\u00e9 suite \u00e0 nos sollicitations \u00e0 ce stade.<\/p>\n<p class=\" wall-content\">Ce profil interroge sur les <strong>potentielles failles<\/strong> au sein du processus de recrutement du minist\u00e8re de l\u2019Int\u00e9rieur. Le 3\u00a0octobre 2019, la pr\u00e9fecture de police de la capitale avait \u00e9t\u00e9 le th\u00e9\u00e2tre d\u2019un attentat perp\u00e9tr\u00e9 par un de ses employ\u00e9s, <a href=\"https:\/\/actu.fr\/faits-divers\/attaque-prefecture-police-cinq-proches-mickael-harpon-interpelles-dans-val-doise_28389672.html\" target=\"_blank\" rel=\"noopener\">Micka\u00ebl Harpon<\/a>, qui travaillait dans la maintenance informatique de l\u2019institution et qui \u00e9tait habilit\u00e9 \u00ab\u2009secret-d\u00e9fense\u2009\u00bb. L\u2019homme, dont le profil semblait autant influenc\u00e9 par sa radicalisation islamiste que par des troubles psychiatriques, avait tu\u00e9 quatre de ses coll\u00e8gues au sein du b\u00e2timent avant d\u2019\u00eatre abattu par un policier stagiaire.<\/p>\n<p class=\" wall-content\">Personnalisez votre actualit\u00e9 en ajoutant vos villes et m\u00e9dias en favori avec <a href=\"https:\/\/moncompte.actu.fr\" title=\"D\u00e9couvez Mon Actu\" rel=\"nofollow noopener\" data-trk=\"{&quot;cta&quot;:{&quot;action&quot;:&quot;https:\\\/\\\/moncompte.actu.fr&quot;,&quot;category&quot;:&quot;mon compte&quot;,&quot;from&quot;:&quot;article footer&quot;,&quot;name&quot;:&quot;Mon actu&quot;,&quot;type&quot;:&quot;cta&quot;}}\" target=\"_blank\">Mon Actu<\/a>.<\/p>\n","protected":false},"excerpt":{"rendered":"Par Glenn Gillet Publi\u00e9 le 20 sept. 2025 \u00e0 13h13 Grosse erreur de recrutement au minist\u00e8re de l\u2019Int\u00e9rieur.&hellip;\n","protected":false},"author":2,"featured_media":404759,"comment_status":"","ping_status":"","sticky":false,"template":"","format":"standard","meta":{"footnotes":""},"categories":[1888],"tags":[1111,1928,11,1927,6155,1777,674,118,1011,27,1014,12,1926,626,1925,1931,25],"class_list":{"0":"post-404758","1":"post","2":"type-post","3":"status-publish","4":"format-standard","5":"has-post-thumbnail","7":"category-paris","8":"tag-actu","9":"tag-actu-paris","10":"tag-actualites","11":"tag-actualites-paris","12":"tag-antisemitisme","13":"tag-eu","14":"tag-europe","15":"tag-faits-divers","16":"tag-fr","17":"tag-france","18":"tag-ministere-de-linterieur","19":"tag-news","20":"tag-news-paris","21":"tag-paris","22":"tag-paris-news","23":"tag-prefecture-de-police-de-paris","24":"tag-republique-francaise"},"share_on_mastodon":{"url":"https:\/\/pubeurope.com\/@fr\/115236494689788489","error":""},"_links":{"self":[{"href":"https:\/\/www.europesays.com\/fr\/wp-json\/wp\/v2\/posts\/404758","targetHints":{"allow":["GET"]}}],"collection":[{"href":"https:\/\/www.europesays.com\/fr\/wp-json\/wp\/v2\/posts"}],"about":[{"href":"https:\/\/www.europesays.com\/fr\/wp-json\/wp\/v2\/types\/post"}],"author":[{"embeddable":true,"href":"https:\/\/www.europesays.com\/fr\/wp-json\/wp\/v2\/users\/2"}],"replies":[{"embeddable":true,"href":"https:\/\/www.europesays.com\/fr\/wp-json\/wp\/v2\/comments?post=404758"}],"version-history":[{"count":0,"href":"https:\/\/www.europesays.com\/fr\/wp-json\/wp\/v2\/posts\/404758\/revisions"}],"wp:featuredmedia":[{"embeddable":true,"href":"https:\/\/www.europesays.com\/fr\/wp-json\/wp\/v2\/media\/404759"}],"wp:attachment":[{"href":"https:\/\/www.europesays.com\/fr\/wp-json\/wp\/v2\/media?parent=404758"}],"wp:term":[{"taxonomy":"category","embeddable":true,"href":"https:\/\/www.europesays.com\/fr\/wp-json\/wp\/v2\/categories?post=404758"},{"taxonomy":"post_tag","embeddable":true,"href":"https:\/\/www.europesays.com\/fr\/wp-json\/wp\/v2\/tags?post=404758"}],"curies":[{"name":"wp","href":"https:\/\/api.w.org\/{rel}","templated":true}]}}