{"id":404776,"date":"2025-09-20T12:03:10","date_gmt":"2025-09-20T12:03:10","guid":{"rendered":"https:\/\/www.europesays.com\/fr\/404776\/"},"modified":"2025-09-20T12:03:10","modified_gmt":"2025-09-20T12:03:10","slug":"une-cyberattaque-perturbe-le-trafic-aerien-en-europe-des-aeroports-touches","status":"publish","type":"post","link":"https:\/\/www.europesays.com\/fr\/404776\/","title":{"rendered":"Une cyberattaque perturbe le trafic a\u00e9rien en Europe: des a\u00e9roports touch\u00e9s"},"content":{"rendered":"<p>Une cyberattaque ciblant les syst\u00e8mes d\u2019enregistrement et d\u2019embarquement a perturb\u00e9 le trafic a\u00e9rien et caus\u00e9 des retards dans plusieurs grands a\u00e9roports de l\u2019Europe samedi, ont d\u00e9clar\u00e9 des responsables, bien que l\u2019impact initial semble limit\u00e9.<\/p>\n<p>Les perturbations des syst\u00e8mes \u00e9lectroniques initialement signal\u00e9es aux a\u00e9roports de Bruxelles, de Brandebourg \u00e0 Berlin et d\u2019Heathrow \u00e0 Londres signifiaient que seuls l\u2019enregistrement et l\u2019embarquement manuels \u00e9taient possibles. De nombreux autres a\u00e9roports europ\u00e9ens ont indiqu\u00e9 que leurs op\u00e9rations n\u2019\u00e9taient pas affect\u00e9es. <\/p>\n<p>\u00abIl y a eu une cyberattaque dans la nuit du vendredi 19\u00a0septembre contre le fournisseur de services pour les syst\u00e8mes d\u2019enregistrement et d\u2019embarquement affectant plusieurs a\u00e9roports europ\u00e9ens, dont l\u2019a\u00e9roport de Bruxelles\u00bb, a d\u00e9voil\u00e9 Brussels Airport dans un communiqu\u00e9, signalant initialement un \u00abimpact important\u00bb sur les horaires des vols.<\/p>\n<p>Les a\u00e9roports ont soulign\u00e9 que le probl\u00e8me \u00e9tait centr\u00e9 sur un fournisseur de syst\u00e8mes d\u2019enregistrement et d\u2019embarquement \u2014 pas sur les compagnies a\u00e9riennes ou les a\u00e9roports eux-m\u00eames.<\/p>\n<p>Collins Aerospace, dont les syst\u00e8mes aident les passagers \u00e0 s\u2019enregistrer eux-m\u00eames, imprimer leurs cartes d\u2019embarquement et les \u00e9tiquettes de bagages et exp\u00e9dier leurs bagages \u00e0 partir d\u2019une borne interactive, a cit\u00e9 une \u00abperturbation li\u00e9e \u00e0 la cybers\u00e9curit\u00e9\u00bb dans son logiciel MUSE (Multi-User System Environment) dans \u00abcertains a\u00e9roports\u00bb. <\/p>\n<p>Au fur et \u00e0 mesure que la journ\u00e9e avan\u00e7ait, les retomb\u00e9es semblaient contenues.<\/p>\n<p>La porte-parole de l\u2019a\u00e9roport de Bruxelles, Ihsane Chioua Lekhli, a d\u00e9clar\u00e9 \u00e0 la cha\u00eene VTM qu\u2019en milieu de matin\u00e9e, neuf vols avaient \u00e9t\u00e9 annul\u00e9s, quatre ont \u00e9t\u00e9 redirig\u00e9s vers un autre a\u00e9roport et 15\u00a0ont subi des retards d\u2019une heure ou plus. Elle a affirm\u00e9 qu\u2019il n\u2019\u00e9tait pas imm\u00e9diatement clair combien de temps les perturbations pourraient durer.<\/p>\n<p>Axel Schmidt, responsable des communications \u00e0 l\u2019a\u00e9roport de Brandebourg, a d\u00e9clar\u00e9 samedi avant-midi qu\u2019il n\u2019y avait \u00abpas de vols annul\u00e9s pour cette raison sp\u00e9cifique, mais (que) cela pourrait changer\u00bb. L\u2019a\u00e9roport de Berlin a fait savoir que les op\u00e9rateurs avaient coup\u00e9 les connexions aux syst\u00e8mes concern\u00e9s.<\/p>\n<p>Heathrow, l\u2019a\u00e9roport le plus fr\u00e9quent\u00e9 d\u2019Europe, a indiqu\u00e9 que la perturbation a \u00e9t\u00e9 \u00abminimale\u00bb et qu\u2019il n\u2019y a eu aucune annulation de vol directement li\u00e9e aux probl\u00e8mes affectant Collins. Un porte-parole n\u2019a pas voulu fournir de d\u00e9tails sur le nombre de vols qui ont \u00e9t\u00e9 retard\u00e9s en raison de la cyberattaque. <\/p>\n<p>Les diff\u00e9rents a\u00e9roports europ\u00e9ens ont conseill\u00e9 aux voyageurs de v\u00e9rifier le statut de leur vol et se sont excus\u00e9s pour tout inconv\u00e9nient.<\/p>\n<p>Collins, une soci\u00e9t\u00e9 de technologie pour l\u2019aviation et la d\u00e9fense qui est une filiale de RTX Corp., anciennement Raytheon Technologies, a d\u00e9clar\u00e9 qu\u2019elle \u00abtravaillait activement \u00e0 r\u00e9soudre le probl\u00e8me et \u00e0 r\u00e9tablir la pleine fonctionnalit\u00e9\u00bb pour ses clients \u00abaussi rapidement que possible\u00bb. <\/p>\n<p>\u00abL\u2019impact est limit\u00e9 \u00e0 l\u2019enregistrement \u00e9lectronique des clients et \u00e0 la livraison de bagages, et peut \u00eatre att\u00e9nu\u00e9 par les op\u00e9rations d\u2019enregistrement manuel\u00bb, a-t-elle d\u00e9clar\u00e9 dans un communiqu\u00e9.<\/p>\n","protected":false},"excerpt":{"rendered":"Une cyberattaque ciblant les syst\u00e8mes d\u2019enregistrement et d\u2019embarquement a perturb\u00e9 le trafic a\u00e9rien et caus\u00e9 des retards dans&hellip;\n","protected":false},"author":2,"featured_media":404777,"comment_status":"","ping_status":"","sticky":false,"template":"","format":"standard","meta":{"footnotes":"","_share_on_mastodon":"0"},"categories":[1586],"tags":[11,1777,674,1011,27,4574,1854,20106,53624,21611,12,25],"class_list":["post-404776","post","type-post","status-publish","format-standard","has-post-thumbnail","category-europe","tag-actualites","tag-eu","tag-europe","tag-fr","tag-france","tag-https-lactualite-com-sujet-affaires","tag-https-lactualite-com-sujet-international","tag-https-lactualite-com-sujet-justice","tag-https-lactualite-com-sujet-materiel-informatique","tag-https-lactualite-com-sujet-transport","tag-news","tag-republique-francaise"],"share_on_mastodon":{"url":"https:\/\/pubeurope.com\/@fr\/115236530069686737","error":""},"_links":{"self":[{"href":"https:\/\/www.europesays.com\/fr\/wp-json\/wp\/v2\/posts\/404776","targetHints":{"allow":["GET"]}}],"collection":[{"href":"https:\/\/www.europesays.com\/fr\/wp-json\/wp\/v2\/posts"}],"about":[{"href":"https:\/\/www.europesays.com\/fr\/wp-json\/wp\/v2\/types\/post"}],"author":[{"embeddable":true,"href":"https:\/\/www.europesays.com\/fr\/wp-json\/wp\/v2\/users\/2"}],"replies":[{"embeddable":true,"href":"https:\/\/www.europesays.com\/fr\/wp-json\/wp\/v2\/comments?post=404776"}],"version-history":[{"count":0,"href":"https:\/\/www.europesays.com\/fr\/wp-json\/wp\/v2\/posts\/404776\/revisions"}],"wp:featuredmedia":[{"embeddable":true,"href":"https:\/\/www.europesays.com\/fr\/wp-json\/wp\/v2\/media\/404777"}],"wp:attachment":[{"href":"https:\/\/www.europesays.com\/fr\/wp-json\/wp\/v2\/media?parent=404776"}],"wp:term":[{"taxonomy":"category","embeddable":true,"href":"https:\/\/www.europesays.com\/fr\/wp-json\/wp\/v2\/categories?post=404776"},{"taxonomy":"post_tag","embeddable":true,"href":"https:\/\/www.europesays.com\/fr\/wp-json\/wp\/v2\/tags?post=404776"}],"curies":[{"name":"wp","href":"https:\/\/api.w.org\/{rel}","templated":true}]}}