{"id":404789,"date":"2025-09-20T12:14:10","date_gmt":"2025-09-20T12:14:10","guid":{"rendered":"https:\/\/www.europesays.com\/fr\/404789\/"},"modified":"2025-09-20T12:14:10","modified_gmt":"2025-09-20T12:14:10","slug":"denis-zakaria-finalement-absent-deux-mois-selon-lentraineur-de-monaco","status":"publish","type":"post","link":"https:\/\/www.europesays.com\/fr\/404789\/","title":{"rendered":"Denis Zakaria finalement absent \u00abdeux mois\u00bb selon l&rsquo;entra\u00eeneur de Monaco"},"content":{"rendered":"<p>Touch\u00e9 aux adducteurs mercredi, le milieu de terrain et capitaine du club de la Principaut\u00e9 devrait manquer deux mois de comp\u00e9tition.<\/p>\n<p class=\"fig-paragraph\">L&rsquo;entra\u00eeneur de Monaco Adi H\u00fctter a expliqu\u00e9 samedi que la blessure aux adducteurs de son milieu de terrain suisse et capitaine Denis Zakaria l&rsquo;\u00e9loignerait des terrains \u00abdeux mois\u00bb, qui s&rsquo;est bless\u00e9 \u00e0 l&rsquo;entra\u00eenement mercredi et n&rsquo;a pas particip\u00e9 \u00e0 la d\u00e9route de son \u00e9quipe jeudi \u00e0 Bruges en phase de ligue de Ligue des champions. \u00abS&rsquo;il se r\u00e9tablit plus vite, nous serons contents, a poursuivi H\u00fctter. Pour chaque blessure, tout d\u00e9pend du facteur personnel, mais je pense qu&rsquo;avant deux mois, nous ne le reverrons pas.\u00bb<\/p>\n<p class=\"fig-paragraph\">Selon cette estimation, le joueur pourrait manquer une douzaine de matches de son \u00e9quipe jusqu&rsquo;\u00e0 la tr\u00eave internationale en novembre. L&rsquo;entra\u00eeneur a pr\u00e9cis\u00e9 que le d\u00e9fenseur Mohammed Salisu, \u00e9galement absent \u00e0 Bruges, serait de retour contre Metz dimanche (17h15) en Principaut\u00e9 en Ligue 1, mais ne devrait pas pouvoir compter pour cette rencontre sur Christian Mawissa (ischio-jambiers).<\/p>\n<p>                                    <a class=\"fig-a11y-skip a11y-hidden\" href=\"#fig-a11y-skip-main-inarticle\"><br \/>\n        Passer la publicit\u00e9<br \/>\n    <\/a><\/p>\n<p class=\"fig-paragraph\">H\u00fctter a confirm\u00e9 les forfaits pour ce match de la 5e journ\u00e9e de L1 du milieu Aleksandr Golovin, bless\u00e9 ischio-jambiers de la cuisse droite et \u00ababsent quelques semaines, peut-\u00eatre apr\u00e8s la prochaine tr\u00eave internationale\u00bb, et du gardien Lukas Hradecky (entorse du genou gauche avec rupture du ligament lat\u00e9ral interne).<\/p>\n","protected":false},"excerpt":{"rendered":"Touch\u00e9 aux adducteurs mercredi, le milieu de terrain et capitaine du club de la Principaut\u00e9 devrait manquer deux&hellip;\n","protected":false},"author":2,"featured_media":404790,"comment_status":"","ping_status":"","sticky":false,"template":"","format":"standard","meta":{"footnotes":""},"categories":[1412],"tags":[525,1981,814,1451,2257,63,1452,1453,1454,1455,1011,27,3309,66,1307,955,1176,978,93,1980,60],"class_list":{"0":"post-404789","1":"post","2":"type-post","3":"status-publish","4":"format-standard","5":"has-post-thumbnail","7":"category-f1","8":"tag-calendrier","9":"tag-classement","10":"tag-direct","11":"tag-f1","12":"tag-foot","13":"tag-football","14":"tag-formula-1","15":"tag-formula1","16":"tag-formule-1","17":"tag-formule1","18":"tag-fr","19":"tag-france","20":"tag-l1","21":"tag-ligue-1","22":"tag-lille","23":"tag-match","24":"tag-olympique-de-marseille","25":"tag-olympique-lyonnais","26":"tag-psg","27":"tag-resultats","28":"tag-sports"},"share_on_mastodon":{"url":"https:\/\/pubeurope.com\/@fr\/115236573556354632","error":""},"_links":{"self":[{"href":"https:\/\/www.europesays.com\/fr\/wp-json\/wp\/v2\/posts\/404789","targetHints":{"allow":["GET"]}}],"collection":[{"href":"https:\/\/www.europesays.com\/fr\/wp-json\/wp\/v2\/posts"}],"about":[{"href":"https:\/\/www.europesays.com\/fr\/wp-json\/wp\/v2\/types\/post"}],"author":[{"embeddable":true,"href":"https:\/\/www.europesays.com\/fr\/wp-json\/wp\/v2\/users\/2"}],"replies":[{"embeddable":true,"href":"https:\/\/www.europesays.com\/fr\/wp-json\/wp\/v2\/comments?post=404789"}],"version-history":[{"count":0,"href":"https:\/\/www.europesays.com\/fr\/wp-json\/wp\/v2\/posts\/404789\/revisions"}],"wp:featuredmedia":[{"embeddable":true,"href":"https:\/\/www.europesays.com\/fr\/wp-json\/wp\/v2\/media\/404790"}],"wp:attachment":[{"href":"https:\/\/www.europesays.com\/fr\/wp-json\/wp\/v2\/media?parent=404789"}],"wp:term":[{"taxonomy":"category","embeddable":true,"href":"https:\/\/www.europesays.com\/fr\/wp-json\/wp\/v2\/categories?post=404789"},{"taxonomy":"post_tag","embeddable":true,"href":"https:\/\/www.europesays.com\/fr\/wp-json\/wp\/v2\/tags?post=404789"}],"curies":[{"name":"wp","href":"https:\/\/api.w.org\/{rel}","templated":true}]}}