{"id":404799,"date":"2025-09-20T12:19:13","date_gmt":"2025-09-20T12:19:13","guid":{"rendered":"https:\/\/www.europesays.com\/fr\/404799\/"},"modified":"2025-09-20T12:19:13","modified_gmt":"2025-09-20T12:19:13","slug":"lapinot-est-de-retour-en-voila-un-come-back-en-librairie-qui-fait-du-bien","status":"publish","type":"post","link":"https:\/\/www.europesays.com\/fr\/404799\/","title":{"rendered":"Lapinot est de retour\u00a0: en voil\u00e0 un come-back en librairie qui fait du bien\u00a0!"},"content":{"rendered":"<p><b>La BD espionnage de la semaine : plong\u00e9e au c\u0153ur de la DGSI<\/b><\/p>\n<p class=\"text-left ap-StoryElement ap-StoryElement--mb ap-StoryText\"><b>Le Pitch<\/b> : Intelligences. En 2019, le port strat\u00e9gique syrien de Lattaqui\u00e9 est tenu par l&rsquo;Iran. Le risque est immense que les gardiens de la r\u00e9volution l&rsquo;utilisent pour faire entrer des armes, faisant ainsi du Proche-Orient une v\u00e9ritable poudri\u00e8re. Au sein de la DGSI, le commandant Mougin dirige l&rsquo;\u00e9quipe en charge du contre-espionnage iranien. C&rsquo;est donc sur le territoire fran\u00e7ais que Gr\u00e9goire, ancien flic de la PJ, Eliott, Antoine, Chlo\u00e9 et Ana\u00efs op\u00e8rent, en coordination avec les services secrets isra\u00e9liens, pour obtenir des renseignements.<\/p>\n<p class=\"text-left ap-StoryElement ap-StoryElement--mb ap-StoryText\"><b>Notre avis<\/b> : Pour \u00eatre les plus proches possibles de la r\u00e9alit\u00e9 de ce monde opaque de l'\u00a0\u00bb intelligence\u00a0\u00bb et du \u00ab\u00a0renseignement\u00a0\u00bb, les auteurs (Philippe Pelaez et Gontran Toussaint) se sont appuy\u00e9s sur les connaissances d&rsquo;un ancien agent du contre-espionnage, Hugo de B\u00e9nat. Soutenue par un dessin r\u00e9aliste qui n&rsquo;est pas sans rappeler les plus belles heures de XIII, et donc Vance, Intelligences plonge le lecteur imm\u00e9diatement dans le bain de la DGSI (Direction G\u00e9n\u00e9rale de la S\u00e9curit\u00e9 Int\u00e9rieure) dont les chevaux de bataille sont principalement la lutte contre le terrorisme, le contre-espionnage et la cyberd\u00e9fense. Alors qu&rsquo;au final il y a peu d&rsquo;action avant les derni\u00e8res pages de la BD, le lecteur est tenu en haleine sur les 90 planches et participe r\u00e9ellement \u00e0 la mise en place d&rsquo;un plan strat\u00e9gique de la DGSI pour arriver \u00e0 ses fins. Haletant et psychologique !<\/p>\n<p><img loading=\"lazy\" decoding=\"async\" class=\"w-full lazyload lazyload--opacity object-contain\" style=\"aspect-ratio:159 \/ 100;opacity:1\" alt=\"Intelligences est sorti chez Dargaud !\" width=\"768\" height=\"483\" fetchpriority=\"auto\" src=\"https:\/\/www.europesays.com\/fr\/wp-content\/uploads\/2025\/04\/1743819792_235_S5VKD3X55FFF3BW6V4SEHXNP7I.png\"  data- data-optimumx=\"1\"\/>Intelligences est sorti chez Dargaud ! \u00a9Dargaud<a href=\"https:\/\/www.dhnet.be\/medias\/livresbd\/2025\/09\/03\/bob-et-bobette-qui-sembrassent-langoureusement-non-vous-ne-revez-pas-rencontre-avec-marc-legendre-lhomme-derriere-leur-nouvelle-aventure-XDL5J47ZCRFORBBM5RNNY7HKDY\/\" target=\"_blank\" rel=\"noopener noreferrer\" class=\"ap-StoryInterstitialLink ap-StoryElement ap-StoryElement--mb\">Bob et Bobette qui s&#8217;embrassent langoureusement ? Non, vous ne r\u00eavez pas&#8230; Rencontre avec Marc Legendre, l&rsquo;homme derri\u00e8re leur nouvelle aventure<\/a><b>La BD<\/b> <b>\u00ab\u00a0Grand retour\u00a0\u00bb de la semaine : Lapinot et ses acolytes en grande forme<\/b><\/p>\n<p class=\"text-left ap-StoryElement ap-StoryElement--mb ap-StoryText\"><b>Le Pitch<\/b> : Une aventure de Lapinot \u2013 Le chapeau maudit. Par une douce nuit d&rsquo;\u00e9clipse de Lune, Lapinot, Richard, Camille et Alice se sont donn\u00e9 rendez-vous dans un ch\u00e2teau en ruines. Or d&rsquo;autres ont eu la m\u00eame id\u00e9e : la bande d&rsquo;Isaac et Salomon, celle de Karim et Abdel, des bikers\u2026 et des amateurs de jeu de r\u00f4le\u2026<\/p>\n<p class=\"text-left ap-StoryElement ap-StoryElement--mb ap-StoryText\"><b>Notre avis<\/b> : En voil\u00e0 un retour en librairie qui fait du bien ! Lapinot effectue donc sa rentr\u00e9e chez Dargaud, hors collection, apr\u00e8s plusieurs ann\u00e9es d&rsquo;absence. Pour cette aventure, le personnage aux grandes oreilles est entour\u00e9 de l&rsquo;in\u00e9vitable Richard, toujours aussi dispers\u00e9, de Camille, Alice, Tania et Fabien. Et on est vraiment content de retrouver l&rsquo;univers particulier de Trondheim avec son humour tr\u00e8s second degr\u00e9, sa fausse candeur, ses saillies pince-sans-rire, ses situations absurdes et ses dialogues vifs. Le lecteur y retrouvera toute une s\u00e9rie de petites th\u00e9matiques en lien avec notre actualit\u00e9 (fake news, etc.). Voir la toute derni\u00e8re planche o\u00f9 Lapinot et Richard dissertent sur l&rsquo;IA\u2026 Trondheim, gr\u00e2ce \u00e0 ce fameux chapeau magique, se permet de confronter son lecteur \u00e0 plusieurs comme le fantastique, la critique sociale ou encore le\u2026 fait divers ! Comme une r\u00e9confortante tisane lors des premi\u00e8res chutes des temp\u00e9ratures.<\/p>\n<p><b>La BD Umour de la semaine : tout ce qui n&rsquo;est pas faux dans cet ouvrage est enti\u00e8rement vrai !<\/b><\/p>\n<p class=\"text-left ap-StoryElement ap-StoryElement--mb ap-StoryText\"><b>Le Pitch <\/b>: Un petit pas pour l&rsquo;homme \u2013 Un croche-patte pour l&rsquo;humanit\u00e9 (tome 2). Vous d\u00e9couvrirez la face cach\u00e9e des plus grandes d\u00e9couvertes de l&rsquo;Humanit\u00e9 ! Le destin de Tesla, la cr\u00e9ation du moteur \u00e0 explosion, les d\u00e9boires de Marie Curie ou encore les aventures des Fr\u00e8res Wright et de leur premier avion\u2026 Avec son humour d\u00e9licieusement d\u00e9cal\u00e9, Libon nous embarque dans un voyage \u00e0 travers le temps pour revisiter les plus grandes d\u00e9couvertes et inventions des si\u00e8cles pass\u00e9s.<\/p>\n<p class=\"text-left ap-StoryElement ap-StoryElement--mb ap-StoryText\"><b>Notre avis<\/b> : Chez Fluide Glacial, c&rsquo;est un truc qu&rsquo;on aime bien faire. Prendre des \u00e9v\u00e9nements, des faits historiques et les passer \u00e0 la moulinette de l&rsquo;humour \u00e0 la fa\u00e7on Fluide. Cela a d\u00e9j\u00e0 \u00e9t\u00e9 le cas avec <a href=\"https:\/\/www.dhnet.be\/medias\/livresbd\/2024\/01\/12\/sorties-bd-la-douleur-vue-par-fluide-glacial-un-excellent-thriller-a-bonn-et-une-histoire-totalement-dejantee-VDYNGG4PUNDCFM77FV2RLX25YM\/\" target=\"_self\" rel=\"noopener\">la douleur<\/a> au fil des si\u00e8cles, la cr\u00e9ation <a href=\"https:\/\/www.dhnet.be\/medias\/livresbd\/2024\/07\/18\/a-quelques-encablures-des-jo-de-paris-la-bd-qui-raconte-lhistoire-du-sport-par-des-recits-improbables-et-incroyables-mais-absolument-vrais-LE7JLGNUBJCNPLG3QVFUC6UO7E\/\" target=\"_self\" rel=\"noopener\">des sports olympiques<\/a>, les <a href=\"https:\/\/www.dhnet.be\/medias\/livresbd\/2024\/12\/07\/sorties-bd-eborgne-ampute-blesse-par-balles-plusieurs-fois-crashe-en-avion-evade-lhistoire-totalement-dingue-dun-heros-de-guerre-belge-KVHQ6RST6JGCHBN57FPSB2FOMM\/\" target=\"_self\" rel=\"noopener\">guerres<\/a>\u2026 Ici, avec Libon aux commandes, c&rsquo;est le domaine des inventions qui est ratiss\u00e9. On y \u00e9voque la chirurgie d&rsquo;Ambroise Par\u00e9, la premi\u00e8re voiture \u00e0 vapeur de Cugnot, la dynamite de Nobel ou encore l&rsquo;\u00e9olypile de H\u00e9ron d&rsquo;Alexandrie\u2026 Vous ne savez absolument pas de quoi il s&rsquo;agit ? Vous irez le lire par vous-m\u00eame et rire de l&rsquo;humour potache et des situations surr\u00e9alistes imagin\u00e9es par l&rsquo;auteur. Et bonne nouvelle : si ce second tome vous pla\u00eet, il y a le premier qui date de 2002. De rien !<\/p>\n<p><a href=\"https:\/\/www.dhnet.be\/medias\/livresbd\/2025\/09\/06\/de-la-recherche-urgente-dun-souverain-pour-un-pays-neuf-a-lespoir-incarne-par-une-future-reine-lhistoire-des-rois-belges-en-bd-LUFX3LPQX5AH3LAKEPZ7ZGKCIE\/\" target=\"_blank\" rel=\"noopener noreferrer\" class=\"ap-StoryInterstitialLink ap-StoryElement ap-StoryElement--mb\">De la recherche urgente d&rsquo;un souverain pour un pays neuf \u00e0 l&rsquo;espoir incarn\u00e9 par une future reine : l&rsquo;histoire des rois belges en BD !<\/a><b>La BD western de la semaine : un si gentil gar\u00e7on\u2026<\/b><\/p>\n<p class=\"text-left ap-StoryElement ap-StoryElement--mb ap-StoryText\"><b>Le Pitch<\/b> : Pump \u2013 En avril 1871, en Arizona, une bande d&rsquo;outlaws attaque une diligence, tuant tous les voyageurs. Par miracle, un adolescent \u00e9chappe au carnage et profite de l&rsquo;occasion pour voler l&rsquo;identit\u00e9 du neveu d&rsquo;une des victimes. Devenu Edward G. Pump, il est recueilli par le sh\u00e9rif qui lui ouvre les portes de sa maison\u2026 et, sans le savoir, celles de la chambre de son \u00e9pouse et de sa fille\u2026.<\/p>\n<p class=\"text-left ap-StoryElement ap-StoryElement--mb ap-StoryText\"><b>Notre avis <\/b>: Le genre western est en plein boum depuis des ann\u00e9es et chaque \u00e9diteur s&rsquo;y engouffre. \u00c0 croire que le public en redemande ! Anspach, jeune maison d&rsquo;\u00e9ditions belge, n&rsquo;\u00e9chappe pas au ph\u00e9nom\u00e8ne. Elle pr\u00e9sente en cette fin de mois de septembre, Pump. Une nouvelle s\u00e9rie qui a \u00e9t\u00e9 confi\u00e9e \u00e0 l&rsquo;auteur Rodolphe, profil tr\u00e8s exp\u00e9riment\u00e9, et au dessinateur Laurent Gnoni. Le duo a trouv\u00e9 la bonne recette pour mettre le lecteur face \u00e0 une solide histoire assez originale au final puisqu&rsquo;il s&rsquo;agit d&rsquo;usurpation d&rsquo;identit\u00e9 et de vol d&rsquo;h\u00e9ritage sur fond de sexe et de violence. Bref, le parfait combo pour emmener le lecteur dans cette petite bourgade de l&rsquo;\u00c9tat d&rsquo;Arizona. Mais le plan machiav\u00e9lique de ce crotale en bottes va-t-il fonctionner jusqu&rsquo;au bout ? \u00c0 vous de le d\u00e9couvrir\u2026<\/p>\n<p><img loading=\"lazy\" decoding=\"async\" class=\"w-full lazyload lazyload--opacity object-contain\" style=\"aspect-ratio:154 \/ 100;opacity:1\" alt=\"Pump, une nouvelle s\u00e9rie western sortie chez Anspach.\" width=\"768\" height=\"499\" fetchpriority=\"auto\" src=\"https:\/\/www.europesays.com\/fr\/wp-content\/uploads\/2025\/04\/1743819792_235_S5VKD3X55FFF3BW6V4SEHXNP7I.png\"  data- data-optimumx=\"1\"\/>Pump, une nouvelle s\u00e9rie western sortie chez Anspach. \u00a9Anspach<b>La BD<\/b> <b>\u00ab\u00a0ours mal l\u00e9ch\u00e9\u00a0\u00bb de la semaine : quand Grizzli f\u00e2ch\u00e9 lui toujours faire cela !<\/b><\/p>\n<p class=\"text-left ap-StoryElement ap-StoryElement--mb ap-StoryText\"><b>Le Pitch<\/b> : Le Grizzli : Une haleine de cadavre (T2). Un copain turfiste de Toine, et ancien truand comme Toine et le Grizzli, se rapproche d&rsquo;eux au nom d&rsquo;une longue amiti\u00e9\u2026 et d&rsquo;un petit service qu&rsquo;il leur explique. Sa fille a disparu, sans explication, il a donc besoin d&rsquo;aide pour la retrouver.<\/p>\n<p class=\"text-left ap-StoryElement ap-StoryElement--mb ap-StoryText\"><b>Notre avis<\/b> : Le deuxi\u00e8me tome du Grizzli est comme la carrure de Guy\u2026 carr\u00e9 ! Une bonne histoire de service et de mission d\u00e9licate rendus \u00e0 un vieux pote du milieu. L&rsquo;amiti\u00e9, cela n&rsquo;a pas de prix, en tous les cas m\u00eame pas celui de la vie d&rsquo;un homme. Gare aux m\u00e9chants qui von tomber entre les pinces du Grizzli, ce sera pas comac. Comme d&rsquo;habitude, les dialogues ne feraient pas rougir un Audiard. Le dessin nerveux et expressif compl\u00e8te le tableau parisien des ann\u00e9es 1960. Bref, on se tire la bourre les aminches. \u00c0 noter, un lexique d&rsquo;argots en fin de tome, c&rsquo;est toujours cela en plus !<\/p>\n<p class=\"text-left ap-StoryElement ap-StoryElement--mb ap-StoryText\">Enfin, \u00e0 noter \u00e9galement et sorti \u00e0 la fin du mois d&rsquo;ao\u00fbt chez Dupuis, le second tome des <b>Exil\u00e9s de Mosseheim &#8211; Seul compte le silence<\/b>. Pour rappel, l&rsquo;Europe conna\u00eet ses heures les plus noires. L&rsquo;explosion de la centrale nucl\u00e9aire de Mosseheim en France a plong\u00e9 le monde occidental dans le chaos. Si le grand public, abreuv\u00e9 de news aussi sommaires que polaris\u00e9es, ne se doute pas de ce qui se joue avec cette catastrophe, un myst\u00e9rieux groupe d&rsquo;intervention cherche \u00e0 supprimer Verdier, t\u00e9moin g\u00eanant qui, lui, conna\u00eet la v\u00e9rit\u00e9. Depuis le d\u00e9c\u00e8s de son \u00e9pouse, victime des radiations, Christophe Murrat tente de d\u00e9nouer cette affaire. Si ses enfants se r\u00e9fugient dans la col\u00e8re et le d\u00e9ni, Murrat a fait le serment de trouver les v\u00e9ritables coupables.<\/p>\n","protected":false},"excerpt":{"rendered":"La BD espionnage de la semaine : plong\u00e9e au c\u0153ur de la DGSI Le Pitch : Intelligences. En&hellip;\n","protected":false},"author":2,"featured_media":404800,"comment_status":"","ping_status":"","sticky":false,"template":"","format":"standard","meta":{"footnotes":""},"categories":[1357],"tags":[9499,26386,26387,1379,24765,2360,53625,53626,827,53627,26389,58,26390,26391,59,26392,2257,63,38562,1011,27,46605,37168,26394,53628,1380,38564,26396,8355,8359,53629,53630,60,32915,53631,53632,8363],"class_list":{"0":"post-404799","1":"post","2":"type-post","3":"status-publish","4":"format-standard","5":"has-post-thumbnail","7":"category-livres","8":"tag-adult","9":"tag-antwerpen","10":"tag-anvers","11":"tag-books","12":"tag-brussel","13":"tag-bruxelles","14":"tag-child","15":"tag-childhood","16":"tag-competition","17":"tag-crowd","18":"tag-d1","19":"tag-divertissement","20":"tag-division-un","21":"tag-eerste-klasse","22":"tag-entertainment","23":"tag-first-division","24":"tag-foot","25":"tag-football","26":"tag-football-player","27":"tag-fr","28":"tag-france","29":"tag-full-length","30":"tag-grass","31":"tag-group-of-people","32":"tag-kicking","33":"tag-livres","34":"tag-player","35":"tag-premiere-division","36":"tag-rsca","37":"tag-soccer","38":"tag-soccer-player","39":"tag-sporting-anderlecht","40":"tag-sports","41":"tag-stadium","42":"tag-tackle","43":"tag-team-sport","44":"tag-voetbal"},"share_on_mastodon":{"url":"https:\/\/pubeurope.com\/@fr\/115236593648740011","error":""},"_links":{"self":[{"href":"https:\/\/www.europesays.com\/fr\/wp-json\/wp\/v2\/posts\/404799","targetHints":{"allow":["GET"]}}],"collection":[{"href":"https:\/\/www.europesays.com\/fr\/wp-json\/wp\/v2\/posts"}],"about":[{"href":"https:\/\/www.europesays.com\/fr\/wp-json\/wp\/v2\/types\/post"}],"author":[{"embeddable":true,"href":"https:\/\/www.europesays.com\/fr\/wp-json\/wp\/v2\/users\/2"}],"replies":[{"embeddable":true,"href":"https:\/\/www.europesays.com\/fr\/wp-json\/wp\/v2\/comments?post=404799"}],"version-history":[{"count":0,"href":"https:\/\/www.europesays.com\/fr\/wp-json\/wp\/v2\/posts\/404799\/revisions"}],"wp:featuredmedia":[{"embeddable":true,"href":"https:\/\/www.europesays.com\/fr\/wp-json\/wp\/v2\/media\/404800"}],"wp:attachment":[{"href":"https:\/\/www.europesays.com\/fr\/wp-json\/wp\/v2\/media?parent=404799"}],"wp:term":[{"taxonomy":"category","embeddable":true,"href":"https:\/\/www.europesays.com\/fr\/wp-json\/wp\/v2\/categories?post=404799"},{"taxonomy":"post_tag","embeddable":true,"href":"https:\/\/www.europesays.com\/fr\/wp-json\/wp\/v2\/tags?post=404799"}],"curies":[{"name":"wp","href":"https:\/\/api.w.org\/{rel}","templated":true}]}}