{"id":404803,"date":"2025-09-20T12:21:14","date_gmt":"2025-09-20T12:21:14","guid":{"rendered":"https:\/\/www.europesays.com\/fr\/404803\/"},"modified":"2025-09-20T12:21:14","modified_gmt":"2025-09-20T12:21:14","slug":"ed-sheeran-a-charge-son-epouse-de-choisir-les-titres-de-son-album-posthume-sil-venait-a-mourir-avant-elle","status":"publish","type":"post","link":"https:\/\/www.europesays.com\/fr\/404803\/","title":{"rendered":"Ed Sheeran a charg\u00e9 son \u00e9pouse de choisir les titres de son album posthume s\u2019il venait \u00e0 mourir avant elle"},"content":{"rendered":"<p>Ed Sheeran a toujours su garder la main sur sa carri\u00e8re, et ce sera encore le cas s\u2019il venait \u00e0 dispara\u00eetre avant d\u2019avoir mis \u00e0 point final \u00e0 son \u0153uvre. Le <a href=\"https:\/\/www.20minutes.fr\/tempo\/4172005-20250910-concert-ed-sheeran-ticketmaster-astuces-obtenir-places-premier\" target=\"_blank\" class=\"c-link c-link--is-underlined\" rel=\"nofollow noopener\">chanteur britannique<\/a> a beau n\u2019avoir que 34 ans, il a d\u00e9j\u00e0 tout pr\u00e9vu pour <a href=\"https:\/\/www.20minutes.fr\/arts-stars\/culture\/musique\/4172133-20250912-debat-comment-album-posthume-nino-vella-decede-31-ans-vu-jour\" target=\"_blank\" class=\"c-link c-link--is-underlined\" rel=\"nofollow noopener\">un album posthume<\/a>. Comme il l\u2019a confi\u00e9 \u00e0 Zane Lowe pour Apple Music, ce disque hypoth\u00e9tique devrait s\u2019intituler Eject, et la s\u00e9lection des morceaux serait confi\u00e9e \u00e0 son \u00e9pouse Cherry Seaborn s\u2019il disparaissait en premier.<\/p>\n<p>\u00ab\u00a0C\u2019est inscrit dans mon testament, et Cherry aura le droit de choisir les morceaux\u00a0\u00bb, <a href=\"https:\/\/www.youtube.com\/watch?v=KxgqbOuXbs0\" rel=\"nofollow noopener\" target=\"_blank\" class=\"c-link c-link--is-underlined\">a expliqu\u00e9<\/a> celui qui vient de d\u00e9voiler son huiti\u00e8me album studio. Quant \u00e0 son disque posthume, il souhaite une compilation de ses meilleurs titres depuis l\u2019\u00e2ge de 18 ans. \u00ab\u00a0Quand je mourrai, elle devra s\u00e9lectionner les 10 meilleures chansons. Imaginez si <a href=\"https:\/\/www.20minutes.fr\/arts-stars\/4127772-20241206-paul-mccartney-82-ans-toujours-vent-fait-defiler-bande-vies-paris\" target=\"_blank\" class=\"c-link c-link--is-underlined\" rel=\"nofollow noopener\">Paul McCartney<\/a> d\u00e9c\u00e9dait et qu\u2019on d\u00e9couvre des enregistrements des Beatles datant de ses 16 ans jusqu\u2019aux plus r\u00e9cents, les 10 meilleurs de toute sa carri\u00e8re\u00a0\u00bb, a-t-il d\u00e9velopp\u00e9.<\/p>\n<p>\u00c9viter le massacre<\/p>\n<p>\u00ab\u00a0Beaucoup de gens n\u2019appr\u00e9cieront pas cette id\u00e9e venant de moi, mais mes fans trouveront \u00e7a vraiment int\u00e9ressant\u00a0\u00bb, a insist\u00e9 Ed Sheeran.<\/p>\n<p>Car si certains pourraient consid\u00e9rer ce geste comme un peu pr\u00e9coce, voire incongru, il s\u2019explique en fait tr\u00e8s bien. Pour la pop star, les albums posthumes qui sortent sur l\u2019initiative des maisons de disques n\u2019ont bien souvent <a href=\"https:\/\/www.20minutes.fr\/culture\/1111875-20130304-jimi-hendrix\" target=\"_blank\" class=\"c-link c-link--is-underlined\" rel=\"nofollow noopener\">aucune justification artistique<\/a> et n\u2019ont d\u2019autre int\u00e9r\u00eat que de capitaliser sur une disparition, quand ils ne viennent pas <a href=\"https:\/\/www.20minutes.fr\/arts-stars\/people\/2370635-20181113-laura-smet-david-hallyday-demandent-justice-personne-touche-droits-exploitation-albums-johnny\" target=\"_blank\" class=\"c-link c-link--is-underlined\" rel=\"nofollow noopener\">semer la zizanie<\/a> chez les ayants droit.<\/p>\n<p>\u00ab\u00a0Je ne veux pas partir et laisser quelqu\u2019un m\u00e9langer n\u2019importe quoi et en faire un album. Je veux que ce soit organis\u00e9\u00a0\u00bb, a conclu Ed Sheeran \u00e0 qui on souhaite, aussi pr\u00e9voyant soit-il, une vie et une carri\u00e8re les plus longues possibles.<\/p>\n","protected":false},"excerpt":{"rendered":"Ed Sheeran a toujours su garder la main sur sa carri\u00e8re, et ce sera encore le cas s\u2019il&hellip;\n","protected":false},"author":2,"featured_media":404804,"comment_status":"","ping_status":"","sticky":false,"template":"","format":"standard","meta":{"footnotes":""},"categories":[1355],"tags":[1692,58,9472,59,1011,27,1361,873,32501,973,133],"class_list":{"0":"post-404803","1":"post","2":"type-post","3":"status-publish","4":"format-standard","5":"has-post-thumbnail","7":"category-musique","8":"tag-album","9":"tag-divertissement","10":"tag-ed-sheeran","11":"tag-entertainment","12":"tag-fr","13":"tag-france","14":"tag-music","15":"tag-musique","16":"tag-paul-mccartney","17":"tag-people","18":"tag-video"},"share_on_mastodon":{"url":"https:\/\/pubeurope.com\/@fr\/115236600744398114","error":""},"_links":{"self":[{"href":"https:\/\/www.europesays.com\/fr\/wp-json\/wp\/v2\/posts\/404803","targetHints":{"allow":["GET"]}}],"collection":[{"href":"https:\/\/www.europesays.com\/fr\/wp-json\/wp\/v2\/posts"}],"about":[{"href":"https:\/\/www.europesays.com\/fr\/wp-json\/wp\/v2\/types\/post"}],"author":[{"embeddable":true,"href":"https:\/\/www.europesays.com\/fr\/wp-json\/wp\/v2\/users\/2"}],"replies":[{"embeddable":true,"href":"https:\/\/www.europesays.com\/fr\/wp-json\/wp\/v2\/comments?post=404803"}],"version-history":[{"count":0,"href":"https:\/\/www.europesays.com\/fr\/wp-json\/wp\/v2\/posts\/404803\/revisions"}],"wp:featuredmedia":[{"embeddable":true,"href":"https:\/\/www.europesays.com\/fr\/wp-json\/wp\/v2\/media\/404804"}],"wp:attachment":[{"href":"https:\/\/www.europesays.com\/fr\/wp-json\/wp\/v2\/media?parent=404803"}],"wp:term":[{"taxonomy":"category","embeddable":true,"href":"https:\/\/www.europesays.com\/fr\/wp-json\/wp\/v2\/categories?post=404803"},{"taxonomy":"post_tag","embeddable":true,"href":"https:\/\/www.europesays.com\/fr\/wp-json\/wp\/v2\/tags?post=404803"}],"curies":[{"name":"wp","href":"https:\/\/api.w.org\/{rel}","templated":true}]}}