{"id":404813,"date":"2025-09-20T12:26:12","date_gmt":"2025-09-20T12:26:12","guid":{"rendered":"https:\/\/www.europesays.com\/fr\/404813\/"},"modified":"2025-09-20T12:26:12","modified_gmt":"2025-09-20T12:26:12","slug":"cest-le-sac-longchamp-pliage-que-sarrachent-toutes-les-modeuses-grace-a-sa-couleur-pile-dans-la-tendance-et-non-il-nest-pas-kaki","status":"publish","type":"post","link":"https:\/\/www.europesays.com\/fr\/404813\/","title":{"rendered":"C&rsquo;est le sac Longchamp pliage que s&rsquo;arrachent toutes les modeuses, gr\u00e2ce \u00e0 sa couleur pile dans la tendance (et non il n&rsquo;est pas kaki)"},"content":{"rendered":"<p>Quelques tendances mode se sont d\u00e9j\u00e0 d\u00e9gag\u00e9es <a href=\"https:\/\/www.mariefrance.fr\/mode\/bag-charms-tendance-mode-automne-2024-revolutionner-sacs-rentree-1064741.html\" target=\"_blank\" rel=\"noopener\"><br \/>\ndu c\u00f4t\u00e9 des sacs<\/a> depuis la derni\u00e8re rentr\u00e9e. Cette ann\u00e9e, les<br \/>\nfashionistas appr\u00e9cient d&rsquo;ailleurs tout particuli\u00e8rement les sacs<br \/>\nen demi-lune, les pochettes, les sacs oversize ou encore les sacs<br \/>\nen forme de c\u0153ur. Bien entendu, <strong>le cuir<\/strong> reste la<br \/>\nmati\u00e8re star sur ce segment de la mode. Mais quelques pi\u00e8ces en<br \/>\ntissu font aussi de l&rsquo;\u0153il aux fashionistas.<\/p>\n<p>Et les stylistes l&rsquo;ont bien compris. C&rsquo;est ainsi qu&rsquo;un style de<br \/>\nsac qui, bien qu&rsquo;il soit loin d&rsquo;\u00eatre nouveau, fait toujours plus<br \/>\nparler de lui depuis quelques ann\u00e9es : <strong>le sac Le Pliage de<br \/>\nLongchamp<\/strong>. Vous en avez probablement d\u00e9j\u00e0 entendu parler<br \/>\nil y a longtemps. Et peut-\u00eatre m\u00eame que ce style de sacs vous<br \/>\nsemble d\u00e9pass\u00e9 et d\u00e9mod\u00e9. Pourtant, <strong>une nouvelle<br \/>\nvogue<\/strong> est en train de naitre autour de cette pi\u00e8ce de<br \/>\nmode.<\/p>\n<p>Le sac Le Pliage de Longchamp reste l&rsquo;une des pi\u00e8ces les plus<br \/>\nport\u00e9es par les fashionistas<\/p>\n<p>Ce sac cabas est tr\u00e8s loin d&rsquo;\u00eatre une nouveaut\u00e9 dans la mode.<br \/>\nC&rsquo;est certainement dans les ann\u00e9es 2000 que Longchamp a connu son<br \/>\npic de popularit\u00e9, y compris aupr\u00e8s de c\u00e9l\u00e9brit\u00e9s. <strong>Kate<br \/>\nMiddleton<\/strong> avait d&rsquo;ailleurs adopt\u00e9 cette pi\u00e8ce durant cette<br \/>\n\u00e9poque, de m\u00eame qu&rsquo;un certain nombre de mannequins. Puis,<br \/>\n<strong>la mode des sacs cabas<\/strong> de Longchamp a fini par<br \/>\ns&rsquo;\u00e9puiser.<\/p>\n<p>N\u00e9anmoins, le sac Le Pliage revient sur le devant de la sc\u00e8ne<br \/>\nmode depuis quelque temps. C&rsquo;est d&rsquo;ailleurs plus g\u00e9n\u00e9ralement le<br \/>\ncas des sacs cabas ainsi que de <a href=\"https:\/\/www.mariefrance.fr\/mode\/phoebe-philo-lance-marque-sac-tendance-867096.html\" target=\"_blank\" rel=\"noopener\"><br \/>\ntoutes les formes oversize<\/a>. Non seulement ces styles de sacs<br \/>\nsont consid\u00e9r\u00e9s comme pratiques pour les femmes, qui peuvent y<br \/>\nranger facilement leurs affaires. Mais en plus, leur forme est<br \/>\n<strong>\u00e9l\u00e9gante<\/strong>.<\/p>\n<blockquote class=\"instagram-media\" style=\"background: #ffffff;border: 0;margin: 1px;width: 100%;padding: 0;max-width: 500px;\" data-instgrm-permalink=\"https:\/\/www.instagram.com\/p\/DBhJKNxKUHg\/?img_index=1\" data-instgrm-version=\"14\"\/><p>\nLa couleur traditionnelle du sac Le Pliage de Longchamp est de<br \/>\nplus en plus populaire<\/p>\n<p>Ce n&rsquo;est pas uniquement la forme du sac Le Pliage de Longchamp<br \/>\nqui attire les fashionistas. <strong>La couleur classique<\/strong><br \/>\nde cette pi\u00e8ce de mode conna\u00eet \u00e9galement <strong>un nouveau<br \/>\nsucc\u00e8s<\/strong> aupr\u00e8s des femmes. Dans sa version traditionnelle,<br \/>\nces sacs cabas sont en effet <a href=\"https:\/\/www.mariefrance.fr\/mode\/bottines-bordeaux-signees-mango-piles-tendance-couleur-automne-2024-1093483.html\" target=\"_blank\" rel=\"noopener\"><br \/>\nteints en bordeaux<\/a>. Si cette couleur n&rsquo;a pas toujours \u00e9t\u00e9<br \/>\nappr\u00e9ci\u00e9e dans la mode, elle se retrouve de plus en plus dans les<br \/>\ncollections des marques de mode.<\/p>\n<p>Il s&rsquo;agit m\u00eame de l&rsquo;une des couleurs les plus tendance de<br \/>\nl&rsquo;automne 2024. Si elle s&rsquo;adapte parfaitement aux sacs, il est<br \/>\naussi possible de la voir sur des v\u00eatements. <strong>Les jupes, les<br \/>\ntailleurs et les hauts<\/strong> prennent ainsi de plus en plus une<br \/>\nteinte bordeaux. Il en est de m\u00eame des <strong>chaussures<\/strong>,<br \/>\nnotamment lorsqu&rsquo;elles sont en cuir.<\/p>\n<p><img loading=\"lazy\" decoding=\"async\" aria-describedby=\"caption-attachment-1093547\" itemprop=\"thumbnailUrl\" class=\"wp-image-1093547 img-responsive size-medium\" src=\"https:\/\/www.europesays.com\/fr\/wp-content\/uploads\/2025\/09\/5-2-e1730452305865-680x383.jpg\" alt=\"Le sac de Longchamp\" width=\"680\" height=\"383\"\/><br \/>\n\u00a9<br \/>\nLongchamp<\/p>\n<p id=\"caption-attachment-1093547\" class=\"wp-caption-text\">Le sac<br \/>\nde Longchamp, <a href=\"https:\/\/www.longchamp.com\/fr\/fr\/products\/sac-cabas-m-L2605089P87.html?\" target=\"_blank\" rel=\"noopener\">120 euros<\/a><\/p>\n<p>Longchamp vend son sac Le Pliage pour<br \/>\n120 euros<\/p>\n<p>Le sac Le Pliage de Longchamp a aussi l&rsquo;avantage de ne pas \u00eatre<br \/>\nbien cher en comparaison des autres pi\u00e8ces similaires. Certes, il<br \/>\nfaut consentir \u00e0 <strong>payer 120 euros<\/strong> pour s&rsquo;en acheter<br \/>\nun, ce qui n&rsquo;est pas \u00e0 la port\u00e9e de <strong>toutes les<br \/>\nbourses<\/strong>. En outre, il est vrai que ces sacs ne sont pas<br \/>\nfabriqu\u00e9s en cuir, ce qui peut donner l&rsquo;impression que leur prix<br \/>\nest trop \u00e9lev\u00e9.<\/p>\n<p><img loading=\"lazy\" decoding=\"async\" aria-describedby=\"caption-attachment-1093565\" class=\"wp-image-1093565 img-responsive size-medium\" src=\"https:\/\/www.europesays.com\/fr\/wp-content\/uploads\/2025\/09\/dddd-530x500.jpg\" alt=\"Le sac cabas de Longchamp\" width=\"530\" height=\"500\"\/><br \/>\n\u00a9<br \/>\nLongchamp<\/p>\n<p id=\"caption-attachment-1093565\" class=\"wp-caption-text\">Le sac<br \/>\ncabas de Longchamp<\/p>\n<p>Si vous recherchez <strong>un sac efficace et pratique<\/strong>,<br \/>\nla pi\u00e8ce de Longchamp va en tout cas beaucoup vous plaire. Sa<br \/>\ncouleur bordeaux traditionnelle n&rsquo;est, en revanche, plus en stock<br \/>\nsur <strong>le site de la marque<\/strong>. Mais s&rsquo;agissant de l&rsquo;un<br \/>\ndes best-sellers de Longchamp, vous n&rsquo;attendrez probablement pas<br \/>\nlongtemps avant de pouvoir <strong>en acheter un<\/strong>.<\/p>\n<p><script async src=\"\/\/www.instagram.com\/embed.js\"><\/script><\/p>\n","protected":false},"excerpt":{"rendered":"Quelques tendances mode se sont d\u00e9j\u00e0 d\u00e9gag\u00e9es du c\u00f4t\u00e9 des sacs depuis la derni\u00e8re rentr\u00e9e. Cette ann\u00e9e, les&hellip;\n","protected":false},"author":2,"featured_media":404814,"comment_status":"","ping_status":"","sticky":false,"template":"","format":"standard","meta":{"footnotes":""},"categories":[7],"tags":[1011,27,985,6055,46202,43,40,41,39,42,44],"class_list":{"0":"post-404813","1":"post","2":"type-post","3":"status-publish","4":"format-standard","5":"has-post-thumbnail","7":"category-sciences-et-technologies","8":"tag-fr","9":"tag-france","10":"tag-mode","11":"tag-republishing","12":"tag-sac","13":"tag-science","14":"tag-science-and-technology","15":"tag-sciences","16":"tag-sciences-et-technologies","17":"tag-technologies","18":"tag-technology"},"share_on_mastodon":{"url":"https:\/\/pubeurope.com\/@fr\/115236621157321933","error":""},"_links":{"self":[{"href":"https:\/\/www.europesays.com\/fr\/wp-json\/wp\/v2\/posts\/404813","targetHints":{"allow":["GET"]}}],"collection":[{"href":"https:\/\/www.europesays.com\/fr\/wp-json\/wp\/v2\/posts"}],"about":[{"href":"https:\/\/www.europesays.com\/fr\/wp-json\/wp\/v2\/types\/post"}],"author":[{"embeddable":true,"href":"https:\/\/www.europesays.com\/fr\/wp-json\/wp\/v2\/users\/2"}],"replies":[{"embeddable":true,"href":"https:\/\/www.europesays.com\/fr\/wp-json\/wp\/v2\/comments?post=404813"}],"version-history":[{"count":0,"href":"https:\/\/www.europesays.com\/fr\/wp-json\/wp\/v2\/posts\/404813\/revisions"}],"wp:featuredmedia":[{"embeddable":true,"href":"https:\/\/www.europesays.com\/fr\/wp-json\/wp\/v2\/media\/404814"}],"wp:attachment":[{"href":"https:\/\/www.europesays.com\/fr\/wp-json\/wp\/v2\/media?parent=404813"}],"wp:term":[{"taxonomy":"category","embeddable":true,"href":"https:\/\/www.europesays.com\/fr\/wp-json\/wp\/v2\/categories?post=404813"},{"taxonomy":"post_tag","embeddable":true,"href":"https:\/\/www.europesays.com\/fr\/wp-json\/wp\/v2\/tags?post=404813"}],"curies":[{"name":"wp","href":"https:\/\/api.w.org\/{rel}","templated":true}]}}