{"id":404815,"date":"2025-09-20T12:27:15","date_gmt":"2025-09-20T12:27:15","guid":{"rendered":"https:\/\/www.europesays.com\/fr\/404815\/"},"modified":"2025-09-20T12:27:15","modified_gmt":"2025-09-20T12:27:15","slug":"les-pompes-a-chaleur-nouveau-symbole-de-la-desindustrialisation","status":"publish","type":"post","link":"https:\/\/www.europesays.com\/fr\/404815\/","title":{"rendered":"les pompes \u00e0 chaleur, nouveau symbole de la d\u00e9sindustrialisation\u00a0?"},"content":{"rendered":"<p>C\u2019est l\u2019un des grands d\u00e9fis d\u2019<a href=\"https:\/\/www.ledauphine.com\/p\/emmanuel-macron\" target=\"_blank\" rel=\"noopener\">Emmanuel Macron<\/a> depuis 2017\u00a0: enrayer la d\u00e9sindustrialisation de la France. Et, au contraire, miser sur la r\u00e9industrialisation. Il y a moins de deux ans, l\u2019ex\u00e9cutif a cibl\u00e9 un secteur qui pouvait \u00eatre \u00e9rig\u00e9 en vitrine de cette politique\u00a0: les pompes \u00e0 chaleur (PAC) air-eau. Une alternative vertueuse et efficace aux chaudi\u00e8res au fioul et au gaz, dont la croissance rapide en sortie de Covid en a fait l\u2019une des \u00ab\u00a0stars\u00a0\u00bb de la r\u00e9novation \u00e9nerg\u00e9tique.<\/p>\n<p>\u00c0 tel point qu\u2019en 2023, le pr\u00e9sident annon\u00e7ait un plan pour multiplier par dix la production hexagonale de PAC et <a href=\"https:\/\/www.economie.gouv.fr\/actualites\/plan-action-pompes-chaleur-2027#\" target=\"_blank\" rel=\"nofollow noopener\">atteindre le million d\u2019unit\u00e9s en 2027<\/a>. Un plan pr\u00e9sent\u00e9 en grande pompe en avril\u00a02024 par le ministre de l\u2019\u00c9conomie de l\u2019\u00e9poque, <a href=\"https:\/\/www.ledauphine.com\/p\/bruno-le-maire\" target=\"_blank\" rel=\"noopener\">Bruno Le Maire<\/a>, et son ministre d\u00e9l\u00e9gu\u00e9 \u00e0 l\u2019Industrie et l\u2019\u00c9nergie, <a href=\"https:\/\/www.ledauphine.com\/p\/roland-lescure\" target=\"_blank\" rel=\"noopener\">Roland Lescure<\/a>, pour anticiper \u00ab\u00a0une demande amen\u00e9e \u00e0 cro\u00eetre tr\u00e8s fortement partout en Europe dans la d\u00e9cennie\u00a0\u00bb.<\/p>\n<p>Via plusieurs mesures, notamment des aides sous forme de cr\u00e9dit d\u2019imp\u00f4t pour les entreprises qui souhaiteraient investir, celui-ci ambitionnait de cr\u00e9er plus de 15\u00a0000 emplois dans le secteur (hors installateurs).<\/p>\n<p>Surcapacit\u00e9 et production en berne<\/p>\n<p>Mais plusieurs \u00e9l\u00e9ments ont rapidement enray\u00e9 la bonne dynamique du secteur\u00a0: la <a href=\"https:\/\/www.ledauphine.com\/economie\/2025\/03\/25\/electricite-gaz-pourquoi-le-prix-de-votre-abonnement-va-(encore)-s-envoler%20\" target=\"_blank\" rel=\"noopener\">hausse du co\u00fbt de l\u2019\u00e9lectricit\u00e9<\/a> (qui fait fonctionner les PAC) et la concurrence des chaudi\u00e8res \u00e0 gaz, le <a href=\"https:\/\/www.ledauphine.com\/societe\/2025\/07\/22\/maprimerenov-une-reouverture-le-30-septembre-des-subventions-a-la-baisse-les-nouvelles-regles-devoilees%20\" target=\"_blank\" rel=\"noopener\">flou sur les aides pour les particuliers<\/a> ou encore la crise du secteur de la construction et de la r\u00e9novation. R\u00e9sultat\u00a0? En 2024, la vente de PAC a chut\u00e9 de pr\u00e8s de 50\u00a0% en France par rapport \u00e0 2022. \u00ab\u00a0La dynamique s\u2019est invers\u00e9e depuis 2023. C\u2019est un probl\u00e8me de demande et pour nous, l\u2019enjeu, c\u2019est de la faire red\u00e9coller\u00a0\u00bb, assure une source au minist\u00e8re de l\u2019Industrie. Pour l\u2019Uniclima, le syndicat professionnel du secteur, 2025 \u00ab\u00a0risque d\u2019\u00eatre encore une ann\u00e9e difficile\u00a0\u00bb.<\/p>\n<p>L\u2019ann\u00e9e derni\u00e8re, la production hexagonale a, elle, \u00e0 peine atteint les 170\u00a0000 unit\u00e9s, contre 200\u00a0000 en 2023. Dans les 21 usines fran\u00e7aises qui en fabriquent, apr\u00e8s des investissements s\u2019\u00e9levant parfois \u00e0 plusieurs dizaines de millions d\u2019euros, on atteint actuellement une capacit\u00e9 de production d\u2019environ 500\u00a0000 pompes \u00e0 chaleur par an. L\u2019outil de production s\u2019est donc retrouv\u00e9 en surcapacit\u00e9 et les industriels ont fait machine arri\u00e8re\u00a0: ch\u00f4mage partiel pour les salari\u00e9s d\u2019Atlantic dans le Pas-de-Calais, plan de sauvegarde de l\u2019emploi (PSE) concernant 225 des 730 salari\u00e9s du site nantais de Saunier-Duval\u2026<\/p>\n<p>De l\u2019Alsace \u00e0 la Slovaquie<\/p>\n<p>Dans le Bas-Rhin, BDR Thermea (groupe De Dietrich) a annonc\u00e9 <a href=\"https:\/\/www.dna.fr\/social\/2025\/05\/20\/bdr-thermea-met-fin-a-l-activite-industrielle-320-emplois-supprimes-en-alsace\" target=\"_blank\" rel=\"noopener\">mettre fin \u00e0 son activit\u00e9 industrielle \u00e0 Mertzwiller<\/a>, d\u2019ici mi-2027. Il pr\u00e9voit ainsi la suppression de 320 postes dans cette usine. \u00ab\u00a0En 2022, le groupe nous annon\u00e7ait qu\u2019on \u00e9tait le centre de comp\u00e9tence de pompes \u00e0 chaleur, donc on sabrait le champagne, se souvient Philippe Lazarus, d\u00e9l\u00e9gu\u00e9 Force ouvri\u00e8re dans l\u2019usine. On avait lanc\u00e9 une phase d\u2019embauches massives, de 150 ouvriers, et on \u00e9tait en train de mettre en place cinq lignes de production [contre deux auparavant] qui auraient d\u00fb tourner en 2&#215;8. C\u2019est la douche froide, un cr\u00e8ve-c\u0153ur pour nous.\u00a0\u00bb La production doit \u00eatre transf\u00e9r\u00e9e en Slovaquie, et une autre ligne d\u00e9di\u00e9e aux ballons d\u2019eau chaude va partir en Turquie.<\/p>\n<p>Plus au sud, en Sa\u00f4ne-et-Loire, le groupe vend\u00e9en Atlantic a pourtant lanc\u00e9 le chantier d\u2019une <a href=\"https:\/\/www.lejsl.com\/economie\/2024\/11\/28\/chaque-annee-150-000-pompes-a-chaleur-vont-etre-fabriquees-a-saoneor\" target=\"_blank\" rel=\"noopener\">usine qui devrait embaucher 300 personnes et vise \u00e0 produire 150\u00a0000 unit\u00e9s \u00e0 horizon 2027<\/a>. Un investissement d\u2019environ 140\u00a0millions d\u2019euros, auquel l\u2019\u00c9tat a particip\u00e9 via le cr\u00e9dit d\u2019imp\u00f4t pour l\u2019industrie verte. \u00ab\u00a0C\u2019est un march\u00e9 qui est parti tr\u00e8s fort et qui subit une petite baisse. Mais nous pensons que cela va revenir\u00a0\u00bb, assurait en novembre\u00a02024 le directeur g\u00e9n\u00e9ral du groupe au <a href=\"https:\/\/www.lejsl.com\/economie\/2024\/11\/28\/chaque-annee-150-000-pompes-a-chaleur-vont-etre-fabriquees-a-saoneor\" target=\"_blank\" rel=\"noopener\">Journal de Sa\u00f4ne-et-Loire<\/a>.<\/p>\n<p>Le gouvernement, lui, maintient son objectif du million pour 2027\u00a0: \u00ab\u00a0Il est toujours d\u2019actualit\u00e9\u00a0\u00bb, assure Bercy. Les d\u00e9crets publi\u00e9s par le gouvernement Bayrou, avant son d\u00e9part le 10\u00a0septembre, ont d\u2019ailleurs pour objectif de redonner un coup de boost au march\u00e9, via le dispositif des certificats d\u2018\u00e9conomies d\u2019\u00e9nergie.<\/p>\n<p>        &#13;<br \/>\n          <a href=\"https:\/\/cdn-s-www.ledauphine.com\/images\/577e0d3c-c713-4038-8eaf-8c0dce0b3e91\/NW_raw\/audrez-zermati-directrice-strategie-effy-photo-dr-1758303434.jpg\" title=\"Audrez Zermati, directrice strat\u00e9gie Effy. Photo DR\" class=\"chocolat-image GA-tracking\" data-ga_type=\"click\" data-ga_category=\"D\u00e9tail\" data-ga_action=\"zoomer\" data-ga_label=\"agrandir image\" target=\"_blank\" rel=\"noopener\">&#13;<br \/>\n            <img loading=\"lazy\" decoding=\"async\" src=\"https:\/\/www.europesays.com\/fr\/wp-content\/uploads\/2025\/09\/audrez-zermati-directrice-strategie-effy-photo-dr-1758303434.jpg\" alt=\"Audrez Zermati, directrice strat\u00e9gie Effy. Photo DR\"\/>&#13;<br \/>\n          <\/a>&#13;<br \/>\n          &#13;<\/p>\n<p class=\"insetTitle\">\u00ab On n\u2019a jamais eu autant d\u2019aides qu\u2019aujourd\u2019hui \u00bb <\/p>\n<p><strong>Audrey Zermati<\/strong>, directrice de la strat\u00e9gie d\u2019Effy, sp\u00e9cialiste de la r\u00e9novation \u00e9nerg\u00e9tique aupr\u00e8s des particuliers, r\u00e9pond \u00e0 nos questions.<\/p>\n<p class=\"question\">Les r\u00e9cents\u00a0<a href=\"https:\/\/www.ledauphine.com\/societe\/2025\/07\/22\/maprimerenov-une-reouverture-le-30-septembre-des-subventions-a-la-baisse-les-nouvelles-regles-devoilees%20\" target=\"_blank\" rel=\"noopener\">revirements du gouvernement concernant MaPrimeRenov\u2019<\/a> ont-ils eu un impact sur les installations de pompes \u00e0 chaleur\u00a0?<\/p>\n<p>\u00ab\u00a0Depuis 2024, la perception d\u2019une grande partie de la population \u00e9tait qu\u2019il n\u2019y avait plus d\u2019aide pour les installations de type changement de syst\u00e8me de chauffage. Mais on n\u2019a jamais eu autant d\u2019aides qu\u2019aujourd\u2019hui. Effectivement, le co\u00fbt d\u2019une pompe \u00e0 chaleur est assez important, autour de 15\u00a0000\u00a0euros. Mais selon les cat\u00e9gories de m\u00e9nages, on peut aller jusqu\u2019\u00e0 10\u00a0000\u00a0euros d\u2019aides. Aujourd\u2019hui, on propose des pompes \u00e0 chaleur autour de 1\u00a0000\u00a0euros parce qu\u2019on a beaucoup d\u2019aides pour les m\u00e9nages les plus modestes, notamment sur les certificats d\u2019\u00e9conomie d\u2019\u00e9nergie (CEE). M\u00eame si les plus hauts revenus n\u2019ont pas droit \u00e0 MaPrimeRenov\u2019, celle-ci est toujours du m\u00eame niveau par rapport \u00e0 2024 pour les m\u00e9nages qui y ont droit.\u00a0\u00bb<\/p>\n<blockquote class=\"question\"><p>Comment expliquez-vous aujourd\u2019hui que le march\u00e9 se soit effondr\u00e9\u00a0?<\/p><\/blockquote>\n<p>\u00ab\u00a0Notre analyse se porte plut\u00f4t sur le prix de l\u2019\u00e9lectricit\u00e9 et sur les prescriptions des artisans. Aujourd\u2019hui, ils penchent plus vers la chaudi\u00e8re \u00e0 gaz que la pompe \u00e0 chaleur, avec des arguments comme \u201cc\u2019est plus cher, plus complexe \u00e0 entretenir.\u201d Il y a toute une rumeur autour de la complexit\u00e9 de la pompe \u00e0 chaleur.\u00a0\u00bb<\/p>\n<blockquote class=\"question\"><p>Quel est l\u2019impact des <a href=\"https:\/\/www.ledauphine.com\/economie\/2025\/03\/25\/electricite-gaz-pourquoi-le-prix-de-votre-abonnement-va-(encore)-s-envoler%20\" target=\"_blank\" rel=\"noopener\">prix de l\u2019\u00e9lectricit\u00e9<\/a> sur ce march\u00e9\u00a0?<\/p><\/blockquote>\n<p>\u00ab\u00a0Avant, le prix de l\u2019\u00e9lectricit\u00e9 permettait une comp\u00e9titivit\u00e9 tr\u00e8s int\u00e9ressante vis-\u00e0-vis des chaudi\u00e8res au gaz, m\u00eame si \u00e0 l\u2019investissement \u00e7a revenait plus cher. Aujourd\u2019hui, c\u2019est moins vrai. Au m\u00eame volume d\u2019\u00e9nergie consomm\u00e9, vous payez deux fois plus cher votre \u00e9lectricit\u00e9 que votre gaz. La pompe \u00e0 chaleur est tr\u00e8s performante donc consomme moins. Mais on a pris +45\u00a0% de hausse des prix de l\u2019\u00e9lectricit\u00e9, et la fiscalit\u00e9 n\u2019est pas avantageuse. Les gens en ont conscience.\u00a0\u00bb<\/p>\n<blockquote class=\"question\"><p>Avec un peu de recul, que pensez-vous de l\u2019objectif affich\u00e9 par l\u2019\u00c9tat pour 2027\u00a0?<\/p><\/blockquote>\n<p>\u00ab\u00a0Il ne s\u2019agit pas simplement de le dire, il faut ensuite mettre en place les moyens pour atteindre cette ambition. Il y a le levier des aides, de la fiscalit\u00e9, de la r\u00e9glementation. La politique n\u2019est pas autor\u00e9alisatrice. Cette volont\u00e9 politique doit s\u2019accompagner d\u2019\u00e9l\u00e9ments tangibles pour les gens.\u00a0\u00bb<\/p>\n<p class=\"insetSignature\">Recueilli par Cl\u00e9ment Argoud<\/p>\n","protected":false},"excerpt":{"rendered":"C\u2019est l\u2019un des grands d\u00e9fis d\u2019Emmanuel Macron depuis 2017\u00a0: enrayer la d\u00e9sindustrialisation de la France. Et, au contraire,&hellip;\n","protected":false},"author":2,"featured_media":404816,"comment_status":"","ping_status":"","sticky":false,"template":"","format":"standard","meta":{"footnotes":""},"categories":[6],"tags":[4749,35,130,33,34,341,893,107,1011,27,329,1116,693,801],"class_list":{"0":"post-404815","1":"post","2":"type-post","3":"status-publish","4":"format-standard","5":"has-post-thumbnail","7":"category-economie","8":"tag-btp-et-chantiers","9":"tag-business","10":"tag-consommation","11":"tag-economie","12":"tag-economy","13":"tag-emploi","14":"tag-energie","15":"tag-fil-info","16":"tag-fr","17":"tag-france","18":"tag-france-monde","19":"tag-immobilier","20":"tag-industrie","21":"tag-social"},"share_on_mastodon":{"url":"https:\/\/pubeurope.com\/@fr\/115236624448754160","error":""},"_links":{"self":[{"href":"https:\/\/www.europesays.com\/fr\/wp-json\/wp\/v2\/posts\/404815","targetHints":{"allow":["GET"]}}],"collection":[{"href":"https:\/\/www.europesays.com\/fr\/wp-json\/wp\/v2\/posts"}],"about":[{"href":"https:\/\/www.europesays.com\/fr\/wp-json\/wp\/v2\/types\/post"}],"author":[{"embeddable":true,"href":"https:\/\/www.europesays.com\/fr\/wp-json\/wp\/v2\/users\/2"}],"replies":[{"embeddable":true,"href":"https:\/\/www.europesays.com\/fr\/wp-json\/wp\/v2\/comments?post=404815"}],"version-history":[{"count":0,"href":"https:\/\/www.europesays.com\/fr\/wp-json\/wp\/v2\/posts\/404815\/revisions"}],"wp:featuredmedia":[{"embeddable":true,"href":"https:\/\/www.europesays.com\/fr\/wp-json\/wp\/v2\/media\/404816"}],"wp:attachment":[{"href":"https:\/\/www.europesays.com\/fr\/wp-json\/wp\/v2\/media?parent=404815"}],"wp:term":[{"taxonomy":"category","embeddable":true,"href":"https:\/\/www.europesays.com\/fr\/wp-json\/wp\/v2\/categories?post=404815"},{"taxonomy":"post_tag","embeddable":true,"href":"https:\/\/www.europesays.com\/fr\/wp-json\/wp\/v2\/tags?post=404815"}],"curies":[{"name":"wp","href":"https:\/\/api.w.org\/{rel}","templated":true}]}}