{"id":404817,"date":"2025-09-20T12:28:10","date_gmt":"2025-09-20T12:28:10","guid":{"rendered":"https:\/\/www.europesays.com\/fr\/404817\/"},"modified":"2025-09-20T12:28:10","modified_gmt":"2025-09-20T12:28:10","slug":"zelensky-va-rencontrer-donald-trump-en-marge-du-sommet-annuel-de-lonu","status":"publish","type":"post","link":"https:\/\/www.europesays.com\/fr\/404817\/","title":{"rendered":"Zelensky va rencontrer Donald Trump en marge du sommet annuel de l\u2019ONU"},"content":{"rendered":"<p><strong>LE POINT SUR LA SITUATION &#8211; <\/strong>Donald Trump consid\u00e8re que Vladimir Poutine l\u2019a laiss\u00e9 tomber et compte rencontrer Volomymyr Zelenzky. En Ukraine, une nouvelle attaque massive de drones et de missiles russes a fait trois morts dans la nuit.<\/p>\n<p class=\"fig-paragraph\">Jeudi, Donald Trump a accus\u00e9 Vladimir Poutine de l\u2019avoir \u00ablaiss\u00e9 tomber\u00bb en ne donnant aucun gage de bonne volont\u00e9 pour mettre fin au conflit en Ukraine. Cette nuit, une nouvelle attaque russe a fait trois morts dans le centre est du pays. Ce samedi, Zelensky a annonc\u00e9 qu\u2019il allait rencontrer Donald Trump. Le Figaro fait le point.<\/p>\n<p><strong>Volodymyr Zelensky va rencontrer Donald Trump en marge du sommet annuel de l\u2019ONU<\/strong><\/p>\n<p class=\"fig-paragraph\">Le pr\u00e9sident ukrainien Volodymyr Zelensky a affirm\u00e9 qu\u2019il rencontrerait Donald Trump la semaine prochaine en marge de l\u2019Assembl\u00e9e g\u00e9n\u00e9rale de l\u2019ONU \u00e0 New York, alors que les efforts diplomatiques pour mettre fin \u00e0 l\u2019invasion russe semblent dans l\u2019impasse.<\/p>\n<p>                                    <a class=\"fig-a11y-skip a11y-hidden\" href=\"#fig-a11y-skip-main-inarticle\"><br \/>\n        Passer la publicit\u00e9<br \/>\n    <\/a><\/p>\n<p class=\"fig-paragraph\">Volodymyr Zelensky juge que Vladimir Poutine, dont l\u2019arm\u00e9e est \u00e0 l\u2019offensive sur le front, ne veut pas la paix et ne l\u2019acceptera que s\u2019il y est contraint.<\/p>\n<p class=\"fig-paragraph\">Donald Trump, lui, s\u2019\u00e9tait montr\u00e9 bien plus optimiste et a m\u00eame re\u00e7u le pr\u00e9sident russe en grande pompe en Alaska cet \u00e9t\u00e9. Mais il s\u2019est depuis dit d\u00e9\u00e7u de lui, affirmant jeudi que Vladimir Poutine l\u2019avait \u00ablaiss\u00e9 tomber\u00bb.<\/p>\n<p><strong>Une \u00abattaque massive\u00bb de drones et missiles russes\u00a0<\/strong><\/p>\n<p class=\"fig-paragraph\">Des frappes russes ont fait au moins trois morts et 13 bless\u00e9s dans la r\u00e9gion de Dnipropetrovsk, dans le centre-est de l\u2019<a href=\"https:\/\/www.lefigaro.fr\/tag\/ukraine\" target=\"_blank\" rel=\"noopener nofollow\" data-gtm-custom-categorie=\"navigation\" data-gtm-custom-action=\"crossclick\" data-gtm-custom-label=\"Contextuel\" data-gtm-event=\"customEventSPE\">Ukraine<\/a>, qui a subi une forte attaque de missiles et drones, ont indiqu\u00e9 t\u00f4t samedi 20 septembre les autorit\u00e9s r\u00e9gionales.<\/p>\n<p class=\"fig-paragraph\">\u00abLa r\u00e9gion de Dnipropetrovsk a de nouveau \u00e9t\u00e9 la cible d\u2019une attaque massive\u00bb, a d\u00e9clar\u00e9 Sergui\u00ef Lyssak, chef de l\u2019administration militaire r\u00e9gionale, sur Telegram, \u00e9voquant des b\u00e2timents d\u2019entreprises d\u00e9truits et des feux. \u00abSelon les donn\u00e9es pr\u00e9liminaires, une personne est d\u00e9c\u00e9d\u00e9e \u00e0 la suite des actes de terreur ennemis (&#8230;) Treize autres ont \u00e9t\u00e9 bless\u00e9es\u00bb, a-t-il d\u00e9taill\u00e9.<\/p>\n<p>Au moins quatre personnes tu\u00e9es par des drones ukrainiens dans la r\u00e9gion de Samara<\/p>\n<p class=\"fig-paragraph\">Quatre personnes ont \u00e9t\u00e9 tu\u00e9es par une attaque de drones ukrainiens dans la r\u00e9gion de Samara, situ\u00e9e dans le sud-ouest de la Russie, \u00e0 plus de 800 kilom\u00e8tres du front, a d\u00e9clar\u00e9 son gouverneur samedi.<\/p>\n<p>                                    <a class=\"fig-a11y-skip a11y-hidden\" href=\"#fig-a11y-skip-main-inarticle_mtf\"><br \/>\n        Passer la publicit\u00e9<br \/>\n    <\/a><\/p>\n<p class=\"fig-paragraph\">\u00abC\u2019est avec une profonde tristesse que je vous annonce que quatre personnes ont perdu la vie lors d\u2019une attaque nocturne men\u00e9e par des drones ennemis\u00bb, a dit le gouverneur Viatcheslav Fedorichtchev sur les r\u00e9seaux sociaux, ajoutant qu\u2019une personne avait \u00e9t\u00e9 bless\u00e9e. Des attaques russes ont fait au moins trois morts en Ukraine dans la nuit, selon Kiev.<\/p>\n","protected":false},"excerpt":{"rendered":"LE POINT SUR LA SITUATION &#8211; Donald Trump consid\u00e8re que Vladimir Poutine l\u2019a laiss\u00e9 tomber et compte rencontrer&hellip;\n","protected":false},"author":2,"featured_media":404818,"comment_status":"","ping_status":"","sticky":false,"template":"","format":"standard","meta":{"footnotes":""},"categories":[5],"tags":[11,75,1011,27,131,14,12,135,28],"class_list":{"0":"post-404817","1":"post","2":"type-post","3":"status-publish","4":"format-standard","5":"has-post-thumbnail","7":"category-international","8":"tag-actualites","9":"tag-donald-trump","10":"tag-fr","11":"tag-france","12":"tag-guerre-en-ukraine","13":"tag-international","14":"tag-news","15":"tag-vladimir-poutine","16":"tag-world"},"share_on_mastodon":{"url":"https:\/\/pubeurope.com\/@fr\/115236628387664870","error":""},"_links":{"self":[{"href":"https:\/\/www.europesays.com\/fr\/wp-json\/wp\/v2\/posts\/404817","targetHints":{"allow":["GET"]}}],"collection":[{"href":"https:\/\/www.europesays.com\/fr\/wp-json\/wp\/v2\/posts"}],"about":[{"href":"https:\/\/www.europesays.com\/fr\/wp-json\/wp\/v2\/types\/post"}],"author":[{"embeddable":true,"href":"https:\/\/www.europesays.com\/fr\/wp-json\/wp\/v2\/users\/2"}],"replies":[{"embeddable":true,"href":"https:\/\/www.europesays.com\/fr\/wp-json\/wp\/v2\/comments?post=404817"}],"version-history":[{"count":0,"href":"https:\/\/www.europesays.com\/fr\/wp-json\/wp\/v2\/posts\/404817\/revisions"}],"wp:featuredmedia":[{"embeddable":true,"href":"https:\/\/www.europesays.com\/fr\/wp-json\/wp\/v2\/media\/404818"}],"wp:attachment":[{"href":"https:\/\/www.europesays.com\/fr\/wp-json\/wp\/v2\/media?parent=404817"}],"wp:term":[{"taxonomy":"category","embeddable":true,"href":"https:\/\/www.europesays.com\/fr\/wp-json\/wp\/v2\/categories?post=404817"},{"taxonomy":"post_tag","embeddable":true,"href":"https:\/\/www.europesays.com\/fr\/wp-json\/wp\/v2\/tags?post=404817"}],"curies":[{"name":"wp","href":"https:\/\/api.w.org\/{rel}","templated":true}]}}