{"id":404819,"date":"2025-09-20T12:29:10","date_gmt":"2025-09-20T12:29:10","guid":{"rendered":"https:\/\/www.europesays.com\/fr\/404819\/"},"modified":"2025-09-20T12:29:10","modified_gmt":"2025-09-20T12:29:10","slug":"vers-un-dimanche-sous-les-trombes-deau-dans-les-bouches-du-rhone-et-le-vaucluse","status":"publish","type":"post","link":"https:\/\/www.europesays.com\/fr\/404819\/","title":{"rendered":"vers un dimanche sous les trombes d&rsquo;eau dans les Bouches-du-Rh\u00f4ne et le Vaucluse"},"content":{"rendered":"<p>\u00ab\u00a0Il est encore trop t\u00f4t, \u00e0 24h du ph\u00e9nom\u00e8ne, pour \u00eatre affirmatif mais cet \u00e9pisode m\u00e9diterran\u00e9en s&rsquo;annonce fort\u00a0\u00bb, souligne l&rsquo;antenne locale de M\u00e9t\u00e9o France, ce samedi 20 septembre. Les d\u00e9partements du Vaucluse et des Bouches-du-Rh\u00f4ne sont concern\u00e9s, le premier jusqu&rsquo;aux alentours de 18h, le second plut\u00f4t jusqu&rsquo;\u00e0 21h. La pluie est attendue \u00e0 partir de midi.<\/p>\n<p>\u00ab\u00a0<strong>On attend des cumuls importants<\/strong>, avec des lames d&rsquo;eau de 50 \u00e0 90\u00a0mm, <strong>qui pourront d\u00e9passer localement les 100\u00a0mm<\/strong>, annonce M\u00e9t\u00e9o France, qui pr\u00e9voit \u00e9galement des \u00ab\u00a0rafales de vent jusqu&rsquo;\u00e0 50\u00a0km\/heure\u00a0\u00bb.<\/p>\n<p>L&rsquo;expert m\u00e9t\u00e9o, <a href=\"https:\/\/e-meteoservice.fr\/\" target=\"_blank\" rel=\"noopener\">Paul Marquis<\/a>, rappelle que ces orages surviendront \u00ab\u00a0en plein pendant les retours du week-end et probablement juste avant le d\u00e9but du <a href=\"https:\/\/www.laprovence.com\/article\/om\/2440728187103114\/om-avant-le-clasico-les-olympiens-doivent-tirer-plusieurs-lecons-de-leur-defaite-contre-le-real-madrid\" target=\"_blank\" rel=\"noopener\">Classico<\/a>. Il faudra donc \u00eatre prudent durant vos d\u00e9placements. Car ces orages seront tr\u00e8s pluvieux. Avec un fort conflit de masse d&rsquo;air.\u00a0\u00bb<\/p>\n","protected":false},"excerpt":{"rendered":"\u00ab\u00a0Il est encore trop t\u00f4t, \u00e0 24h du ph\u00e9nom\u00e8ne, pour \u00eatre affirmatif mais cet \u00e9pisode m\u00e9diterran\u00e9en s&rsquo;annonce fort\u00a0\u00bb,&hellip;\n","protected":false},"author":2,"featured_media":404820,"comment_status":"","ping_status":"","sticky":false,"template":"","format":"standard","meta":{"footnotes":""},"categories":[4],"tags":[17,11,32197,6664,1011,27,151,12,4594,16,25,3107,53633,13703],"class_list":{"0":"post-404819","1":"post","2":"type-post","3":"status-publish","4":"format-standard","5":"has-post-thumbnail","7":"category-france","8":"tag-17","9":"tag-actualites","10":"tag-deau","11":"tag-dimanche","12":"tag-fr","13":"tag-france","14":"tag-les","15":"tag-news","16":"tag-orages","17":"tag-region","18":"tag-republique-francaise","19":"tag-sous","20":"tag-trombes","21":"tag-vers"},"share_on_mastodon":{"url":"https:\/\/pubeurope.com\/@fr\/115236632332148952","error":""},"_links":{"self":[{"href":"https:\/\/www.europesays.com\/fr\/wp-json\/wp\/v2\/posts\/404819","targetHints":{"allow":["GET"]}}],"collection":[{"href":"https:\/\/www.europesays.com\/fr\/wp-json\/wp\/v2\/posts"}],"about":[{"href":"https:\/\/www.europesays.com\/fr\/wp-json\/wp\/v2\/types\/post"}],"author":[{"embeddable":true,"href":"https:\/\/www.europesays.com\/fr\/wp-json\/wp\/v2\/users\/2"}],"replies":[{"embeddable":true,"href":"https:\/\/www.europesays.com\/fr\/wp-json\/wp\/v2\/comments?post=404819"}],"version-history":[{"count":0,"href":"https:\/\/www.europesays.com\/fr\/wp-json\/wp\/v2\/posts\/404819\/revisions"}],"wp:featuredmedia":[{"embeddable":true,"href":"https:\/\/www.europesays.com\/fr\/wp-json\/wp\/v2\/media\/404820"}],"wp:attachment":[{"href":"https:\/\/www.europesays.com\/fr\/wp-json\/wp\/v2\/media?parent=404819"}],"wp:term":[{"taxonomy":"category","embeddable":true,"href":"https:\/\/www.europesays.com\/fr\/wp-json\/wp\/v2\/categories?post=404819"},{"taxonomy":"post_tag","embeddable":true,"href":"https:\/\/www.europesays.com\/fr\/wp-json\/wp\/v2\/tags?post=404819"}],"curies":[{"name":"wp","href":"https:\/\/api.w.org\/{rel}","templated":true}]}}