{"id":404827,"date":"2025-09-20T12:34:43","date_gmt":"2025-09-20T12:34:43","guid":{"rendered":"https:\/\/www.europesays.com\/fr\/404827\/"},"modified":"2025-09-20T12:34:43","modified_gmt":"2025-09-20T12:34:43","slug":"un-homme-condamne-a-trente-ans-de-prison-pour-avoir-assene-102-coups-de-couteau-a-sa-compagne-2","status":"publish","type":"post","link":"https:\/\/www.europesays.com\/fr\/404827\/","title":{"rendered":"Un homme condamn\u00e9 \u00e0 trente ans de prison pour avoir assen\u00e9 102 coups de couteau \u00e0 sa compagne"},"content":{"rendered":"<p class=\"mb-4 text-lg md:leading-8 break-words\">Pas la peine maximale, mais pas loin. Trente ans de prison avec une p\u00e9riode de s\u00fbret\u00e9 des deux tiers ont \u00e9t\u00e9 prononc\u00e9s vendredi \u00e0 l\u2019encontre d\u2019un homme de 55 ans accus\u00e9 d\u2019avoir tu\u00e9 sa compagne de 102 coups de couteau, en 2022, \u00e0 son domicile de Labry (<a data-i13n=\"cpos:1;pos:1\" href=\"https:\/\/www.20minutes.fr\/dossier\/meurthe-et-moselle?at_medium=RSS%20feed&amp;at_campaign=ynews&amp;utm_source=yahoo&amp;utm_medium=rss&amp;utm_campaign=news_feed&amp;utm_content=in_article_link\" rel=\"nofollow noopener\" target=\"_blank\" data-ylk=\"slk:Meurthe-et-Moselle;cpos:1;pos:1;elm:context_link;itc:0;sec:content-canvas\" class=\"link \">Meurthe-et-Moselle<\/a>).<\/p>\n<p class=\"mb-4 text-lg md:leading-8 break-words\">Evoquant \u00ab l\u2019acharnement meurtrier \u00bb d\u2019Yves Janin \u00e0 l\u2019encontre de sa compagne Muriel Pinchi, l\u2019avocate g\u00e9n\u00e9rale Sophie Partouche avait requis devant la <a data-i13n=\"cpos:2;pos:1\" href=\"https:\/\/www.20minutes.fr\/societe\/cour_d_assises-1\/?at_medium=RSS%20feed&amp;at_campaign=ynews&amp;utm_source=yahoo&amp;utm_medium=rss&amp;utm_campaign=news_feed&amp;utm_content=in_article_link\" rel=\"nofollow noopener\" target=\"_blank\" data-ylk=\"slk:cour d\u2019assises;cpos:2;pos:1;elm:context_link;itc:0;sec:content-canvas\" class=\"link \">cour d\u2019assises<\/a> de la Meurthe-et-Moselle, \u00e0 <a data-i13n=\"cpos:3;pos:1\" href=\"https:\/\/www.20minutes.fr\/dossier\/nancy?at_medium=RSS%20feed&amp;at_campaign=ynews&amp;utm_source=yahoo&amp;utm_medium=rss&amp;utm_campaign=news_feed&amp;utm_content=in_article_link\" rel=\"nofollow noopener\" target=\"_blank\" data-ylk=\"slk:Nancy;cpos:3;pos:1;elm:context_link;itc:0;sec:content-canvas\" class=\"link \">Nancy<\/a>, la r\u00e9clusion criminelle \u00e0 perp\u00e9tuit\u00e9.<\/p>\n<p class=\"mb-4 text-lg md:leading-8 break-words\">Le 1er janvier 2022, le corps de la victime, 56 ans, avait \u00e9t\u00e9 retrouv\u00e9 porteur de 102 plaies caus\u00e9es par un couteau \u00e0 d\u00e9sosser, d\u2019une lame d\u2019une vingtaine de centim\u00e8tres. Selon les expertises, une dizaine de ces blessures \u00e9taient mortelles.<\/p>\n<p class=\"mb-4 text-lg md:leading-8 break-words\">Les expertises ont aussi mis en lumi\u00e8re une tentative de strangulation, \u00ab comme s\u2019il fallait la faire dispara\u00eetre compl\u00e8tement. Qu\u2019elle se taise \u00e0 jamais \u00bb, a d\u00e9plor\u00e9 l\u2019avocate de la famille de la victime, Anne Muller.<\/p>\n<p class=\"mb-4 text-lg md:leading-8 break-words\">Interpell\u00e9 dans la foul\u00e9e, l\u2019accus\u00e9 avait reconnu les faits en garde \u00e0 vue, et m\u00eame \u00e9voqu\u00e9 lors de sa premi\u00e8re audition qu\u2019il avait dit, en tuant sa compagne, selon lui apr\u00e8s une dispute, \u00ab c\u2019est trop tard ma ch\u00e9rie, tu vas crever \u00bb.<\/p>\n<p class=\"mb-4 text-lg md:leading-8 break-words\">Au moment des faits, la relation au sein du couple &#8211; qui s\u2019\u00e9tait rencontr\u00e9 quelques mois auparavant &#8211; battait de l\u2019aile. Les d\u00e9bats ont permis d\u2019\u00e9voquer les disputes fr\u00e9quentes entre une victime qui cherchait \u00e0 s\u2019\u00e9manciper et un accus\u00e9 qui l\u2019\u00e9touffait.<\/p>\n<p class=\"mb-4 text-lg md:leading-8 break-words\">\u00ab J\u2019aimais Muriel, je l\u2019aime toujours(&#8230;)<\/p>\n<p class=\"mb-4 text-lg md:leading-8 break-words\"><a data-i13n=\"cpos:4;pos:1\" href=\"https:\/\/www.20minutes.fr\/justice\/4174258-20250920-nancy-homme-condamne-trente-ans-prison-avoir-assene-102-coups-couteau-compagne?at_medium=RSS%20feed&amp;at_campaign=ynews&amp;utm_source=yahoo&amp;utm_medium=rss&amp;utm_campaign=news_feed&amp;utm_content=read_more_link%22\" rel=\"nofollow noopener\" target=\"_blank\" data-ylk=\"slk:Lire la suite sur 20minutes;cpos:4;pos:1;elm:context_link;itc:0;sec:content-canvas\" class=\"link \">Lire la suite sur 20minutes<\/a><\/p>\n<p>\u00c0 lire aussi :<br \/><a data-i13n=\"cpos:5;pos:1\" href=\"https:\/\/www.20minutes.fr\/justice\/4171340-20250904-paris-juge-feminicide-ex-policier-arnaud-bonnefoy-confie-regret-hante?at_medium=RSS%20feed&amp;at_campaign=ynews&amp;utm_source=yahoo&amp;utm_medium=rss&amp;utm_campaign=news_feed&amp;utm_content=related_content_link\" rel=\"nofollow noopener\" target=\"_blank\" data-ylk=\"slk:Paris : Jug\u00e9 pour f\u00e9minicide, l\u2019ex-policier Arnaud Bonnefoy condamn\u00e9 \u00e0 22 ans de r\u00e9clusion criminelle;cpos:5;pos:1;elm:context_link;itc:0;sec:content-canvas\" class=\"link \">Paris : Jug\u00e9 pour f\u00e9minicide, l\u2019ex-policier Arnaud Bonnefoy condamn\u00e9 \u00e0 22 ans de r\u00e9clusion criminelle<\/a><br \/><a data-i13n=\"cpos:6;pos:1\" href=\"https:\/\/www.20minutes.fr\/faits_divers\/4170974-20250903-grand-homme-femme-retrouves-morts-maison?at_medium=RSS%20feed&amp;at_campaign=ynews&amp;utm_source=yahoo&amp;utm_medium=rss&amp;utm_campaign=news_feed&amp;utm_content=related_content_link\" rel=\"nofollow noopener\" target=\"_blank\" data-ylk=\"slk:Grand-Est : Un homme et une femme retrouv\u00e9s morts, la piste d\u2019un f\u00e9minicide suivi d\u2019un suicide privil\u00e9gi\u00e9e;cpos:6;pos:1;elm:context_link;itc:0;sec:content-canvas\" class=\"link \">Grand-Est : Un homme et une femme retrouv\u00e9s morts, la piste d\u2019un f\u00e9minicide suivi d\u2019un suicide privil\u00e9gi\u00e9e<\/a><\/p>\n","protected":false},"excerpt":{"rendered":"Pas la peine maximale, mais pas loin. Trente ans de prison avec une p\u00e9riode de s\u00fbret\u00e9 des deux&hellip;\n","protected":false},"author":2,"featured_media":404828,"comment_status":"","ping_status":"","sticky":false,"template":"","format":"standard","meta":{"footnotes":""},"categories":[9635],"tags":[1111,11,1764,1777,674,1011,27,775,1702,12,53636,53637,25,53635,33959],"class_list":{"0":"post-404827","1":"post","2":"type-post","3":"status-publish","4":"format-standard","5":"has-post-thumbnail","7":"category-nancy","8":"tag-actu","9":"tag-actualites","10":"tag-ans","11":"tag-eu","12":"tag-europe","13":"tag-fr","14":"tag-france","15":"tag-grand-est","16":"tag-nancy","17":"tag-news","18":"tag-pas-la-peine","19":"tag-reclusion-criminelle-a-perpetuite","20":"tag-republique-francaise","21":"tag-sophie-partouche","22":"tag-un-homme-et-une-femme"},"share_on_mastodon":{"url":"https:\/\/pubeurope.com\/@fr\/115236651977399547","error":""},"_links":{"self":[{"href":"https:\/\/www.europesays.com\/fr\/wp-json\/wp\/v2\/posts\/404827","targetHints":{"allow":["GET"]}}],"collection":[{"href":"https:\/\/www.europesays.com\/fr\/wp-json\/wp\/v2\/posts"}],"about":[{"href":"https:\/\/www.europesays.com\/fr\/wp-json\/wp\/v2\/types\/post"}],"author":[{"embeddable":true,"href":"https:\/\/www.europesays.com\/fr\/wp-json\/wp\/v2\/users\/2"}],"replies":[{"embeddable":true,"href":"https:\/\/www.europesays.com\/fr\/wp-json\/wp\/v2\/comments?post=404827"}],"version-history":[{"count":0,"href":"https:\/\/www.europesays.com\/fr\/wp-json\/wp\/v2\/posts\/404827\/revisions"}],"wp:featuredmedia":[{"embeddable":true,"href":"https:\/\/www.europesays.com\/fr\/wp-json\/wp\/v2\/media\/404828"}],"wp:attachment":[{"href":"https:\/\/www.europesays.com\/fr\/wp-json\/wp\/v2\/media?parent=404827"}],"wp:term":[{"taxonomy":"category","embeddable":true,"href":"https:\/\/www.europesays.com\/fr\/wp-json\/wp\/v2\/categories?post=404827"},{"taxonomy":"post_tag","embeddable":true,"href":"https:\/\/www.europesays.com\/fr\/wp-json\/wp\/v2\/tags?post=404827"}],"curies":[{"name":"wp","href":"https:\/\/api.w.org\/{rel}","templated":true}]}}