{"id":40483,"date":"2025-04-21T03:14:09","date_gmt":"2025-04-21T03:14:09","guid":{"rendered":"https:\/\/www.europesays.com\/fr\/40483\/"},"modified":"2025-04-21T03:14:09","modified_gmt":"2025-04-21T03:14:09","slug":"avec-une-avalanche-de-buts-berlin-et-stuttgart-soffrent-un-record-en-bundesliga","status":"publish","type":"post","link":"https:\/\/www.europesays.com\/fr\/40483\/","title":{"rendered":"Avec une avalanche de buts, Berlin et Stuttgart s\u2019offrent un record en Bundesliga"},"content":{"rendered":"<p><strong>festival offensif &#8211; L\u2019Union Berlin et le VfB Stuttgart ont mis huit buts en premi\u00e8re p\u00e9riode de leur match comptant pour la 30e journ\u00e9e du championnat de football d\u2019Allemagne<\/strong><\/p>\n<p>Si vous aimez voir des buts en <a href=\"https:\/\/www.20minutes.fr\/sport\/football\/?at_medium=RSS+feed&amp;at_campaign=ynews&amp;utm_source=yahoo&amp;utm_medium=rss&amp;utm_campaign=news_feed&amp;utm_content=in_article_link\" rel=\"nofollow noopener\" target=\"_blank\" data-ylk=\"slk:football;elm:context_link;itc:0;sec:content-canvas\" class=\"link \">football<\/a>, il fallait notamment se tourner ce week-end vers l\u2019<a href=\"https:\/\/www.20minutes.fr\/dossier\/allemagne?at_medium=RSS+feed&amp;at_campaign=ynews&amp;utm_source=yahoo&amp;utm_medium=rss&amp;utm_campaign=news_feed&amp;utm_content=in_article_link\" rel=\"nofollow noopener\" target=\"_blank\" data-ylk=\"slk:Allemagne;elm:context_link;itc:0;sec:content-canvas\" class=\"link \">Allemagne<\/a>. Avec huit buts en premi\u00e8re p\u00e9riode, l\u2019Union Berlin et le VfB Stuttgart (quatre chacun) ont \u00e9tabli samedi en d\u00e9but de soir\u00e9e un nouveau record en <a href=\"https:\/\/www.20minutes.fr\/sport\/bundesliga\/?at_medium=RSS+feed&amp;at_campaign=ynews&amp;utm_source=yahoo&amp;utm_medium=rss&amp;utm_campaign=news_feed&amp;utm_content=in_article_link\" rel=\"nofollow noopener\" target=\"_blank\" data-ylk=\"slk:Bundesliga;elm:context_link;itc:0;sec:content-canvas\" class=\"link \">Bundesliga<\/a>.<\/p>\n<p>La seconde p\u00e9riode de la rencontre, lors de la 30e journ\u00e9e du championnat d\u2019Allemagne, a par contre \u00e9t\u00e9 beaucoup moins prolifique. Les deux \u00e9quipes se sont en effet s\u00e9par\u00e9es au bout des 90 minutes sur le m\u00eame score qu\u2019\u00e0 la pause (4-4).<\/p>\n<p>Les Berlinois marquent les premiers<\/p>\n<p>Dans leur stade de l\u2019Atle F\u00f6resterei, les Berlinois ont parfaitement d\u00e9but\u00e9 la rencontre, avec deux buts d\u2019Andrej Ilic (5e) et Diogo Leite (19e). Mais Stuttgart est revenu au score gr\u00e2ce \u00e0 Deniz Undav (23e) et Enzo Millot (29e), avant la demi-heure de jeu. L\u2019Union Berlin a repris les commandes de la rencontre gr\u00e2ce \u00e0 une sublime frappe de plus de 30 m\u00e8tres de Leopold Querfeld venue se loger en pleine lucarne d\u2019Alexander N\u00fcbel \u00e0 la 38e minute. Les hommes de Sebastian Hoeness ont \u00e9galis\u00e9 cinq minutes plus tard par Jeff Chabot.<\/p>\n<p>Avec six buts inscrits, l\u2019arbitre de la rencontre a accord\u00e9 cinq minutes de temps additionnel, aux cours desquelles Chris F\u00fchrich a donn\u00e9 l\u2019avantage \u00e0 Stuttgart. Sur un dernier coup franc, les Berlinois ont \u00e9galis\u00e9 (4-4) dans la sixi\u00e8me minute du temps additionnel par Andrej Ilic.<\/p>\n<p>Record de 10 buts pour une seconde p\u00e9riode<\/p>\n<p>Le pr\u00e9c\u00e9dant record en Bundesliga dans une premi\u00e8re p\u00e9riode \u00e9tait de sept buts, \u00e0 quatre reprises dont la dern(&#8230;)<\/p>\n<p><a href=\"https:\/\/www.20minutes.fr\/sport\/football\/4149564-20250421-allemagne-avalanche-buts-berlin-stuttgart-offrent-record-bundesliga?at_medium=RSS+feed&amp;at_campaign=ynews&amp;utm_source=yahoo&amp;utm_medium=rss&amp;utm_campaign=news_feed&amp;utm_content=read_more_link&quot;\" rel=\"nofollow noopener\" target=\"_blank\" data-ylk=\"slk:Lire la suite sur 20minutes;elm:context_link;itc:0;sec:content-canvas\" class=\"link \">Lire la suite sur 20minutes<\/a><\/p>\n<p>\u00c0 lire aussi :<br \/><a href=\"https:\/\/www.20minutes.fr\/sport\/football\/4146553-20250402-coupe-allemagne-fabuleux-destin-arminia-bielefeld-club-d3-qualifie-finale-apres-avoir-sorti-leverkusen?at_medium=RSS+feed&amp;at_campaign=ynews&amp;utm_source=yahoo&amp;utm_medium=rss&amp;utm_campaign=news_feed&amp;utm_content=related_content_link\" rel=\"nofollow noopener\" target=\"_blank\" data-ylk=\"slk:Coupe d\u2019Allemagne\u00a0: Le fabuleux destin de l\u2019Arminia Bielefeld, club de D3 qualifi\u00e9 en finale apr\u00e8s avoir sorti Leverkusen;elm:context_link;itc:0;sec:content-canvas\" class=\"link \">Coupe d\u2019Allemagne\u00a0: Le fabuleux destin de l\u2019Arminia Bielefeld, club de D3 qualifi\u00e9 en finale apr\u00e8s avoir sorti Leverkusen<\/a><br \/><a href=\"https:\/\/www.20minutes.fr\/sport\/football\/ligue_des_champions\/4141621-20250304-dortmund-lille-attaques-gogo-defenses-bois-buteurs-bundesliga-statistiques-surcotees?at_medium=RSS+feed&amp;at_campaign=ynews&amp;utm_source=yahoo&amp;utm_medium=rss&amp;utm_campaign=news_feed&amp;utm_content=related_content_link\" rel=\"nofollow noopener\" target=\"_blank\" data-ylk=\"slk:Dortmund - Lille\u00a0: attaques \u00e0 gogo et d\u00e9fenses en bois\u2026 Les buteurs de Bundesliga ont-ils des statistiques surcot\u00e9es\u00a0?;elm:context_link;itc:0;sec:content-canvas\" class=\"link \">Dortmund &#8211; Lille\u00a0: attaques \u00e0 gogo et d\u00e9fenses en bois\u2026 Les buteurs de Bundesliga ont-ils des statistiques surcot\u00e9es\u00a0?<\/a><\/p>\n","protected":false},"excerpt":{"rendered":"festival offensif &#8211; L\u2019Union Berlin et le VfB Stuttgart ont mis huit buts en premi\u00e8re p\u00e9riode de leur&hellip;\n","protected":false},"author":2,"featured_media":40484,"comment_status":"","ping_status":"","sticky":false,"template":"","format":"standard","meta":{"footnotes":""},"categories":[1587],"tags":[11,672,1898,69,1804,12475,12474,12476,1805,12478,1803,8099,12477,1777,674,1801,1307,12,1802,12473],"class_list":{"0":"post-40483","1":"post","2":"type-post","3":"status-publish","4":"format-standard","5":"has-post-thumbnail","7":"category-allemagne","8":"tag-actualites","9":"tag-allemagne","10":"tag-berlin","11":"tag-bundesliga","12":"tag-bundesrepublik-deutschland","13":"tag-buts","14":"tag-championnat-dallemagne","15":"tag-championnat-de-football","16":"tag-de","17":"tag-deniz-undav","18":"tag-deutschland","19":"tag-dortmund","20":"tag-enzo-millot","21":"tag-eu","22":"tag-europe","23":"tag-germany","24":"tag-lille","25":"tag-news","26":"tag-republique-federale-dallemagne","27":"tag-vfb-stuttgart"},"share_on_mastodon":{"url":"https:\/\/pubeurope.com\/@fr\/114373778746555963","error":""},"_links":{"self":[{"href":"https:\/\/www.europesays.com\/fr\/wp-json\/wp\/v2\/posts\/40483","targetHints":{"allow":["GET"]}}],"collection":[{"href":"https:\/\/www.europesays.com\/fr\/wp-json\/wp\/v2\/posts"}],"about":[{"href":"https:\/\/www.europesays.com\/fr\/wp-json\/wp\/v2\/types\/post"}],"author":[{"embeddable":true,"href":"https:\/\/www.europesays.com\/fr\/wp-json\/wp\/v2\/users\/2"}],"replies":[{"embeddable":true,"href":"https:\/\/www.europesays.com\/fr\/wp-json\/wp\/v2\/comments?post=40483"}],"version-history":[{"count":0,"href":"https:\/\/www.europesays.com\/fr\/wp-json\/wp\/v2\/posts\/40483\/revisions"}],"wp:featuredmedia":[{"embeddable":true,"href":"https:\/\/www.europesays.com\/fr\/wp-json\/wp\/v2\/media\/40484"}],"wp:attachment":[{"href":"https:\/\/www.europesays.com\/fr\/wp-json\/wp\/v2\/media?parent=40483"}],"wp:term":[{"taxonomy":"category","embeddable":true,"href":"https:\/\/www.europesays.com\/fr\/wp-json\/wp\/v2\/categories?post=40483"},{"taxonomy":"post_tag","embeddable":true,"href":"https:\/\/www.europesays.com\/fr\/wp-json\/wp\/v2\/tags?post=40483"}],"curies":[{"name":"wp","href":"https:\/\/api.w.org\/{rel}","templated":true}]}}