{"id":404843,"date":"2025-09-20T12:43:21","date_gmt":"2025-09-20T12:43:21","guid":{"rendered":"https:\/\/www.europesays.com\/fr\/404843\/"},"modified":"2025-09-20T12:43:21","modified_gmt":"2025-09-20T12:43:21","slug":"pace-cratophane-sinspire-aussi-de-la-bd","status":"publish","type":"post","link":"https:\/\/www.europesays.com\/fr\/404843\/","title":{"rendered":"Pac\u00e9. Cratophane s\u2019inspire aussi de la BD"},"content":{"rendered":"<p>Cratophane est n\u00e9 en 2018, avec Aymeric, \u00e0 la batterie, Ronan \u00e0 la basse, et Simon, \u00e0 la guitare. C\u2019est un trio instrumental qui se situe entre prog, noise, doom et zeuhl.<\/p>\n<p>Ce groupe tente de donner forme \u00e0 leurs contradictions. <strong> \u00ab<\/strong>\u00a0<strong>Cosmique mais tellurique, bruyant mais m\u00e9lodique, simple et complexe, \u00e9crit et improvis\u00e9\u00a0\u00bb, <\/strong>explique\u00a0Aymeric. Sans compter des musiques contrast\u00e9es, dissonantes, bref, un grand spectre.<\/p>\n<p>Ces trois amis sont passionn\u00e9s de science-fiction et de bande dessin\u00e9e, comme les histoires de Druillet ou Moebius\u00a0: <strong> \u00ab\u00a0Cela nous a pouss\u00e9s \u00e0 nous inspirer vers une musique instrumentale\u00a0pour des histoires sans mots\u00a0!\u00a0\u00bb<\/strong><\/p>\n<p>Leur deuxi\u00e8me\u00a0album, Exode, sort le 3\u00a0octobre, premier jour des Lunatiques.<\/p>\n<p>\u00a0<\/p>\n","protected":false},"excerpt":{"rendered":"Cratophane est n\u00e9 en 2018, avec Aymeric, \u00e0 la batterie, Ronan \u00e0 la basse, et Simon, \u00e0 la&hellip;\n","protected":false},"author":2,"featured_media":404844,"comment_status":"","ping_status":"","sticky":false,"template":"","format":"standard","meta":{"footnotes":""},"categories":[2821],"tags":[1111,11,9993,829,53638,1777,674,1011,27,42142,12,9569,3086,584,25],"class_list":{"0":"post-404843","1":"post","2":"type-post","3":"status-publish","4":"format-standard","5":"has-post-thumbnail","7":"category-rennes","8":"tag-actu","9":"tag-actualites","10":"tag-bd","11":"tag-bretagne","12":"tag-cratophane","13":"tag-eu","14":"tag-europe","15":"tag-fr","16":"tag-france","17":"tag-inspire","18":"tag-news","19":"tag-pace","20":"tag-redon","21":"tag-rennes","22":"tag-republique-francaise"},"share_on_mastodon":{"url":"https:\/\/pubeurope.com\/@fr\/115236687397871245","error":""},"_links":{"self":[{"href":"https:\/\/www.europesays.com\/fr\/wp-json\/wp\/v2\/posts\/404843","targetHints":{"allow":["GET"]}}],"collection":[{"href":"https:\/\/www.europesays.com\/fr\/wp-json\/wp\/v2\/posts"}],"about":[{"href":"https:\/\/www.europesays.com\/fr\/wp-json\/wp\/v2\/types\/post"}],"author":[{"embeddable":true,"href":"https:\/\/www.europesays.com\/fr\/wp-json\/wp\/v2\/users\/2"}],"replies":[{"embeddable":true,"href":"https:\/\/www.europesays.com\/fr\/wp-json\/wp\/v2\/comments?post=404843"}],"version-history":[{"count":0,"href":"https:\/\/www.europesays.com\/fr\/wp-json\/wp\/v2\/posts\/404843\/revisions"}],"wp:featuredmedia":[{"embeddable":true,"href":"https:\/\/www.europesays.com\/fr\/wp-json\/wp\/v2\/media\/404844"}],"wp:attachment":[{"href":"https:\/\/www.europesays.com\/fr\/wp-json\/wp\/v2\/media?parent=404843"}],"wp:term":[{"taxonomy":"category","embeddable":true,"href":"https:\/\/www.europesays.com\/fr\/wp-json\/wp\/v2\/categories?post=404843"},{"taxonomy":"post_tag","embeddable":true,"href":"https:\/\/www.europesays.com\/fr\/wp-json\/wp\/v2\/tags?post=404843"}],"curies":[{"name":"wp","href":"https:\/\/api.w.org\/{rel}","templated":true}]}}