{"id":404854,"date":"2025-09-20T12:49:09","date_gmt":"2025-09-20T12:49:09","guid":{"rendered":"https:\/\/www.europesays.com\/fr\/404854\/"},"modified":"2025-09-20T12:49:09","modified_gmt":"2025-09-20T12:49:09","slug":"ce-festival-unique-en-france-met-le-theatre-en-avant","status":"publish","type":"post","link":"https:\/\/www.europesays.com\/fr\/404854\/","title":{"rendered":"ce festival unique en France met le th\u00e9\u00e2tre en avant"},"content":{"rendered":"<p>            Par<br \/>\n        <strong><br \/>\n            <a href=\"https:\/\/actu.fr\/auteur\/laure-gentil\" title=\"Consulter tous les articles de Laure Gentil\" rel=\"nofollow noopener\" target=\"_blank\">Laure Gentil<\/a><br \/>\n        <\/strong><\/p>\n<p>        Publi\u00e9 le<\/p>\n<p>            20 sept. 2025 \u00e0 12h32        <\/p>\n<p>C\u2019est \u00ab\u2009un festival unique en France\u2009\u00bb qui revient pour une cinqui\u00e8me \u00e9dition \u00e0 Nantes\u2009: La Nuit du Th\u00e9\u00e2tre. Organis\u00e9e par les <strong>Th\u00e9\u00e2tres Nantais Associ\u00e9s<\/strong>, elle doit se d\u00e9rouler le <strong>samedi 27\u00a0septembre<\/strong> 2025.<\/p>\n<p>25 spectacles et 11 th\u00e9\u00e2tres<\/p>\n<p class=\" wall-content\">\u00ab\u200925 spectacles professionnels sont \u00e0 d\u00e9couvrir dans 11 th\u00e9\u00e2tres diff\u00e9rents la nuit du 27 au 28\u00a0septembre de 21h30 jusqu\u2019au petit matin\u2009\u00bb, indiquent les organisateurs. La programmation respecte \u00ab\u2009l\u2019identit\u00e9 artistique\u2009\u00bb de chaque th\u00e9\u00e2tre avec de la com\u00e9die, du stand up, de l\u2019improvisation, ou encore du th\u00e9\u00e2tre contemporain.<\/p>\n<p class=\" wall-content\">Un \u00ab\u2009pass myst\u00e8re\u2009\u00bb est propos\u00e9 pour \u00ab\u2009une immersion surprise dans la nuit th\u00e9\u00e2trale\u2009\u00bb. Les spectateurs pourront de plus participer \u00e0 un <strong>jeu-concours<\/strong> pour gagner un an de th\u00e9\u00e2tre (saison 2025-206).<\/p>\n<p>Quels sont les th\u00e9\u00e2tres participants\u2009?<\/p>\n<ul class=\" wall-content\">\n<li>Th\u00e9\u00e2tre de Jeanne\u2009: 5 rue des Salorges.<\/li>\n<li>Th\u00e9\u00e2tre rue de Belleville\u2009: 19 rue de Belleville.<\/li>\n<li>Th\u00e9\u00e2tre de Poche Graslin\u2009: 5 rue Lekain.<\/li>\n<li>Th\u00e9\u00e2tre Krapo Roy\u2009: 26 rue L\u00e9on Jamin.<\/li>\n<li>La Fabrique \u00e0 Impros\u2009: 14 rue de l\u2019Arche S\u00e8che.<\/li>\n<li>La Compagnie du Caf\u00e9-Th\u00e9\u00e2tre\u2009: 6 rue des Carm\u00e9lites.<\/li>\n<li>Th\u00e9\u00e2tre du Cyclope\u2009: 82 rue du Mar\u00e9chal Joffre.<\/li>\n<li>Th\u00e9\u00e2tre du Sphinx\u2009: 9 rue Monteil.<\/li>\n<li>TNT\u2009: 11 all\u00e9e de la Maison Rouge.<\/li>\n<li>Th\u00e9\u00e2tre Beaulieu\u2009: 9 bis boulevard Fran\u00e7ois Blancho.<\/li>\n<li>Th\u00e9\u00e2tre 100 Noms\u2009: 21 quai des Antilles.<\/li>\n<\/ul>\n<p>Infos pratiques\u2009: samedi 27\u00a0septembre 2025 de 21\u2009h\u200930 au petit matin. Tarifs\u2009: 15\u00a0euros par spectacle et 35\u00a0euros le Pass D\u00e9couverte (3 spectacles \u2013 nombre limit\u00e9) et Pass Myst\u00e8re. <a href=\"https:\/\/www.nuitdutheatre.fr\/\" rel=\"nofollow noopener\" target=\"_blank\">Cliquez ici pour acc\u00e9der \u00e0 la programmation.<\/a><\/p>\n<p class=\" wall-content\">Personnalisez votre actualit\u00e9 en ajoutant vos villes et m\u00e9dias en favori avec <a href=\"https:\/\/moncompte.actu.fr\" title=\"D\u00e9couvez Mon Actu\" rel=\"nofollow noopener\" data-trk=\"{&quot;cta&quot;:{&quot;action&quot;:&quot;https:\\\/\\\/moncompte.actu.fr&quot;,&quot;category&quot;:&quot;mon compte&quot;,&quot;from&quot;:&quot;article footer&quot;,&quot;name&quot;:&quot;Mon actu&quot;,&quot;type&quot;:&quot;cta&quot;}}\" target=\"_blank\">Mon Actu<\/a>.<\/p>\n","protected":false},"excerpt":{"rendered":"Par Laure Gentil Publi\u00e9 le 20 sept. 2025 \u00e0 12h32 C\u2019est \u00ab\u2009un festival unique en France\u2009\u00bb qui revient&hellip;\n","protected":false},"author":2,"featured_media":404855,"comment_status":"","ping_status":"","sticky":false,"template":"","format":"standard","meta":{"footnotes":""},"categories":[2818],"tags":[1111,11,1777,674,849,1011,27,1652,766,12,2636,25],"class_list":{"0":"post-404854","1":"post","2":"type-post","3":"status-publish","4":"format-standard","5":"has-post-thumbnail","7":"category-nantes","8":"tag-actu","9":"tag-actualites","10":"tag-eu","11":"tag-europe","12":"tag-festival","13":"tag-fr","14":"tag-france","15":"tag-loisirs-culture","16":"tag-nantes","17":"tag-news","18":"tag-pays-de-la-loire","19":"tag-republique-francaise"},"share_on_mastodon":{"url":"https:\/\/pubeurope.com\/@fr\/115236710934579679","error":""},"_links":{"self":[{"href":"https:\/\/www.europesays.com\/fr\/wp-json\/wp\/v2\/posts\/404854","targetHints":{"allow":["GET"]}}],"collection":[{"href":"https:\/\/www.europesays.com\/fr\/wp-json\/wp\/v2\/posts"}],"about":[{"href":"https:\/\/www.europesays.com\/fr\/wp-json\/wp\/v2\/types\/post"}],"author":[{"embeddable":true,"href":"https:\/\/www.europesays.com\/fr\/wp-json\/wp\/v2\/users\/2"}],"replies":[{"embeddable":true,"href":"https:\/\/www.europesays.com\/fr\/wp-json\/wp\/v2\/comments?post=404854"}],"version-history":[{"count":0,"href":"https:\/\/www.europesays.com\/fr\/wp-json\/wp\/v2\/posts\/404854\/revisions"}],"wp:featuredmedia":[{"embeddable":true,"href":"https:\/\/www.europesays.com\/fr\/wp-json\/wp\/v2\/media\/404855"}],"wp:attachment":[{"href":"https:\/\/www.europesays.com\/fr\/wp-json\/wp\/v2\/media?parent=404854"}],"wp:term":[{"taxonomy":"category","embeddable":true,"href":"https:\/\/www.europesays.com\/fr\/wp-json\/wp\/v2\/categories?post=404854"},{"taxonomy":"post_tag","embeddable":true,"href":"https:\/\/www.europesays.com\/fr\/wp-json\/wp\/v2\/tags?post=404854"}],"curies":[{"name":"wp","href":"https:\/\/api.w.org\/{rel}","templated":true}]}}