{"id":404856,"date":"2025-09-20T12:50:44","date_gmt":"2025-09-20T12:50:44","guid":{"rendered":"https:\/\/www.europesays.com\/fr\/404856\/"},"modified":"2025-09-20T12:50:44","modified_gmt":"2025-09-20T12:50:44","slug":"rennes-il-y-a-eu-des-pseudo-menaces-les-parents-de-quentin-merlin-niront-pas-a-la-beaujoire-2","status":"publish","type":"post","link":"https:\/\/www.europesays.com\/fr\/404856\/","title":{"rendered":"Rennes : \u00ab Il y a eu des pseudo-menaces \u00bb\u2026 Les parents de Quentin Merlin n\u2019iront pas \u00e0 la Beaujoire"},"content":{"rendered":"<p class=\"mb-4 text-lg md:leading-8 break-words\"><strong>football &#8211; Form\u00e9s au FC Nantes, Quentin Merlin et Valentin Rongier ont rejoint cet \u00e9t\u00e9 le rival rennais<\/strong><\/p>\n<p class=\"mb-4 text-lg md:leading-8 break-words\">Ce n\u2019est pas un match comme les autres. Et l\u2019\u00e9dition 2025-2025 du <a href=\"https:\/\/www.20minutes.fr\/sport\/3016819-20210410-rennes-fc-nantes-fou-irreel-racontent-epilogue-dernier-derby-roazhon-park?at_medium=RSS%20feed&amp;at_campaign=ynews&amp;utm_source=yahoo&amp;utm_medium=rss&amp;utm_campaign=news_feed&amp;utm_content=in_article_link\" rel=\"nofollow noopener\" target=\"_blank\" data-ylk=\"slk:derby breton entre Nantes et Rennes;elm:context_link;itc:0;sec:content-canvas\" class=\"link \">derby breton entre Nantes et Rennes<\/a>, ce samedi \u00e0 17 heures, le sera encore moins, notamment pour <a href=\"https:\/\/www.20minutes.fr\/sport\/football\/mercato\/4170682-20250902-ligue-1-strasbourg-flambe-casino-paris-tres-sage-om-illisible-mercato-francais-chiffres?at_medium=RSS%20feed&amp;at_campaign=ynews&amp;utm_source=yahoo&amp;utm_medium=rss&amp;utm_campaign=news_feed&amp;utm_content=in_article_link\" rel=\"nofollow noopener\" target=\"_blank\" data-ylk=\"slk:Valentin Rongier et Quentin Merlin;elm:context_link;itc:0;sec:content-canvas\" class=\"link \">Valentin Rongier et Quentin Merlin<\/a>. Les deux joueurs, form\u00e9s \u00e0 la Joneli\u00e8re ont rejoint cet \u00e9t\u00e9 les Rouge et Noir, pour la plus grande col\u00e8re des supporteurs des Jaune et Vert. Autant dire qu\u2019un accueil bruyant devrait leur \u00eatre r\u00e9serv\u00e9 \u00e0 la Beaujoire.<\/p>\n<p class=\"mb-4 text-lg md:leading-8 break-words\">\u00ab\u00a0Forc\u00e9ment on s\u2019y attend. On a re\u00e7u des messages, on sait ce qui peut se passer, a expliqu\u00e9 <a href=\"https:\/\/www.20minutes.fr\/sport\/football\/4159808-20250622-euro-espoirs-apres-avoir-retourne-georgie-bleuets-ec-urent-danemark-filent-demie?at_medium=RSS%20feed&amp;at_campaign=ynews&amp;utm_source=yahoo&amp;utm_medium=rss&amp;utm_campaign=news_feed&amp;utm_content=in_article_link\" rel=\"nofollow noopener\" target=\"_blank\" data-ylk=\"slk:Quentin Merlin;elm:context_link;itc:0;sec:content-canvas\" class=\"link \">Quentin Merlin<\/a> cette semaine. Moi, je m\u2019en fous, je vais faire abstraction de ce qu\u2019ils peuvent dire, ce qu\u2019ils peuvent faire.\u00a0\u00bb Mais ce n\u2019est pas le cas pour la famille du lat\u00e9ral gauche, qui a d\u00e9cid\u00e9 de ne pas se d\u00e9placer \u00e0 La Beaujoire ce samedi pour \u00e9viter les ennuis et laisser le joueur se concentrer.<\/p>\n<p class=\"mb-4 text-lg md:leading-8 break-words\">\u00ab\u00a0On a d\u00e9cid\u00e9 de ne pas aller au match parce qu\u2019il y a eu des pseudo-menaces, a racont\u00e9 David, le papa de Quentin, sur <a href=\"https:\/\/rmcsport.bfmtv.com\/football\/ligue-1\/moi-je-m-en-fous-comment-les-rennais-merlin-et-rongier-abordent-leurs-retrouvailles-avec-nantes_AV-202509190747.html?at_medium=RSS%20feed&amp;at_campaign=ynews&amp;utm_source=yahoo&amp;utm_medium=rss&amp;utm_campaign=news_feed&amp;utm_content=in_article_link\" rel=\"nofollow noopener\" target=\"_blank\" data-ylk=\"slk:RMC Sports;elm:context_link;itc:0;sec:content-canvas\" class=\"link \">RMC Sports<\/a>. On a eu des messages, comme quand Quentin est parti \u00e0 Marseille, qui sont assez virulents. Il y a le regard des supporteurs mais nous, on a notre \u0153il de parents, d\u2019accompagnateurs. Et Quentin a sa carri\u00e8re \u00e0 g\u00e9rer. C\u2019est une frustration parce qu\u2019on avait pr\u00e9vu d\u2019y aller avec des amis. Apr\u00e8s, c\u2019est comme \u00e7a, on regardera la t\u00e9l\u00e9.\u00a0\u00bb<\/p>\n<p class=\"mb-4 text-lg md:leading-8 break-words\"><a href=\"https:\/\/www.20minutes.fr\/sport\/football\/ligue-1\/4174278-20250920-nantes-rennes-pseudo-menaces-parents-quentin-merlin-iront-beaujoire?at_medium=RSS%20feed&amp;at_campaign=ynews&amp;utm_source=yahoo&amp;utm_medium=rss&amp;utm_campaign=news_feed&amp;utm_content=read_more_link&quot;\" rel=\"nofollow noopener\" target=\"_blank\" data-ylk=\"slk:Lire la suite sur 20minutes;elm:context_link;itc:0;sec:content-canvas\" class=\"link \">Lire la suite sur 20minutes<\/a><\/p>\n<p>\u00c0 lire aussi :<br \/><a href=\"https:\/\/www.20minutes.fr\/sport\/football\/4172400-20250911-football-champion-monde-legende-om-gardien-steve-mandanda-prend-retraite?at_medium=RSS%20feed&amp;at_campaign=ynews&amp;utm_source=yahoo&amp;utm_medium=rss&amp;utm_campaign=news_feed&amp;utm_content=related_content_link\" rel=\"nofollow noopener\" target=\"_blank\" data-ylk=\"slk:Football\u00a0: Champion du monde, l\u00e9gende de l\u2019OM\u2026 Le gardien Steve Mandanda prend sa retraite;elm:context_link;itc:0;sec:content-canvas\" class=\"link \">Football\u00a0: Champion du monde, l\u00e9gende de l\u2019OM\u2026 Le gardien Steve Mandanda prend sa retraite<\/a><br \/><a href=\"https:\/\/www.20minutes.fr\/sport\/football\/ligue-1\/4168682-20250820-drama-om-coup-monte-om-faute-professionnelle-rabiot-guerre-com-declaree-marseille?at_medium=RSS%20feed&amp;at_campaign=ynews&amp;utm_source=yahoo&amp;utm_medium=rss&amp;utm_campaign=news_feed&amp;utm_content=related_content_link\" rel=\"nofollow noopener\" target=\"_blank\" data-ylk=\"slk:Crise \u00e0 l\u2019OM\u00a0: \u00ab\u00a0Coup mont\u00e9\u00a0\u00bb par le club ou faute professionnelle de Rabiot\u00a0? La guerre de com&#039; est d\u00e9clar\u00e9e \u00e0 Marseille;elm:context_link;itc:0;sec:content-canvas\" class=\"link \">Crise \u00e0 l\u2019OM\u00a0: \u00ab\u00a0Coup mont\u00e9\u00a0\u00bb par le club ou faute professionnelle de Rabiot\u00a0? La guerre de com&rsquo; est d\u00e9clar\u00e9e \u00e0 Marseille<\/a><\/p>\n","protected":false},"excerpt":{"rendered":"football &#8211; Form\u00e9s au FC Nantes, Quentin Merlin et Valentin Rongier ont rejoint cet \u00e9t\u00e9 le rival rennais&hellip;\n","protected":false},"author":2,"featured_media":404857,"comment_status":"","ping_status":"","sticky":false,"template":"","format":"standard","meta":{"footnotes":""},"categories":[2818],"tags":[1111,11,1777,674,462,1011,27,766,12,2636,39795,4029,584,25,51450,40284],"class_list":{"0":"post-404856","1":"post","2":"type-post","3":"status-publish","4":"format-standard","5":"has-post-thumbnail","7":"category-nantes","8":"tag-actu","9":"tag-actualites","10":"tag-eu","11":"tag-europe","12":"tag-fc-nantes","13":"tag-fr","14":"tag-france","15":"tag-nantes","16":"tag-news","17":"tag-pays-de-la-loire","18":"tag-quentin-merlin","19":"tag-rabiot","20":"tag-rennes","21":"tag-republique-francaise","22":"tag-steve-mandanda","23":"tag-valentin-rongier"},"share_on_mastodon":{"url":"https:\/\/pubeurope.com\/@fr\/115236714856649120","error":""},"_links":{"self":[{"href":"https:\/\/www.europesays.com\/fr\/wp-json\/wp\/v2\/posts\/404856","targetHints":{"allow":["GET"]}}],"collection":[{"href":"https:\/\/www.europesays.com\/fr\/wp-json\/wp\/v2\/posts"}],"about":[{"href":"https:\/\/www.europesays.com\/fr\/wp-json\/wp\/v2\/types\/post"}],"author":[{"embeddable":true,"href":"https:\/\/www.europesays.com\/fr\/wp-json\/wp\/v2\/users\/2"}],"replies":[{"embeddable":true,"href":"https:\/\/www.europesays.com\/fr\/wp-json\/wp\/v2\/comments?post=404856"}],"version-history":[{"count":0,"href":"https:\/\/www.europesays.com\/fr\/wp-json\/wp\/v2\/posts\/404856\/revisions"}],"wp:featuredmedia":[{"embeddable":true,"href":"https:\/\/www.europesays.com\/fr\/wp-json\/wp\/v2\/media\/404857"}],"wp:attachment":[{"href":"https:\/\/www.europesays.com\/fr\/wp-json\/wp\/v2\/media?parent=404856"}],"wp:term":[{"taxonomy":"category","embeddable":true,"href":"https:\/\/www.europesays.com\/fr\/wp-json\/wp\/v2\/categories?post=404856"},{"taxonomy":"post_tag","embeddable":true,"href":"https:\/\/www.europesays.com\/fr\/wp-json\/wp\/v2\/tags?post=404856"}],"curies":[{"name":"wp","href":"https:\/\/api.w.org\/{rel}","templated":true}]}}