{"id":404870,"date":"2025-09-20T12:57:10","date_gmt":"2025-09-20T12:57:10","guid":{"rendered":"https:\/\/www.europesays.com\/fr\/404870\/"},"modified":"2025-09-20T12:57:10","modified_gmt":"2025-09-20T12:57:10","slug":"chateau-sourire-un-havre-de-paix-pour-les-enfants-malades","status":"publish","type":"post","link":"https:\/\/www.europesays.com\/fr\/404870\/","title":{"rendered":"Ch\u00e2teau sourire, un havre de paix pour les enfants malades"},"content":{"rendered":"<p>Cette grande b\u00e2tisse blanche, entour\u00e9e d\u2019un parc arbor\u00e9 de cinq hectares, fut pendant de longues ann\u00e9es la demeure de la famille Ricard, et le lieu de vill\u00e9giature du c\u00e9l\u00e8bre Paul Ricard \u00e0 <a href=\"https:\/\/www.laprovence.com\/article\/region\/527267523460314\/quartiers-de-marseille-a-sainte-marthe-comme-un-gout-d-autrefois\" target=\"_blank\" rel=\"noopener\">Sainte-Marthe<\/a>. Apr\u00e8s des ann\u00e9es d\u2019abandon, c\u2019est l\u2019association <a href=\"https:\/\/www.laprovence.com\/article\/region\/14671359467793\/course-des-flammes-a-marseille-se-depasser-pour-les-enfants-malades\" target=\"_blank\" rel=\"noopener\">Sourire \u00e0 la vie<\/a>, qui accompagne \u00e0 l\u2019h\u00f4pital les enfants malades de <a href=\"https:\/\/www.laprovence.com\/article\/sante\/3561334237652315\/cancer-le-directeur-general-de-linstitut-paoli-calmettes-a-marseille-fait-le-point-sur-les-avancees\" target=\"_blank\" rel=\"noopener\">cancers<\/a>, qui en a fait son sanctuaire gr\u00e2ce \u00e0 un bail emphyt\u00e9otique de cinquante ans. Deux ann\u00e9es, \u00ab\u00a0de joie et de gal\u00e8res\u00a0\u00bb, confie l\u2019\u00e9quipe, et quatre millions d\u2019euros auront \u00e9t\u00e9 n\u00e9cessaires pour retaper les nombreuses pi\u00e8ces du ch\u00e2teau, les mettre aux normes sanitaires et les \u00e9quiper pour les futurs petits pensionnaires.<\/p>\n<p>Les premiers n\u2019arriveront que pendant les vacances de la Toussaint, mais ils pourront avoir un premier aper\u00e7u de leur nouveau cocon d\u00e8s ce samedi. Ce matin, les vingt salari\u00e9s de <a href=\"https:\/\/www.laprovence.com\/article\/sante\/3692604556549514\/lassociation-marseillaise-sourire-a-la-vie-accompagne-les-enfants-touches-par-un-cancer\" target=\"_blank\" rel=\"noopener\">Sourire \u00e0 la vie<\/a> (dont une m\u00e9decin p\u00e9diatre et deux infirmi\u00e8res) ouvriront les portes de la bastide aux visiteurs pour une inauguration anim\u00e9e, entre autres, par le parrain de l\u2019association, le chanteur Grand corps malade. \u00ab\u00a0Ce lieu est celui de la r\u00e9sistance, de la lutte pour la vie, et il m\u00e9rite bien une c\u00e9l\u00e9bration\u00a0\u00bb, sourit <a href=\"https:\/\/www.laprovence.com\/article\/papier\/5395585\/sans-masque-ni-armure.html\" target=\"_blank\" rel=\"noopener\">Fr\u00e9d\u00e9ric Sotteau<\/a>, marin de profession et fondateur&#8230;<\/p>\n","protected":false},"excerpt":{"rendered":"Cette grande b\u00e2tisse blanche, entour\u00e9e d\u2019un parc arbor\u00e9 de cinq hectares, fut pendant de longues ann\u00e9es la demeure&hellip;\n","protected":false},"author":2,"featured_media":404871,"comment_status":"","ping_status":"","sticky":false,"template":"","format":"standard","meta":{"footnotes":""},"categories":[2814],"tags":[17,1111,11,4811,1719,1777,674,1011,27,17922,151,884,12,2403,471,882,16,25,48191],"class_list":{"0":"post-404870","1":"post","2":"type-post","3":"status-publish","4":"format-standard","5":"has-post-thumbnail","7":"category-marseille","8":"tag-17","9":"tag-actu","10":"tag-actualites","11":"tag-chateau","12":"tag-enfants","13":"tag-eu","14":"tag-europe","15":"tag-fr","16":"tag-france","17":"tag-havre","18":"tag-les","19":"tag-marseille","20":"tag-news","21":"tag-paix","22":"tag-pour","23":"tag-provence-alpes-cote-dazur","24":"tag-region","25":"tag-republique-francaise","26":"tag-sourire"},"share_on_mastodon":{"url":"https:\/\/pubeurope.com\/@fr\/115236742363467853","error":""},"_links":{"self":[{"href":"https:\/\/www.europesays.com\/fr\/wp-json\/wp\/v2\/posts\/404870","targetHints":{"allow":["GET"]}}],"collection":[{"href":"https:\/\/www.europesays.com\/fr\/wp-json\/wp\/v2\/posts"}],"about":[{"href":"https:\/\/www.europesays.com\/fr\/wp-json\/wp\/v2\/types\/post"}],"author":[{"embeddable":true,"href":"https:\/\/www.europesays.com\/fr\/wp-json\/wp\/v2\/users\/2"}],"replies":[{"embeddable":true,"href":"https:\/\/www.europesays.com\/fr\/wp-json\/wp\/v2\/comments?post=404870"}],"version-history":[{"count":0,"href":"https:\/\/www.europesays.com\/fr\/wp-json\/wp\/v2\/posts\/404870\/revisions"}],"wp:featuredmedia":[{"embeddable":true,"href":"https:\/\/www.europesays.com\/fr\/wp-json\/wp\/v2\/media\/404871"}],"wp:attachment":[{"href":"https:\/\/www.europesays.com\/fr\/wp-json\/wp\/v2\/media?parent=404870"}],"wp:term":[{"taxonomy":"category","embeddable":true,"href":"https:\/\/www.europesays.com\/fr\/wp-json\/wp\/v2\/categories?post=404870"},{"taxonomy":"post_tag","embeddable":true,"href":"https:\/\/www.europesays.com\/fr\/wp-json\/wp\/v2\/tags?post=404870"}],"curies":[{"name":"wp","href":"https:\/\/api.w.org\/{rel}","templated":true}]}}