{"id":404878,"date":"2025-09-20T13:02:26","date_gmt":"2025-09-20T13:02:26","guid":{"rendered":"https:\/\/www.europesays.com\/fr\/404878\/"},"modified":"2025-09-20T13:02:26","modified_gmt":"2025-09-20T13:02:26","slug":"concours-miss-ile-de-france-tahera-guilloteau-joue-a-domicile","status":"publish","type":"post","link":"https:\/\/www.europesays.com\/fr\/404878\/","title":{"rendered":"Concours Miss \u00cele-de-France : Tahera Guilloteau joue \u00e0 domicile"},"content":{"rendered":"<p><img loading=\"lazy\" decoding=\"async\" alt=\"@ Comit\u00e9 Miss \u00cele-de-France - Tahera Guilloteau, Miss Seine-et-Marne 2025, et ses trois dauphines sont candidates, le 20 septembre \u00e0 Dammarie-l\u00e8s-Lys, \u00e0 l'\u00e9lection de Miss \u00cele-de-France.\" data-zoom-src=\"https:\/\/www.europesays.com\/fr\/wp-content\/uploads\/2025\/09\/initial-miss-idf-2025-3-ok.jpg\" data-zoomable=\"\" height=\"702\" src=\"https:\/\/www.europesays.com\/fr\/wp-content\/uploads\/2025\/09\/initial-miss-idf-2025-3-ok.jpg\" width=\"1248\"\/>  <\/p>\n<p class=\"article-desc\">@ Comit\u00e9 Miss \u00cele-de-France &#8211; Tahera Guilloteau, Miss Seine-et-Marne 2025, et ses trois dauphines sont candidates, le 20 septembre \u00e0 Dammarie-l\u00e8s-Lys, \u00e0 l&rsquo;\u00e9lection de Miss \u00cele-de-France. <\/p>\n<p>Une petite vingtaine de kilom\u00e8tres s\u00e9parent Dammarie-l\u00e8s-Lys de Combs-la-Ville. Autant dire que les supporters de <strong>Tahera Guilloteau,<\/strong><a href=\"https:\/\/mesinfos.fr\/77380-combs-la-ville\/tahera-guilloteau-nouvelle-miss-seine-et-marne-habite-combs-la-ville-222669.html\" rel=\"noopener nofollow\" target=\"_blank\"> l\u2019actuelle Miss Seine-et-Marne <\/a>et habitante de Combs-la-Ville, seront nombreux, samedi 20 septembre (18 h), \u00e0 l\u2019Espace Pierre-Bachelet de Dammarie-l\u00e8s-Lys. <\/p>\n<p>C\u2019est, en effet, dans cette salle de spectacles (qui affiche d\u00e9j\u00e0 complet) que le <strong>concours de Miss \u00cele-de-France 2025 <\/strong>aura lieu. <strong>16 candidates<\/strong> y seront r\u00e9unies et tenteront de succ\u00e9der au palmar\u00e8s \u00e0 Julie Dupont, sacr\u00e9e en 2024. Elles seront soutenues par <strong>Ang\u00e9lique Angarni-Filopon<\/strong>, <a href=\"https:\/\/mesinfos.fr\/angelique-angarni-filopon-miss-martinique-elue-miss-france-2025-212725.html\" rel=\"noopener nofollow\" target=\"_blank\">Miss France 2025<\/a> et invit\u00e9e d\u2019honneur. <\/p>\n<p><strong>Trois autres Miss repr\u00e9senteront la Seine-et-Marne<\/strong>  <\/p>\n<p>Parmi elles, il y aura donc Tahera Guilloteau. \u00c2g\u00e9e de 21 ans, cette <strong>\u00e9tudiante en science politique<\/strong> \u00e0 l\u2019universit\u00e9 de Paris Panth\u00e9on-Assas a \u00e9t\u00e9 \u00e9lue le 17 mai dernier lors d\u2019une soir\u00e9e organis\u00e9e au <a href=\"https:\/\/mesinfos.fr\/ile-de-france\/saison-culturelle-2025-2026-rendez-vous-en-septembre-226549.html\" rel=\"noopener nofollow\" target=\"_blank\">Majestic de Montereau-Fault-Yonne.<\/a><\/p>\n<p>Tahera ne sera pas la seule repr\u00e9sentante seine-et-marnaise, puisque ses dauphines ont \u00e9t\u00e9 rep\u00each\u00e9es. Il s\u2019agit d\u2019<strong>Emma Teixeira<\/strong> (Gretz-Armainvilliers), <strong>Julie Peroumal-Ellama<\/strong> (Thorigny-sur-Marne) et <strong>Ma\u00efwenn Vigana<\/strong> (Cond\u00e9-Sainte-Libiaire). <\/p>\n<p><strong>Votez pour votre candidate par SMS<\/strong> <\/p>\n<p>Toutes les deux, comme leurs 14 autres concurrentes, tenteront donc de coiffer la couronne francilienne et de se qualifier pour la <strong>grande finale nationale<\/strong> pr\u00e9vue le 13 d\u00e9cembre dans un lieu qui n&rsquo;est pas encore connu. <\/p>\n<p>Outre ceux du public qui sera pr\u00e9sent dans la salle, <strong>\u00a0les votes s\u2019effectuent aussi par SMS <\/strong>depuis le 17 septembre et jusqu&rsquo;au 20 septembre \u00e0 18 h au 7 15 15 (0,99 euro par SMS). Il faut juste envoyer <strong>le mot \u00ab\u00a0IDF\u00a0\u00bb <\/strong>suivi du num\u00e9ro de la candidate choisie.<\/p>\n","protected":false},"excerpt":{"rendered":"@ Comit\u00e9 Miss \u00cele-de-France &#8211; Tahera Guilloteau, Miss Seine-et-Marne 2025, et ses trois dauphines sont candidates, le 20&hellip;\n","protected":false},"author":2,"featured_media":404879,"comment_status":"","ping_status":"","sticky":false,"template":"","format":"standard","meta":{"footnotes":""},"categories":[1592],"tags":[1111,11,1777,674,1011,27,662,3034,12,626,25],"class_list":{"0":"post-404878","1":"post","2":"type-post","3":"status-publish","4":"format-standard","5":"has-post-thumbnail","7":"category-ile-de-france","8":"tag-actu","9":"tag-actualites","10":"tag-eu","11":"tag-europe","12":"tag-fr","13":"tag-france","14":"tag-ile-de-france","15":"tag-miss-france","16":"tag-news","17":"tag-paris","18":"tag-republique-francaise"},"share_on_mastodon":{"url":"https:\/\/pubeurope.com\/@fr\/115236762529051240","error":""},"_links":{"self":[{"href":"https:\/\/www.europesays.com\/fr\/wp-json\/wp\/v2\/posts\/404878","targetHints":{"allow":["GET"]}}],"collection":[{"href":"https:\/\/www.europesays.com\/fr\/wp-json\/wp\/v2\/posts"}],"about":[{"href":"https:\/\/www.europesays.com\/fr\/wp-json\/wp\/v2\/types\/post"}],"author":[{"embeddable":true,"href":"https:\/\/www.europesays.com\/fr\/wp-json\/wp\/v2\/users\/2"}],"replies":[{"embeddable":true,"href":"https:\/\/www.europesays.com\/fr\/wp-json\/wp\/v2\/comments?post=404878"}],"version-history":[{"count":0,"href":"https:\/\/www.europesays.com\/fr\/wp-json\/wp\/v2\/posts\/404878\/revisions"}],"wp:featuredmedia":[{"embeddable":true,"href":"https:\/\/www.europesays.com\/fr\/wp-json\/wp\/v2\/media\/404879"}],"wp:attachment":[{"href":"https:\/\/www.europesays.com\/fr\/wp-json\/wp\/v2\/media?parent=404878"}],"wp:term":[{"taxonomy":"category","embeddable":true,"href":"https:\/\/www.europesays.com\/fr\/wp-json\/wp\/v2\/categories?post=404878"},{"taxonomy":"post_tag","embeddable":true,"href":"https:\/\/www.europesays.com\/fr\/wp-json\/wp\/v2\/tags?post=404878"}],"curies":[{"name":"wp","href":"https:\/\/api.w.org\/{rel}","templated":true}]}}