{"id":404893,"date":"2025-09-20T13:11:10","date_gmt":"2025-09-20T13:11:10","guid":{"rendered":"https:\/\/www.europesays.com\/fr\/404893\/"},"modified":"2025-09-20T13:11:10","modified_gmt":"2025-09-20T13:11:10","slug":"un-couple-de-retraites-britanniques-detenu-par-les-talibans-pendant-sept-mois-de-retour-chez-eux","status":"publish","type":"post","link":"https:\/\/www.europesays.com\/fr\/404893\/","title":{"rendered":"Un couple de retrait\u00e9s britanniques d\u00e9tenu par les talibans pendant sept mois de retour chez eux"},"content":{"rendered":"<p>\n         Publi\u00e9 le<br \/>\n            20\/09\/2025 &#8211; 14:15 UTC+2\n            <\/p>\n<p>          <img decoding=\"async\" class=\"c-ad__placeholder__logo\" src=\"https:\/\/static.euronews.com\/website\/images\/logos\/logo-euronews-stacked-outlined-72x72-grey-9.svg\" width=\"72\" height=\"72\" alt=\"\" loading=\"lazy\"\/><br \/>\n          PUBLICIT\u00c9<\/p>\n<p>Le couple britannico-afghan \u00e2g\u00e9 rentre en Grande-Bretagne samedi apr\u00e8s avoir \u00e9t\u00e9 lib\u00e9r\u00e9 de sept mois de d\u00e9tention sous le r\u00e9gime taliban.<\/p>\n<p>Les n\u00e9gociations de haut niveau entre le Royaume-Uni et les talibans, sous la m\u00e9diation du Qatar, ont \u00e9t\u00e9 salu\u00e9es par la famille et consid\u00e9r\u00e9es comme un rappel de l&rsquo;importance de la diplomatie pour apaiser les tensions en temps de conflit.<\/p>\n<p>\u00ab\u00a0Cette exp\u00e9rience nous a rappel\u00e9 le pouvoir de la diplomatie, de l&#8217;empathie et de la coop\u00e9ration internationale. Nous sommes \u00e9ternellement reconnaissants aux gouvernements qatari et britannique de nous avoir soutenus pendant cette p\u00e9riode difficile. Merci de nous avoir rendu notre famille\u00a0\u00bb, a d\u00e9clar\u00e9 Sarah Entwistle, fille du couple britannique.<\/p>\n<p>De nationalit\u00e9 afghane, Peter Reynolds, 80 ans, et son \u00e9pouse Barbie, 76 ans, y ont v\u00e9cu pr\u00e8s de vingt ans et doivent s&rsquo;envoler pour le Royaume-Uni samedi apr\u00e8s avoir retrouv\u00e9 leur fille au Qatar.<\/p>\n<p>Selon la BBC, la rencontre d&rsquo;Entwistle avec ses parents, apr\u00e8s une longue attente, \u00e0 leur descente d&rsquo;avion \u00e0 Doha a \u00e9t\u00e9 poignante.<\/p>\n<p>Ils souhaitent retourner en Afghanistan d\u00e8s que possible.<\/p>\n<p>\u00ab Nous avons h\u00e2te de retourner en Afghanistan si nous le pouvons \u00bb, a d\u00e9clar\u00e9 Barbie \u00e0 l&rsquo;AFP \u00e0 l&rsquo;a\u00e9roport de Kaboul.<\/p>\n<p>Par ailleurs, \u00ab boulevers\u00e9 \u00bb par leur lib\u00e9ration, leur fils Jonathan Reynolds a d\u00e9clar\u00e9 aux m\u00e9dias britanniques qu&rsquo;il \u00e9tait \u00ab ravi et extr\u00eamement reconnaissant \u00bb envers ceux qui ont contribu\u00e9 \u00e0 leur lib\u00e9ration.<\/p>\n<p>Les talibans, qui ont arr\u00eat\u00e9 le couple alors qu&rsquo;ils rentraient chez eux le 1er f\u00e9vrier, ont d\u00e9clar\u00e9 qu&rsquo;ils avaient enfreint la loi afghane et qu&rsquo;ils avaient \u00e9t\u00e9 lib\u00e9r\u00e9s \u00e0 l&rsquo;issue d&rsquo;une proc\u00e9dure judiciaire. Pourtant, le groupe islamiste n&rsquo;a jamais divulgu\u00e9 les raisons de leur d\u00e9tention.<\/p>\n<p>Le Premier ministre britannique, Sir Keir Starmer, a salu\u00e9 le \u00ab r\u00f4le essentiel \u00bb jou\u00e9 par le Qatar dans leur lib\u00e9ration.<\/p>\n<p>Des responsables qataris ont d\u00e9clar\u00e9 \u00e0 <strong>Euronews<\/strong> que leur pays continuerait d&rsquo;\u00eatre une force de promotion de la paix et de la stabilit\u00e9 dans le monde et ne d\u00e9vierait pas de sa voie. Cela prouve clairement que la m\u00e9diation du Qatar ne peut \u00eatre efficace que si les deux parties sont dispos\u00e9es \u00e0 parvenir \u00e0 un accord.<\/p>\n<p>Sources additionnelles<strong> \u2022 adaptation : Serge Duch\u00eane<\/strong><\/p>\n","protected":false},"excerpt":{"rendered":"Publi\u00e9 le 20\/09\/2025 &#8211; 14:15 UTC+2 PUBLICIT\u00c9 Le couple britannico-afghan \u00e2g\u00e9 rentre en Grande-Bretagne samedi apr\u00e8s avoir \u00e9t\u00e9&hellip;\n","protected":false},"author":2,"featured_media":404894,"comment_status":"","ping_status":"","sticky":false,"template":"","format":"standard","meta":{"footnotes":""},"categories":[1588],"tags":[11,598,1777,674,5072,12,19141,1463,473,1853,597,1851,1850,1852],"class_list":{"0":"post-404893","1":"post","2":"type-post","3":"status-publish","4":"format-standard","5":"has-post-thumbnail","7":"category-royaume-uni","8":"tag-actualites","9":"tag-afghanistan","10":"tag-eu","11":"tag-europe","12":"tag-grande-bretagne","13":"tag-news","14":"tag-otages","15":"tag-qatar","16":"tag-royaume-uni","17":"tag-royaume-uni-de-grande-bretagne-et-dirlande-du-nord","18":"tag-taliban","19":"tag-uk","20":"tag-united-kingdom","21":"tag-united-kingdom-of-great-britain-and-northern-ireland"},"share_on_mastodon":{"url":"https:\/\/pubeurope.com\/@fr\/115236797846420194","error":""},"_links":{"self":[{"href":"https:\/\/www.europesays.com\/fr\/wp-json\/wp\/v2\/posts\/404893","targetHints":{"allow":["GET"]}}],"collection":[{"href":"https:\/\/www.europesays.com\/fr\/wp-json\/wp\/v2\/posts"}],"about":[{"href":"https:\/\/www.europesays.com\/fr\/wp-json\/wp\/v2\/types\/post"}],"author":[{"embeddable":true,"href":"https:\/\/www.europesays.com\/fr\/wp-json\/wp\/v2\/users\/2"}],"replies":[{"embeddable":true,"href":"https:\/\/www.europesays.com\/fr\/wp-json\/wp\/v2\/comments?post=404893"}],"version-history":[{"count":0,"href":"https:\/\/www.europesays.com\/fr\/wp-json\/wp\/v2\/posts\/404893\/revisions"}],"wp:featuredmedia":[{"embeddable":true,"href":"https:\/\/www.europesays.com\/fr\/wp-json\/wp\/v2\/media\/404894"}],"wp:attachment":[{"href":"https:\/\/www.europesays.com\/fr\/wp-json\/wp\/v2\/media?parent=404893"}],"wp:term":[{"taxonomy":"category","embeddable":true,"href":"https:\/\/www.europesays.com\/fr\/wp-json\/wp\/v2\/categories?post=404893"},{"taxonomy":"post_tag","embeddable":true,"href":"https:\/\/www.europesays.com\/fr\/wp-json\/wp\/v2\/tags?post=404893"}],"curies":[{"name":"wp","href":"https:\/\/api.w.org\/{rel}","templated":true}]}}