{"id":404896,"date":"2025-09-20T13:13:12","date_gmt":"2025-09-20T13:13:12","guid":{"rendered":"https:\/\/www.europesays.com\/fr\/404896\/"},"modified":"2025-09-20T13:13:12","modified_gmt":"2025-09-20T13:13:12","slug":"leurope-face-a-lepuisement-de-la-methode-monnet-par-cecile-maisonneuve-lexpress","status":"publish","type":"post","link":"https:\/\/www.europesays.com\/fr\/404896\/","title":{"rendered":"L\u2019Europe face \u00e0 l\u2019\u00e9puisement de la \u00ab\u00a0m\u00e9thode Monnet\u00a0\u00bb, par C\u00e9cile Maisonneuve \u2013 L&rsquo;Express"},"content":{"rendered":"<p class=\"paragraph article-body-paragraph article__item   article-body-paragraph--first \">Faut-il que l\u2019heure soit grave pour que l\u2019aust\u00e8re Mario Draghi ait appel\u00e9, le 16 septembre \u00e0 Bruxelles, \u00e0 des changements radicaux. \u00ab\u00a0<a href=\"https:\/\/www.lexpress.fr\/monde\/europe\/comment-leurope-a-trahi-mario-draghi-un-an-apres-son-rapport-RRZRIQRH3JAWHNF43FUNGXMFTE\/\" target=\"_self\" rel=\"noopener\" title=\"https:\/\/www.lexpress.fr\/monde\/europe\/comment-leurope-a-trahi-mario-draghi-un-an-apres-son-rapport-RRZRIQRH3JAWHNF43FUNGXMFTE\/\">Continuer comme si de rien n\u2019\u00e9tait<\/a>, c\u2019est se r\u00e9signer au d\u00e9clin\u00a0\u00bb, tonne-t-il, pr\u00f4nant une rupture &#8211; endettement mutualis\u00e9, d\u00e9r\u00e9gulation acc\u00e9l\u00e9r\u00e9e, alliances de pionniers pour <a href=\"https:\/\/www.lexpress.fr\/economie\/high-tech\/mistral-ai-et-asml-un-mariage-de-reve-pour-leurope-TR6QMP7LSZDUNEZYUBDGB24DEE\/\" target=\"_self\" rel=\"noopener\" title=\"https:\/\/www.lexpress.fr\/economie\/high-tech\/mistral-ai-et-asml-un-mariage-de-reve-pour-leurope-TR6QMP7LSZDUNEZYUBDGB24DEE\/\">propulser l\u2019IA<\/a> et l\u2019\u00e9nergie \u2013 alors qu\u2019un an apr\u00e8s la publication de son rapport qui tirait d\u00e9j\u00e0 la sonnette d\u2019alarme, \u00ab\u00a0seulement 14 %\u00a0\u00bb de ses recommandations ont \u00e9t\u00e9 appliqu\u00e9es. Certes, le discours sur l&rsquo;\u00e9tat de l&rsquo;Union d&rsquo;Ursula von der Leyen, le 10 septembre, ne manquait pas de souffle, remettant la comp\u00e9titivit\u00e9 au c\u0153ur des priorit\u00e9s de son action ; mais faut-il que l\u2019heure soit confuse pour que la pr\u00e9sidente de la Commission ait \u00e0 ce point \u00e9voqu\u00e9 les sujets de d\u00e9fense et de s\u00e9curit\u00e9, domaines qui ne sont pas de sa comp\u00e9tence. Ce vide au sommet de Bruxelles n\u2019est pas fortuit : les Etats membres, jaloux de leurs pr\u00e9rogatives, ont \u00e9cart\u00e9 Draghi, le leader qui manque cruellement \u00e0 l\u2019Europe aujourd\u2019hui.<\/p>\n<p class=\"paragraph article-body-paragraph article__item   \">Le r\u00e9sultat est clair : une Commission enlis\u00e9e dans des calendriers de travail qui exasp\u00e8rent les industriels. La production d\u2019aluminium primaire a chut\u00e9 de plus de 40 %, le verre, de 30 %, illustrant <a href=\"https:\/\/www.lexpress.fr\/economie\/non-nous-navons-pas-tout-essaye-pour-reindustrialiser-par-olivier-lluansi-4LM2EJQUVJFARKZUVUA2JOFVIU\/\" target=\"_self\" rel=\"noopener\" title=\"https:\/\/www.lexpress.fr\/economie\/non-nous-navons-pas-tout-essaye-pour-reindustrialiser-par-olivier-lluansi-4LM2EJQUVJFARKZUVUA2JOFVIU\/\">une d\u00e9sindustrialisation rampante<\/a> que masquent mal les discours sur la \u00ab\u00a0comp\u00e9titivit\u00e9\u00a0\u00bb. ArcelorMittal a suspendu ses projets d\u2019investissement de d\u00e9carbonation \u00e0 Dunkerque \u2013 1,8 milliard d\u2019euros en jeu \u2013 et annonc\u00e9 la suppression de 600 postes. Face aux atermoiements europ\u00e9ens, les entreprises choisissent l&rsquo;exil : ExxonMobil et Dow ont quitt\u00e9 l&rsquo;Europe, d&rsquo;autres transf\u00e8rent leurs si\u00e8ges outre-Atlantique. L&rsquo;industrie lourde europ\u00e9enne est en p\u00e9ril, entre surco\u00fbts \u00e9nerg\u00e9tiques prohibitifs, concurrence d\u00e9loyale de la Chine et inqui\u00e9tudes sur le m\u00e9canisme d&rsquo;ajustement carbone aux fronti\u00e8res (MACF). <\/p>\n<p><strong class=\"article-body-link-list__item text-gray-800 article-body-link-list__item--one-item\">LIRE AUSSI : <a class=\"article-body-link-list__item-link\" href=\"https:\/\/www.lexpress.fr\/environnement\/eric-niedziela-arcelormittal-sur-lacier-nous-ne-sommes-plus-dans-une-competition-loyale-4QRCB7ICJFGRNE3SQHGOCKRI5A\/?auth=77bf12476f\" target=\"_blank\" rel=\"noopener\">Eric Niedziela (ArcelorMittal) : \u00ab\u00a0Sur l&rsquo;acier, nous ne sommes plus dans une comp\u00e9tition loyale\u00a0\u00bb<\/a><\/strong><\/p>\n<p class=\"paragraph article-body-paragraph article__item   \">Au lieu du leadership fort qui alignerait commerce, industrie, d\u00e9fense, \u00e9nergie et climat en une offensive coh\u00e9rente, l\u2019Union europ\u00e9enne aligne ses divisions, non pas militaires h\u00e9las, mais politiques. Les industriels de l\u2019automobile, eux aussi, <a href=\"https:\/\/www.lexpress.fr\/economie\/politique-economique\/jean-michel-pinto-nous-sommes-a-un-point-de-bascule-pour-la-filiere-automobile-4BJ7XFAN6RAIFBLEK6HTTVH65I\/\" target=\"_self\" rel=\"noopener\" title=\"https:\/\/www.lexpress.fr\/economie\/politique-economique\/jean-michel-pinto-nous-sommes-a-un-point-de-bascule-pour-la-filiere-automobile-4BJ7XFAN6RAIFBLEK6HTTVH65I\/\">se d\u00e9chirent sur la bonne strat\u00e9gie<\/a> \u00e0 adopter face \u00e0 la Chine alors que la Commission pourrait actionner la clause de revoyure pour savoir s\u2019il faut reporter l\u2019\u00e9ch\u00e9ance de 2035 interdisant la vente de v\u00e9hicules thermiques neufs. Une mosa\u00efque de voix discordantes, o\u00f9 l&rsquo;urgence le dispute au chacun pour soi\u2026 L\u2019Europe est devenue un village gaulois : bravo la France pour avoir su exporter le meilleur d\u2019elle-m\u00eame !<\/p>\n<p>L&rsquo;Europe, cette histoire sans fin<\/p>\n<p class=\"paragraph article-body-paragraph article__item   \">A sa d\u00e9charge, admettons-le : le d\u00e9sordre est devenu la norme, il faut s\u2019habituer \u00e0 vivre avec une g\u00e9opolitique \u00e9clat\u00e9e, une d\u00e9mographie fractur\u00e9e et des disruptions technologiques constantes. La transition \u00e9nerg\u00e9tique est un processus, chaotique, non lin\u00e9aire et un champ de bataille o\u00f9 s\u2019affrontent \u00ab\u00a0\u00e9lectro-Etats\u00a0\u00bb misant, comme l\u2019Europe et la Chine, sur une r\u00e9volution \u00e9lectrotechnique fond\u00e9e sur le solaire, l\u2019\u00e9olien, le stockage, les r\u00e9seaux, les logiciels et min\u00e9raux, et \u00ab\u00a0<a href=\"https:\/\/www.lexpress.fr\/environnement\/ladministration-trump-a-produit-un-torchon-des-scientifiques-etrillent-un-rapport-sur-le-climat-YPRUD7IRCJDU5B5O7HEKDJZLTM\/\" target=\"_self\" rel=\"noopener\" title=\"https:\/\/www.lexpress.fr\/environnement\/ladministration-trump-a-produit-un-torchon-des-scientifiques-etrillent-un-rapport-sur-le-climat-YPRUD7IRCJDU5B5O7HEKDJZLTM\/\">p\u00e9tro-Etats\u00a0\u00bb, bien d\u00e9cid\u00e9s \u00e0 survivre<\/a>. Avec, au milieu, le nucl\u00e9aire dont les uns comme les autres comprennent aujourd\u2019hui le r\u00f4le structurant pour l\u2019industrie, la souverainet\u00e9, la recherche et les partenariats de long terme. Les sanctions, droits de douane, normes et \u00ab\u00a0techno-sph\u00e8res\u00a0\u00bb rivales red\u00e9finissent commerce, pouvoir tarifaire et alliances.<\/p>\n<p><strong class=\"article-body-link-list__item text-gray-800 article-body-link-list__item--one-item\">LIRE AUSSI : <a class=\"article-body-link-list__item-link\" href=\"https:\/\/www.lexpress.fr\/politique\/leurope-vassale-malgre-elle-comment-inverser-la-tendance-par-jean-francois-cope-GSUYYUAZEBEXTN4SYS3JY6SLTA\/\" target=\"_blank\" rel=\"noopener\">L\u2019Europe vassale malgr\u00e9 elle : comment inverser la tendance, par Jean-Fran\u00e7ois Cop\u00e9<\/a><\/strong><\/p>\n<p class=\"paragraph article-body-paragraph article__item    article__text__endpicto\">L\u2019Europe de 2025 illustre l\u2019\u00e9puisement de la \u00ab\u00a0m\u00e9thode Monnet\u00a0\u00bb : dans un monde de ruptures technologiques et g\u00e9opolitiques, l\u2019int\u00e9gration fonctionnelle par petits pas ne suffit plus. La guerre en Ukraine, la rivalit\u00e9 sino-am\u00e9ricaine et l&rsquo;\u00e9mergence de l&rsquo;intelligence artificielle imposent des temporalit\u00e9s incompatibles avec les cycles institutionnels europ\u00e9ens traditionnels. La solution r\u00e9side avant tout dans un changement de m\u00e9thode : il faut trancher, comme le fit Alexandre Le Grand, le n\u0153ud gordien, celui des r\u00e9glementations, de l\u2019inertie et de la pusillanimit\u00e9 qui \u00e9touffent l\u2019Europe. Plut\u00f4t que de se d\u00e9chirer sur un objectif de 90 % de r\u00e9duction des \u00e9missions \u00e0 2040, les Europ\u00e9ens devraient \u00eatre bien plus ambitieux : mettre en \u0153uvre 90 % des recommandations de Draghi d\u2019ici \u00e0 fin 2025. Avec ce calendrier trumpien, elle se prouvera comme elle prouvera \u00e0 des rivaux qu\u2019elle est sortie de l\u2019histoire sans fin qui est la sienne depuis des si\u00e8cles, celle de cycles o\u00f9 les tentatives d&rsquo;union (Saint-Empire, Congr\u00e8s de Vienne, Soci\u00e9t\u00e9 des Nations) pr\u00e9c\u00e8dent les explosions et les d\u00e9sastres (guerres napol\u00e9oniennes, 1914, 1939). Mettons fin \u00e0 cette histoire sans fin. <\/p>\n<p>.<\/p>\n","protected":false},"excerpt":{"rendered":"Faut-il que l\u2019heure soit grave pour que l\u2019aust\u00e8re Mario Draghi ait appel\u00e9, le 16 septembre \u00e0 Bruxelles, \u00e0&hellip;\n","protected":false},"author":2,"featured_media":404897,"comment_status":"","ping_status":"","sticky":false,"template":"","format":"standard","meta":{"footnotes":""},"categories":[1586],"tags":[11,10696,33,1777,674,1011,27,12,25],"class_list":{"0":"post-404896","1":"post","2":"type-post","3":"status-publish","4":"format-standard","5":"has-post-thumbnail","7":"category-europe","8":"tag-actualites","9":"tag-climat-et-transitions","10":"tag-economie","11":"tag-eu","12":"tag-europe","13":"tag-fr","14":"tag-france","15":"tag-news","16":"tag-republique-francaise"},"share_on_mastodon":{"url":"https:\/\/pubeurope.com\/@fr\/115236805468600230","error":""},"_links":{"self":[{"href":"https:\/\/www.europesays.com\/fr\/wp-json\/wp\/v2\/posts\/404896","targetHints":{"allow":["GET"]}}],"collection":[{"href":"https:\/\/www.europesays.com\/fr\/wp-json\/wp\/v2\/posts"}],"about":[{"href":"https:\/\/www.europesays.com\/fr\/wp-json\/wp\/v2\/types\/post"}],"author":[{"embeddable":true,"href":"https:\/\/www.europesays.com\/fr\/wp-json\/wp\/v2\/users\/2"}],"replies":[{"embeddable":true,"href":"https:\/\/www.europesays.com\/fr\/wp-json\/wp\/v2\/comments?post=404896"}],"version-history":[{"count":0,"href":"https:\/\/www.europesays.com\/fr\/wp-json\/wp\/v2\/posts\/404896\/revisions"}],"wp:featuredmedia":[{"embeddable":true,"href":"https:\/\/www.europesays.com\/fr\/wp-json\/wp\/v2\/media\/404897"}],"wp:attachment":[{"href":"https:\/\/www.europesays.com\/fr\/wp-json\/wp\/v2\/media?parent=404896"}],"wp:term":[{"taxonomy":"category","embeddable":true,"href":"https:\/\/www.europesays.com\/fr\/wp-json\/wp\/v2\/categories?post=404896"},{"taxonomy":"post_tag","embeddable":true,"href":"https:\/\/www.europesays.com\/fr\/wp-json\/wp\/v2\/tags?post=404896"}],"curies":[{"name":"wp","href":"https:\/\/api.w.org\/{rel}","templated":true}]}}