{"id":404898,"date":"2025-09-20T13:14:11","date_gmt":"2025-09-20T13:14:11","guid":{"rendered":"https:\/\/www.europesays.com\/fr\/404898\/"},"modified":"2025-09-20T13:14:11","modified_gmt":"2025-09-20T13:14:11","slug":"ce-quon-sait-de-ce-reglement-europeen-controverse-2","status":"publish","type":"post","link":"https:\/\/www.europesays.com\/fr\/404898\/","title":{"rendered":"ce qu\u2019on sait de ce r\u00e8glement europ\u00e9en controvers\u00e9"},"content":{"rendered":"<p>        <img decoding=\"async\" loading=\"lazy\" src=\"https:\/\/www.europesays.com\/fr\/wp-content\/uploads\/2025\/09\/c4d248e_upload-1-ml2veandtdjs-cc10.jpg\"  width=\"728\" height=\"410\" alt=\"Surnomm\u00e9 \u00ab\u00a0Chat Control\u00a0\u00bb, un r\u00e8glement europ\u00e9en contre les contenus p\u00e9dopornographiques fait craindre une surveillance de masse. \"\/>  <\/p>\n<p>Adobe Stock, Le HuffPost<\/p>\n<p>Surnomm\u00e9 \u00ab\u00a0Chat Control\u00a0\u00bb, un r\u00e8glement europ\u00e9en contre les contenus p\u00e9dopornographiques fait craindre une surveillance de masse. <\/p>\n<p class=\"asset asset-text\">TECH &#8211; L\u2019Union europ\u00e9enne va-t-elle bient\u00f4t pouvoir lire toutes vos communications, y compris celles que vous \u00e9changez sur les messageries crypt\u00e9es comme <a href=\"https:\/\/www.huffingtonpost.fr\/international\/article\/en-russie-cette-decision-est-un-grave-coup-porte-a-la-liberte-d-expression_253574.html\" rel=\"nofollow noopener\" target=\"_blank\">WhatsApp<\/a>, Telegram ou <a href=\"https:\/\/www.huffingtonpost.fr\/international\/video\/donald-trump-critique-signal-sauf-que-le-souci-n-est-pas-l-application-mais-son-utilisation_248022.html\" rel=\"nofollow noopener\" target=\"_blank\">Signal<\/a>\u00a0? Depuis plusieurs jours, cette pol\u00e9mique enfle sur les <a href=\"https:\/\/www.huffingtonpost.fr\/international\/article\/quel-avenir-pour-tiktok-ce-que-l-on-sait-du-pre-accord-entre-la-chine-et-les-etats-unis_254857.html\" rel=\"nofollow noopener\" target=\"_blank\">r\u00e9seaux sociaux<\/a> autour du projet de directive CSAM (Child Sexual Abuse Material) qui a vocation \u00e0 lutter contre les abus sexuels et l\u2019exploitation sexuelle des enfants.<\/p>\n<p class=\"asset asset-text\">En cause, cette <a href=\"https:\/\/stopchatcontrol.fr\/\" target=\"_blank\" rel=\"noopener nofollow\" title=\"Nouvelle fen\u00eatre\">p\u00e9tition<\/a> contre le projet de loi europ\u00e9en, surnomm\u00e9 ici \u00ab\u00a0Chat Control\u00a0\u00bb, qui a d\u00e9j\u00e0 recueilli plus de 37\u00a0000 signatures. Derri\u00e8re le site qui l\u2019h\u00e9berge\u00a0: Christophe Boutry, alias \u00ab\u00a0Haurus\u00a0\u00bb, un ancien agent de la DGSI devenu youtubeur apr\u00e8s une condamnation pour avoir vendu sur le darknet des informations confidentielles. La p\u00e9tition d\u00e9clare s\u2019opposer \u00e0 une \u00ab\u00a0surveillance totale\u00a0\u00bb que permettrait l\u2019adoption de cette loi visant \u00e0 s\u2019attaquer aux contenus p\u00e9dopornographiques.<\/p>\n<p class=\"asset asset-text\">Pour comprendre comment en est-on arriv\u00e9 l\u00e0, il faut revenir quelques ann\u00e9es en arri\u00e8re, en 2022, lorsque <a href=\"https:\/\/eur-lex.europa.eu\/legal-content\/FR\/TXT\/?uri=CELEX:52022PC0209\" target=\"_blank\" rel=\"noopener nofollow\" title=\"Nouvelle fen\u00eatre\">les premiers jalons de la loi CSAM<\/a> ont \u00e9t\u00e9 pos\u00e9s avec cette \u00ab\u00a0proposition de R\u00e8glement du Parlement europ\u00e9en et du Conseil \u00e9tablissant des r\u00e8gles en vue de pr\u00e9venir et de combattre les abus sexuels sur enfants\u00a0\u00bb. L\u2019objectif\u00a0: d\u00e9tecter, signaler puis retirer ces contenus ill\u00e9gaux.<\/p>\n<p>    Une dangereuse banalisation de la surveillance    <\/p>\n<p class=\"asset asset-text\">Pour y parvenir, la premi\u00e8re version du \u00ab\u00a0Chat Control\u00a0\u00bb proposait d\u2019utiliser la m\u00e9thode du client-side scanning (CSS). Concr\u00e8tement, cela signifie qu\u2019un dispositif automatis\u00e9 serait impos\u00e9 aux plateformes, et analyserait tous les messages, images, vid\u00e9os et autres fichiers qui y sont \u00e9chang\u00e9s au moment m\u00eame de leur envoi &#8211; y compris ceux partag\u00e9s par le biais de messageries crypt\u00e9es.<\/p>\n<p class=\"asset asset-text\">Malgr\u00e9 une modification radicale de cette premi\u00e8re version par le Parlement europ\u00e9en, le probl\u00e8me li\u00e9 \u00e0 l\u2019utilisation du CSS reste aujourd\u2019hui inchang\u00e9, estime la Commission nationale de l\u2019informatique et des libert\u00e9s (CNIL) contact\u00e9e par Le HuffPost\u00a0:<\/p>\n<p class=\"asset asset-text\">\u00ab\u00a0\u00c0 ce jour, le texte pr\u00e9voit toujours, notamment, l\u2019obligation pour les services de communications interpersonnelles de permettre l\u2019introduction d\u2019un dispositif de surveillance dans leurs syst\u00e8mes (y compris pour les communications chiffr\u00e9es de bout en bout, par le biais d\u2019un dispositif install\u00e9 sur le terminal des utilisateurs)\u00a0\u00bb. L\u2019organisme alerte \u00e9galement sur les risques de \u00ab\u00a0faux positifs\u00a0\u00bb qu\u2019entra\u00eenerait l\u2019utilisation d\u2019un tel dispositif.<\/p>\n<p class=\"asset asset-text\">\u00ab\u00a0Chat Control participe \u00e0 la banalisation de mesures de surveillance particuli\u00e8rement intrusives et dangereuses dans une d\u00e9mocratie\u00a0\u00bb, r\u00e9sume de son c\u00f4t\u00e9\u00a0Bastien Le Querrec, juriste \u00e0 la Quadrature du Net. Selon l\u2019association de d\u00e9fense des libert\u00e9s \u00e0 l\u2019\u00e8re du num\u00e9rique, la port\u00e9e du texte sera d\u2019ailleurs \u00ab\u00a0tr\u00e8s certainement \u00e9tendue\u00a0\u00bb, \u00ab\u00a0parce qu\u2019avant de pouvoir dire qu\u2019un contenu rel\u00e8ve ou non d\u2019une cat\u00e9gorie recherch\u00e9e, il faut bien surveiller tous les contenus\u00a0\u00bb.<\/p>\n<p>                     <strong>Un texte controvers\u00e9 toujours en n\u00e9gociation<\/strong>    <\/p>\n<p class=\"asset asset-text\">Face \u00e0 la viralit\u00e9 de la p\u00e9tition pour stopper \u00ab\u00a0Chat Control\u00a0\u00bb, partag\u00e9e en masse sur les r\u00e9seaux sociaux et notamment par le Parti Pirate, il est n\u00e9anmoins important de rappeler que le contenu du projet est encore d\u00e9battu, et ce depuis plus de trois ans. \u00ab\u00a0La panique virale \u00e0 propos de l\u2019Union Europ\u00e9enne qui \u201cva scanner imm\u00e9diatement les messages de tout le monde\u201d est trompeuse, car le projet est encore un brouillon\u00a0\u00bb, rappelle ainsi <a href=\"https:\/\/www.euronews.com\/my-europe\/2025\/09\/11\/fact-check-is-the-eu-about-to-start-scanning-your-text-messages\" target=\"_blank\" rel=\"noopener nofollow\" title=\"Nouvelle fen\u00eatre\">Euronews<\/a>.<\/p>\n<p class=\"asset asset-text\">La prochaine \u00e9tape pour \u00ab\u00a0Chat Control\u00a0\u00bb, qui est d\u00e9sormais entre les mains du Conseil europ\u00e9en, c\u2019est un potentiel vote le 13\u00a0octobre. Mais il y a une grande probabilit\u00e9 qu\u2019il \u00ab\u00a0ne se passe rien du tout\u00a0\u00bb ce jour-l\u00e0, car \u00ab\u00a0il existe toujours une minorit\u00e9 bloquante qui fait que le Conseil n\u2019adoptera probablement pas sa position, qui pour l\u2019instant penche vers l\u2019une des pires versions du texte\u00a0\u00bb, pr\u00e9cise Bastien Le Querrec. En effet, comme l\u2019indique <a href=\"https:\/\/www.radiofrance.fr\/franceinter\/podcasts\/veille-sanitaire\/veille-sanitaire-du-mardi-16-septembre-2025-8027484\" target=\"_blank\" rel=\"noopener nofollow\" title=\"Nouvelle fen\u00eatre\">Radio France<\/a>, les \u00c9tats membres restent divis\u00e9s\u00a0: 15 d\u2019entre eux, dont la France, soutiennent le projet de loi, mais des pays comme la Pologne, l\u2019Allemagne ou les Pays-Bas y sont oppos\u00e9s.<\/p>\n<p class=\"asset asset-text\">Si le 13\u00a0octobre, les \u00c9tats arrivent n\u00e9anmoins \u00e0 se mettre d\u2019accord sur cette version du texte, ce sera la phase des trilogues qui commencera, \u00ab\u00a0des r\u00e9unions de travail compl\u00e8tement opaques pour essayer de trouver une version commune du texte qui fait plaisir \u00e0 la fois au Parlement europ\u00e9en et au Conseil\u00a0\u00bb, d\u00e9crit Bastien Le Querrec. \u00ab\u00a0S\u2019il est adopt\u00e9, il y aura d\u2019autres mani\u00e8res de continuer le combat\u00a0\u00bb, assure cependant le juriste. \u00ab\u00a0Mais si on peut le faire stopper d\u00e8s maintenant, c\u2019est une bonne chose\u00a0\u00bb.<\/p>\n","protected":false},"excerpt":{"rendered":"Adobe Stock, Le HuffPost Surnomm\u00e9 \u00ab\u00a0Chat Control\u00a0\u00bb, un r\u00e8glement europ\u00e9en contre les contenus p\u00e9dopornographiques fait craindre une surveillance&hellip;\n","protected":false},"author":2,"featured_media":398669,"comment_status":"","ping_status":"","sticky":false,"template":"","format":"standard","meta":{"footnotes":""},"categories":[1586],"tags":[11,1777,674,1779,1011,27,1069,12,316,8015,25,24551,1778,364],"class_list":{"0":"post-404898","1":"post","2":"type-post","3":"status-publish","4":"format-standard","5":"has-post-thumbnail","7":"category-europe","8":"tag-actualites","9":"tag-eu","10":"tag-europe","11":"tag-european-union","12":"tag-fr","13":"tag-france","14":"tag-messagerie","15":"tag-news","16":"tag-politique","17":"tag-protection-des-donnees","18":"tag-republique-francaise","19":"tag-tech-futurs","20":"tag-ue","21":"tag-union-europeenne"},"share_on_mastodon":{"url":"https:\/\/pubeurope.com\/@fr\/115236809280121799","error":""},"_links":{"self":[{"href":"https:\/\/www.europesays.com\/fr\/wp-json\/wp\/v2\/posts\/404898","targetHints":{"allow":["GET"]}}],"collection":[{"href":"https:\/\/www.europesays.com\/fr\/wp-json\/wp\/v2\/posts"}],"about":[{"href":"https:\/\/www.europesays.com\/fr\/wp-json\/wp\/v2\/types\/post"}],"author":[{"embeddable":true,"href":"https:\/\/www.europesays.com\/fr\/wp-json\/wp\/v2\/users\/2"}],"replies":[{"embeddable":true,"href":"https:\/\/www.europesays.com\/fr\/wp-json\/wp\/v2\/comments?post=404898"}],"version-history":[{"count":0,"href":"https:\/\/www.europesays.com\/fr\/wp-json\/wp\/v2\/posts\/404898\/revisions"}],"wp:featuredmedia":[{"embeddable":true,"href":"https:\/\/www.europesays.com\/fr\/wp-json\/wp\/v2\/media\/398669"}],"wp:attachment":[{"href":"https:\/\/www.europesays.com\/fr\/wp-json\/wp\/v2\/media?parent=404898"}],"wp:term":[{"taxonomy":"category","embeddable":true,"href":"https:\/\/www.europesays.com\/fr\/wp-json\/wp\/v2\/categories?post=404898"},{"taxonomy":"post_tag","embeddable":true,"href":"https:\/\/www.europesays.com\/fr\/wp-json\/wp\/v2\/tags?post=404898"}],"curies":[{"name":"wp","href":"https:\/\/api.w.org\/{rel}","templated":true}]}}