{"id":404903,"date":"2025-09-20T13:17:20","date_gmt":"2025-09-20T13:17:20","guid":{"rendered":"https:\/\/www.europesays.com\/fr\/404903\/"},"modified":"2025-09-20T13:17:20","modified_gmt":"2025-09-20T13:17:20","slug":"les-regions-ou-ca-va-souffler","status":"publish","type":"post","link":"https:\/\/www.europesays.com\/fr\/404903\/","title":{"rendered":"les r\u00e9gions o\u00f9 \u00e7a va souffler"},"content":{"rendered":"<p>            Par<br \/>\n        <strong><br \/>\n            <a href=\"https:\/\/actu.fr\/auteur\/briac-trebert\" title=\"Consulter tous les articles de Briac Tr\u00e9bert\" target=\"_blank\" rel=\"noopener\">Briac Tr\u00e9bert<\/a><br \/>\n        <\/strong><\/p>\n<p>        Publi\u00e9 le<\/p>\n<p>            20 sept. 2025 \u00e0 15h10        <\/p>\n<p>De fortes pluies, des vents violents et des contrastes de temp\u00e9rature marqu\u00e9s sont attendus de l\u2019autre c\u00f4t\u00e9 de la Manche ce week-end. Et la France ne sera pas en reste.<\/p>\n<p>Une d\u00e9pression qui d\u00e9stabilise fortement la masse d\u2019air sur la France<\/p>\n<p class=\" wall-content\">Du mauvais temps qui sera pilot\u00e9 par une d\u00e9pression \u00ab centr\u00e9e au sud-ouest de la Grande-Bretagne \u00bb, explique, sur actu.fr, le m\u00e9t\u00e9orologue Yann Amice. Elle donnera un coup de vent sur l\u2019ouest et le nord de la France dans la nuit de samedi \u00e0 dimanche, <a href=\"https:\/\/actu.fr\/meteo\/tempete-amy-rafales-a-plus-de-100-km-h-un-gros-coup-de-vent-touche-la-france-ce-week-end-voici-ou-ca-va-souffler_63180038.html\" target=\"_blank\" rel=\"noopener\">comme nous l\u2019expliquons dans cet article<\/a>, et va aussi et surtout d\u00e9stabiliser fortement la masse d\u2019air sur le pays, amenant de l\u2019air froid en altitude, alors que les basses couches seront en surchauffe.<\/p>\n<p class=\" wall-content\">La journ\u00e9e du samedi 20 septembre 2025 sera encore largement estivale avec des temp\u00e9ratures comprises entre 27 et 31\u00b0C sur les trois quarts de la France, mais les premiers orages ont \u00e9clat\u00e9 en d\u00e9but de journ\u00e9e, et se d\u00e9calent sur un quart sud-ouest du pays <a href=\"https:\/\/actu.fr\/meteo\/des-orages-particulierement-violents-a-craindre-partout-en-france-ce-week-end-voici-ce-qui-nous-attend_63172502.html\" target=\"_blank\" rel=\"noopener\">avec un risque d\u2019orage localement fort<\/a>.<\/p>\n<p class=\" wall-content\">Dans le m\u00eame temps, on attend un bon coup de vent, pilot\u00e9 par cette d\u00e9pression donc, qui touchera les r\u00e9gions Bretagne, Normandie et Hauts-de-France, avec des rafales pouvant atteindre les 90 voire 100 km\/h, notamment sur les caps les plus expos\u00e9s, comme le montre la carte ci-dessous du mod\u00e8le britannique Ukmo (carte issue de <a href=\"http:\/\/meteociel.fr\" target=\"_blank\" rel=\"noopener\">M\u00e9t\u00e9ociel<\/a>) :\u00a0<\/p>\n<p class=\" wall-content\"><img decoding=\"async\" src=\"https:\/\/www.europesays.com\/fr\/wp-content\/uploads\/2025\/09\/animgsn5.gif\" loading=\"lazy\"\/><\/p>\n<p>La d\u00e9gradation pluvieuse se poursuit<\/p>\n<p class=\" wall-content\">La nuit suivante et en journ\u00e9e de ce dimanche 21 septembre, la d\u00e9gradation pluvieuse et orageuse se poursuivra et gagnera une moiti\u00e9 est du pays, pouvant \u00eatre \u00e0 l\u2019origine de forts cumuls de pr\u00e9cipitations jusqu\u2019au Languedoc et l\u2019ouest de la r\u00e9gion Provence-Alpes-C\u00f4te d\u2019Azur, met en garde M\u00e9t\u00e9o France.<\/p>\n<p class=\" wall-content\">Et lundi 22 septembre, cette perturbation pluvio-orageuse devrait encore \u00eatre active en d\u00e9but de journ\u00e9e sur le sud-est du pays.<\/p>\n<p>Votre r\u00e9gion, votre actu !<\/p>\n<p>Recevez chaque jour les infos qui comptent pour vous.<\/p>\n<p>\t<a href=\"https:\/\/actu.fr\/newsletter\" class=\"ac-btn ac-btn--corner ac-btn--medium ac-btn--blue800\" target=\"_blank\" rel=\"noopener\">S&rsquo;incrire<\/a><\/p>\n<p class=\" wall-content\">Les temp\u00e9ratures, elles, conna\u00eetront une chute vertigineuse par l\u2019ouest (de plus de 15\u00b0C par endroits) au cours du week-end\u2026<\/p>\n<p class=\" wall-content\">Personnalisez votre actualit\u00e9 en ajoutant vos villes et m\u00e9dias en favori avec <a href=\"https:\/\/moncompte.actu.fr\" title=\"D\u00e9couvez Mon Actu\" rel=\"nofollow noopener\" data-trk=\"{&quot;cta&quot;:{&quot;action&quot;:&quot;https:\\\/\\\/moncompte.actu.fr&quot;,&quot;category&quot;:&quot;mon compte&quot;,&quot;from&quot;:&quot;article footer&quot;,&quot;name&quot;:&quot;Mon actu&quot;,&quot;type&quot;:&quot;cta&quot;}}\" target=\"_blank\">Mon Actu<\/a>.<\/p>\n","protected":false},"excerpt":{"rendered":"Par Briac Tr\u00e9bert Publi\u00e9 le 20 sept. 2025 \u00e0 15h10 De fortes pluies, des vents violents et des&hellip;\n","protected":false},"author":2,"featured_media":404904,"comment_status":"","ping_status":"","sticky":false,"template":"","format":"standard","meta":{"footnotes":""},"categories":[4],"tags":[11,1011,27,2487,2357,12,4594,25],"class_list":{"0":"post-404903","1":"post","2":"type-post","3":"status-publish","4":"format-standard","5":"has-post-thumbnail","7":"category-france","8":"tag-actualites","9":"tag-fr","10":"tag-france","11":"tag-meteo","12":"tag-meteo-france","13":"tag-news","14":"tag-orages","15":"tag-republique-francaise"},"share_on_mastodon":{"url":"https:\/\/pubeurope.com\/@fr\/115236821361593370","error":""},"_links":{"self":[{"href":"https:\/\/www.europesays.com\/fr\/wp-json\/wp\/v2\/posts\/404903","targetHints":{"allow":["GET"]}}],"collection":[{"href":"https:\/\/www.europesays.com\/fr\/wp-json\/wp\/v2\/posts"}],"about":[{"href":"https:\/\/www.europesays.com\/fr\/wp-json\/wp\/v2\/types\/post"}],"author":[{"embeddable":true,"href":"https:\/\/www.europesays.com\/fr\/wp-json\/wp\/v2\/users\/2"}],"replies":[{"embeddable":true,"href":"https:\/\/www.europesays.com\/fr\/wp-json\/wp\/v2\/comments?post=404903"}],"version-history":[{"count":0,"href":"https:\/\/www.europesays.com\/fr\/wp-json\/wp\/v2\/posts\/404903\/revisions"}],"wp:featuredmedia":[{"embeddable":true,"href":"https:\/\/www.europesays.com\/fr\/wp-json\/wp\/v2\/media\/404904"}],"wp:attachment":[{"href":"https:\/\/www.europesays.com\/fr\/wp-json\/wp\/v2\/media?parent=404903"}],"wp:term":[{"taxonomy":"category","embeddable":true,"href":"https:\/\/www.europesays.com\/fr\/wp-json\/wp\/v2\/categories?post=404903"},{"taxonomy":"post_tag","embeddable":true,"href":"https:\/\/www.europesays.com\/fr\/wp-json\/wp\/v2\/tags?post=404903"}],"curies":[{"name":"wp","href":"https:\/\/api.w.org\/{rel}","templated":true}]}}