{"id":404905,"date":"2025-09-20T13:21:23","date_gmt":"2025-09-20T13:21:23","guid":{"rendered":"https:\/\/www.europesays.com\/fr\/404905\/"},"modified":"2025-09-20T13:21:23","modified_gmt":"2025-09-20T13:21:23","slug":"laver-cup-noah-toujours-aussi-surpris-et-impressionne-par-alcaraz-je-pense-que-carlos-est-une-personne-tres-speciale-un-homme-different-qui-va-bien-au-dela-de-ses-competences-tennistiques","status":"publish","type":"post","link":"https:\/\/www.europesays.com\/fr\/404905\/","title":{"rendered":"Laver Cup > Noah toujours aussi surpris et impressionn\u00e9 par Alcaraz : \u00ab\u00a0Je pense que\u00a0Carlos est une personne tr\u00e8s sp\u00e9ciale, un homme diff\u00e9rent qui va bien au-del\u00e0 de ses comp\u00e9tences tennistiques\u00a0\u00bb"},"content":{"rendered":"<p>Le grand Yann s\u2019est large\u00adment exprim\u00e9 au sujet du cham\u00adpion espa\u00adgnol notam\u00adment sur RMC. Il en rajout\u00e9 une couche lors de la premi\u00e8re journ\u00e9e de comp\u00e9\u00adti\u00adtion expli\u00adquant que Carlitos est bien plus qu\u2019un cham\u00adpion de tennis.<\/p>\n<p>\u00ab\u202f<strong>Tous ceux d\u2019entre nous qui se consacrent au tennis trouvent la moti\u00adva\u00adtion de se lever chaque jour pour s\u2019en\u00adtra\u00eener, mais rares sont les cham\u00adpions qui ont quelque chose de plus en eux, une moti\u00adva\u00adtion et une force uniques. C\u2019est ce que je vois en lui. Je pense que\u00a0 Carlos Alcaraz\u00a0est une personne tr\u00e8s sp\u00e9ciale, un homme diff\u00e9\u00adrent qui va bien au\u2010del\u00e0 de ses comp\u00e9\u00adtences tennis\u00adtiques. Il a beau\u00adcoup \u00e0 apporter et est un formi\u00addable ambas\u00adsa\u00addeur de notre sport. Il fait de son mieux pour servir les autres et \u00eatre bien\u00adveillant envers chacun\u202f\u00bb<\/strong><\/p>\n<p class=\"post-published-date\" style=\"color: silver; font-size: 75%; text-align: left;\">Publi\u00e9 le samedi 20 septembre 2025 \u00e0 13:13<\/p>\n","protected":false},"excerpt":{"rendered":"Le grand Yann s\u2019est large\u00adment exprim\u00e9 au sujet du cham\u00adpion espa\u00adgnol notam\u00adment sur RMC. Il en rajout\u00e9 une&hellip;\n","protected":false},"author":2,"featured_media":404906,"comment_status":"","ping_status":"","sticky":false,"template":"","format":"standard","meta":{"footnotes":""},"categories":[1415],"tags":[1744,1011,27,60,1467],"class_list":{"0":"post-404905","1":"post","2":"type-post","3":"status-publish","4":"format-standard","5":"has-post-thumbnail","7":"category-tennis","8":"tag-alcaraz","9":"tag-fr","10":"tag-france","11":"tag-sports","12":"tag-tennis"},"share_on_mastodon":{"url":"https:\/\/pubeurope.com\/@fr\/115236836678009057","error":""},"_links":{"self":[{"href":"https:\/\/www.europesays.com\/fr\/wp-json\/wp\/v2\/posts\/404905","targetHints":{"allow":["GET"]}}],"collection":[{"href":"https:\/\/www.europesays.com\/fr\/wp-json\/wp\/v2\/posts"}],"about":[{"href":"https:\/\/www.europesays.com\/fr\/wp-json\/wp\/v2\/types\/post"}],"author":[{"embeddable":true,"href":"https:\/\/www.europesays.com\/fr\/wp-json\/wp\/v2\/users\/2"}],"replies":[{"embeddable":true,"href":"https:\/\/www.europesays.com\/fr\/wp-json\/wp\/v2\/comments?post=404905"}],"version-history":[{"count":0,"href":"https:\/\/www.europesays.com\/fr\/wp-json\/wp\/v2\/posts\/404905\/revisions"}],"wp:featuredmedia":[{"embeddable":true,"href":"https:\/\/www.europesays.com\/fr\/wp-json\/wp\/v2\/media\/404906"}],"wp:attachment":[{"href":"https:\/\/www.europesays.com\/fr\/wp-json\/wp\/v2\/media?parent=404905"}],"wp:term":[{"taxonomy":"category","embeddable":true,"href":"https:\/\/www.europesays.com\/fr\/wp-json\/wp\/v2\/categories?post=404905"},{"taxonomy":"post_tag","embeddable":true,"href":"https:\/\/www.europesays.com\/fr\/wp-json\/wp\/v2\/tags?post=404905"}],"curies":[{"name":"wp","href":"https:\/\/api.w.org\/{rel}","templated":true}]}}