{"id":404913,"date":"2025-09-20T13:26:11","date_gmt":"2025-09-20T13:26:11","guid":{"rendered":"https:\/\/www.europesays.com\/fr\/404913\/"},"modified":"2025-09-20T13:26:11","modified_gmt":"2025-09-20T13:26:11","slug":"football-asse-reims-sur-quelle-chaine-et-a-quelle-heure-voir-le-match-le-progres","status":"publish","type":"post","link":"https:\/\/www.europesays.com\/fr\/404913\/","title":{"rendered":"Football. ASSE-Reims : sur quelle cha\u00eene et \u00e0 quelle heure voir le match ? &#8211; Le Progr\u00e8s"},"content":{"rendered":"<ol>\n<li><a href=\"https:\/\/news.google.com\/rss\/articles\/CBMipAFBVV95cUxOZmhCUlN6QkUyNHdfdEtoZ21LNGE1U0I1OFk0Q0RuaHM1cUcyaU1WYWlNZmxkSlFLbHpiYTJCVVlrMFY5VTlXc1dEV0xUZjQ3eGtLRmFjVG10OS1EUGRMdTJYaWVzMGhSb1Z3V3RRS284UkFMTU9TMDAtVHMzUWxzZmt1RjlDN0RpNEtDZ3hXTG1MaUxBdVo2TzNBSVRNY3NKNVF1Yw?oc=5\" target=\"_blank\" rel=\"noopener\">Football. ASSE-Reims : sur quelle cha\u00eene et \u00e0 quelle heure voir le match ?<\/a>&nbsp;&nbsp;Le Progr\u00e8s<\/li>\n<li><a href=\"https:\/\/news.google.com\/rss\/articles\/CBMijgFBVV95cUxOYW5RWlc1Znh6eUFMM1VoTlVmbmRYMDh4bUNfS1djTWt5YzlqZnBGc2pKbWRkZGFTbkZNcVpGTGxnOTJ6dFNhUWlBeU9qdzdhRUcwYTJnOUl3RWtQdUFjQlM0LVhWNVJ0N185bW40RGNMNklrU0JUVFRnLUtxYldSaU1MV09Dd0h5S3R0TFZ3?oc=5\" target=\"_blank\" rel=\"noopener\">DIRECT. ASSE-Reims (Ligue 2 2025-2026) \u00e0 suivre en direct<\/a>&nbsp;&nbsp;L&rsquo;\u00c9quipe<\/li>\n<li><a href=\"https:\/\/news.google.com\/rss\/articles\/CBMihAFBVV95cUxNREtlQzlXcElIZ0FvVm9QWktualdRQWh2LUsyUXlRQkc4YTdSaWthNHpaUXg3MHdUQ09LNHA1aU9JTkVJY3hTX25tVWxmS3RSM1V5bDZnandoWHUySkc3cUZSMm93dHFPUXF4TGt1Qk5kYkpmbm9vNGwxTmpWZk51VFE1V24?oc=5\" target=\"_blank\" rel=\"noopener\">Les 18 Verts pour la r\u00e9ception de Reims<\/a>&nbsp;&nbsp;ASSE<\/li>\n<li><a href=\"https:\/\/news.google.com\/rss\/articles\/CBMikgJBVV95cUxOVVNuZHliZTJGTXBiSWRFQXc1THE0TXc3WnJvQ2VadWxhOUg1SEhNVWFmWW1VLVppTUFNVzQ3bWhoYWdzcEVXel90LXBBbVpUSnMtYWp6UHNZSXNPZktSTFVEUDE0bEtWUmlFckhtQWpwV1BiRHJibWl6OXlDVWwzVHh4Y1VpR2tSUjRCdEtzSnVSSmpnXzFrZkdFb0NVMVVZdEFfMzF6Ql9mak9NYUJ5bjVOaEhVMGhDOE5fOV9ISzFURWsta0xRRk9GNUZpLVg1Ql9RMDVHNF9Pcm11elBKZkpoOUhSNHB0MlFHNm44bGhnc0laVUFCU3FucE9TRU1ha0R6WHhqMXRxQS1OZWd2cER3?oc=5\" target=\"_blank\" rel=\"noopener\">Saint-Etienne &#8211; Reims : sur quelle cha\u00eene et \u00e0 quelle heure voir le match de Ligue 2 en direct ?<\/a>&nbsp;&nbsp;Ouest-France<\/li>\n<li><a href=\"https:\/\/news.google.com\/rss\/articles\/CBMiyAFBVV95cUxOX0tFX3o5ZHl2b1UyVEN5c0Y1S3VsbVNUX1BMTXV6OEtoaU9LOTNWQnlLcjRUR1ZiQXdyRGw1M2dtTTU0VjZpZ255Sld0eU1sZmtnZ0pDOWxtNm5mZERseEx3YVFWM3hiYjlmNHdZOFc5WWdIemtvWG91N213aVExOXc2X2xRM08tNDM1LU9CazNSMjFQaVpvN0lsOHdZM05WZ2FlVFNZeXV0MGR2UWtVWmZjMEQxWFkzM1UzUFhEQkxKMXYyVkEzag?oc=5\" target=\"_blank\" rel=\"noopener\">\u00ab Ce n\u2019est pas un match ordinaire \u00bb : le Stade de Reims dans le grand bain du Chaudron \u00e0 Saint-\u00c9tienne<\/a>&nbsp;&nbsp;L&rsquo;Union<\/li>\n<\/ol>\n","protected":false},"excerpt":{"rendered":"Football. ASSE-Reims : sur quelle cha\u00eene et \u00e0 quelle heure voir le match ?&nbsp;&nbsp;Le Progr\u00e8s DIRECT. ASSE-Reims (Ligue&hellip;\n","protected":false},"author":2,"featured_media":404914,"comment_status":"","ping_status":"","sticky":false,"template":"","format":"standard","meta":{"footnotes":""},"categories":[1410],"tags":[4000,7539,63,1011,27,4001,7538,517,60],"class_list":{"0":"post-404913","1":"post","2":"type-post","3":"status-publish","4":"format-standard","5":"has-post-thumbnail","7":"category-football","8":"tag-asse-as-saint-etienne-football","9":"tag-edition-loire-sud","10":"tag-football","11":"tag-fr","12":"tag-france","13":"tag-saint-etienne","14":"tag-saint-etienne-ville","15":"tag-sport","16":"tag-sports"},"share_on_mastodon":{"url":"https:\/\/pubeurope.com\/@fr\/115236856466509088","error":""},"_links":{"self":[{"href":"https:\/\/www.europesays.com\/fr\/wp-json\/wp\/v2\/posts\/404913","targetHints":{"allow":["GET"]}}],"collection":[{"href":"https:\/\/www.europesays.com\/fr\/wp-json\/wp\/v2\/posts"}],"about":[{"href":"https:\/\/www.europesays.com\/fr\/wp-json\/wp\/v2\/types\/post"}],"author":[{"embeddable":true,"href":"https:\/\/www.europesays.com\/fr\/wp-json\/wp\/v2\/users\/2"}],"replies":[{"embeddable":true,"href":"https:\/\/www.europesays.com\/fr\/wp-json\/wp\/v2\/comments?post=404913"}],"version-history":[{"count":0,"href":"https:\/\/www.europesays.com\/fr\/wp-json\/wp\/v2\/posts\/404913\/revisions"}],"wp:featuredmedia":[{"embeddable":true,"href":"https:\/\/www.europesays.com\/fr\/wp-json\/wp\/v2\/media\/404914"}],"wp:attachment":[{"href":"https:\/\/www.europesays.com\/fr\/wp-json\/wp\/v2\/media?parent=404913"}],"wp:term":[{"taxonomy":"category","embeddable":true,"href":"https:\/\/www.europesays.com\/fr\/wp-json\/wp\/v2\/categories?post=404913"},{"taxonomy":"post_tag","embeddable":true,"href":"https:\/\/www.europesays.com\/fr\/wp-json\/wp\/v2\/tags?post=404913"}],"curies":[{"name":"wp","href":"https:\/\/api.w.org\/{rel}","templated":true}]}}