{"id":404919,"date":"2025-09-20T13:29:11","date_gmt":"2025-09-20T13:29:11","guid":{"rendered":"https:\/\/www.europesays.com\/fr\/404919\/"},"modified":"2025-09-20T13:29:11","modified_gmt":"2025-09-20T13:29:11","slug":"pourquoi-son-livre-fait-tant-parler","status":"publish","type":"post","link":"https:\/\/www.europesays.com\/fr\/404919\/","title":{"rendered":"pourquoi son livre fait tant parler ?"},"content":{"rendered":"<p>Avec C\u2019est la gaiet\u00e9 qui m\u2019en impose \u2013 Chroniques 2023 \u2013 2025, l\u2019acteur et \u00e9crivain revient sur les coulisses de sa r\u00e9cente carri\u00e8re \u00e0 la radio.<\/p>\n<p>Le com\u00e9dien, acteur, sc\u00e9nariste, producteur, animateur, et \u00e9crivain <a href=\"https:\/\/www.fnac.com\/Francois-Morel\/ia171364\" target=\"_blank\" rel=\"noreferrer noopener\">Fran\u00e7ois Morel<\/a> est de retour en librairies le 1er octobre 2025 avec un <a href=\"https:\/\/www.fnac.com\/livre.asp\" target=\"_blank\" rel=\"noreferrer noopener\">livre<\/a> capable de faire sensation. Dans C\u2019est la gaiet\u00e9 qui m\u2019en impose : chroniques 2023 \u2013 2025, l\u2019artiste se confie sur les coulisses de son \u00e9mission hebdomadaire tenue sur France Inter. <\/p>\n<p>Dans ce livre fantaisiste, brute et po\u00e9tique, il revient ainsi sur les moments marquants, sur les rencontres, sur les souvenirs et traite, avec son humour singulier et son talent habituel, des diff\u00e9rents \u00e9pisodes ayant marqu\u00e9 ces deux ann\u00e9es de vie professionnelle. Le livre, \u00e0 la fois caustique, touchant, et plein d\u2019auto-d\u00e9rision, d\u00e9montre la bienveillance absolue d\u2019un auteur qui n\u2019oublie jamais de dire les choses, avec un savoir-faire dans le ton et le maniement de la langue absolument unique dans le paysage culturel fran\u00e7ais. C\u2019est la gaiet\u00e9 qui m\u2019en impose : chroniques 2023 \u2013 2025 est \u00e0 la fois une tranche de vie et une large r\u00e9flexion sur le monde qui m\u00eale tous les sujets, rassemble des personnalit\u00e9s connus et poursuit l\u2019exploration humaine de Fran\u00e7ois Morel.<\/p>\n<p>Fran\u00e7ois Morel bouleversant <\/p>\n<p>Invit\u00e9 sur le plateau de Le Grande Librairie pour \u00e9voquer son livre, Fran\u00e7ois Morel a \u00e9t\u00e9 \u00e0 l\u2019origine d\u2019un moment de t\u00e9l\u00e9vision authentique, touchant et sinc\u00e8re. En regardant la cam\u00e9ra, il a lu un texte adress\u00e9 \u00e0 sa femme, d\u00e9c\u00e9d\u00e9e en f\u00e9vrier dernier.<\/p>\n<p>\u00ab\u00a0Je voulais simplement te donner des nouvelles et dire que je pensais \u00e0 toi\u00a0\u00bb, conclut le com\u00e9dien apr\u00e8s un long texte bouleversant, dans lequel il \u00e9voque le quotidien de ses proches, parle de ses r\u00e9cents projets et partage le souvenir \u00e9mu de sa femme \u00e0 qui \u00ab\u00a0il pense tout le temps\u00a0\u00bb. Un moment de t\u00e9l\u00e9vision touchant, qu\u2019il finit au bord des larmes, partag\u00e9 par le reste du plateau et du public de La Grande Librairie.<\/p>\n<blockquote class=\"instagram-media\" data-instgrm-captioned=\"\" data-instgrm-permalink=\"https:\/\/www.instagram.com\/reel\/DOt6SHNjf7q\/?utm_source=ig_embed&amp;utm_campaign=loading\" data-instgrm-version=\"14\" style=\" background:#FFF; border:0; border-radius:3px; box-shadow:0 0 1px 0 rgba(0,0,0,0.5),0 1px 10px 0 rgba(0,0,0,0.15); margin: 1px; max-width:540px; min-width:326px; padding:0; width:99.375%; width:-webkit-calc(100% - 2px); width:calc(100% - 2px);\"\/>\n<p>En ce moment, Fran\u00e7ois Morel fait \u00e9galement sensation gr\u00e2ce \u00e0 sa reprise de la pi\u00e8ce <a href=\"https:\/\/leclaireur.fnac.com\/article\/619884-art-que-vaut-ladaptation-de-la-piece-menee-par-francois-morel\/\" target=\"_blank\" rel=\"noreferrer noopener\">Art<\/a>, au Th\u00e9\u00e2tre Montparnasse \u00e0 Paris, inspir\u00e9e de l\u2019\u0153uvre culte de <a href=\"https:\/\/www.fnac.com\/Yasmina-Reza\/ia6139?Origin=leclaireur\" target=\"_blank\" rel=\"noreferrer noopener\">Yasmina Reza<\/a>. Art est l\u2019une des pi\u00e8ces les plus jou\u00e9es dans le monde et alors m\u00eame que la version fran\u00e7aise renait gr\u00e2ce \u00e0 l\u2019\u00e9quipe des Deschiens (Fran\u00e7ois Morel, Olivier Broche et Olivier Saladin), Broadway accueille son propre revival d\u2019Art, tenu par <a href=\"https:\/\/leclaireur.fnac.com\/article\/91490-neil-patrick-harris-est-un-celibataire-a-new-york-dans-uncoupled\/\" target=\"_blank\" rel=\"noreferrer noopener\">Neil Patrick Harris<\/a>, James Corden et Bobby Cannavale.<\/p>\n<p>Art confirme sa popularit\u00e9 \u00e0 travers le monde les \u00e9poques, la version tenue par Fran\u00e7ois Morel b\u00e9n\u00e9ficiant en plus, comme toujours, de son ton lib\u00e9rateur et de son approche unique de la com\u00e9die, et du texte. <a href=\"https:\/\/www.fnacspectacles.com\/artist\/art-yasmina-reza\/?srsltid=AfmBOorv5BjjTidqZHwm_1q6aVsFE1xwsIPaZU7DyY6LPlfh0OMy1zbV&amp;Origin=leclaireur\" target=\"_blank\" rel=\"noreferrer noopener\">La billetterie pour Art est ouverte<\/a> et le livre de Fran\u00e7ois Morel C\u2019est la gaiet\u00e9 qui m\u2019en impose : chroniques 2023 \u2013 2025 est \u00e0 retrouver en librairies d\u00e8s le 1er octobre.<\/p>\n<p>        <script async src=\"\/\/www.instagram.com\/embed.js\"><\/script><\/p>\n","protected":false},"excerpt":{"rendered":"Avec C\u2019est la gaiet\u00e9 qui m\u2019en impose \u2013 Chroniques 2023 \u2013 2025, l\u2019acteur et \u00e9crivain revient sur les&hellip;\n","protected":false},"author":2,"featured_media":404920,"comment_status":"","ping_status":"","sticky":false,"template":"","format":"standard","meta":{"footnotes":""},"categories":[1357],"tags":[1379,5029,58,59,1011,27,1380,37338,3686],"class_list":{"0":"post-404919","1":"post","2":"type-post","3":"status-publish","4":"format-standard","5":"has-post-thumbnail","7":"category-livres","8":"tag-books","9":"tag-chronique","10":"tag-divertissement","11":"tag-entertainment","12":"tag-fr","13":"tag-france","14":"tag-livres","15":"tag-rentree-litteraire","16":"tag-sortie"},"share_on_mastodon":{"url":"https:\/\/pubeurope.com\/@fr\/115236868535022187","error":""},"_links":{"self":[{"href":"https:\/\/www.europesays.com\/fr\/wp-json\/wp\/v2\/posts\/404919","targetHints":{"allow":["GET"]}}],"collection":[{"href":"https:\/\/www.europesays.com\/fr\/wp-json\/wp\/v2\/posts"}],"about":[{"href":"https:\/\/www.europesays.com\/fr\/wp-json\/wp\/v2\/types\/post"}],"author":[{"embeddable":true,"href":"https:\/\/www.europesays.com\/fr\/wp-json\/wp\/v2\/users\/2"}],"replies":[{"embeddable":true,"href":"https:\/\/www.europesays.com\/fr\/wp-json\/wp\/v2\/comments?post=404919"}],"version-history":[{"count":0,"href":"https:\/\/www.europesays.com\/fr\/wp-json\/wp\/v2\/posts\/404919\/revisions"}],"wp:featuredmedia":[{"embeddable":true,"href":"https:\/\/www.europesays.com\/fr\/wp-json\/wp\/v2\/media\/404920"}],"wp:attachment":[{"href":"https:\/\/www.europesays.com\/fr\/wp-json\/wp\/v2\/media?parent=404919"}],"wp:term":[{"taxonomy":"category","embeddable":true,"href":"https:\/\/www.europesays.com\/fr\/wp-json\/wp\/v2\/categories?post=404919"},{"taxonomy":"post_tag","embeddable":true,"href":"https:\/\/www.europesays.com\/fr\/wp-json\/wp\/v2\/tags?post=404919"}],"curies":[{"name":"wp","href":"https:\/\/api.w.org\/{rel}","templated":true}]}}