{"id":404921,"date":"2025-09-20T13:30:36","date_gmt":"2025-09-20T13:30:36","guid":{"rendered":"https:\/\/www.europesays.com\/fr\/404921\/"},"modified":"2025-09-20T13:30:36","modified_gmt":"2025-09-20T13:30:36","slug":"lepreuve-des-groupes-prete-a-enchanter-le-show-de-tf1","status":"publish","type":"post","link":"https:\/\/www.europesays.com\/fr\/404921\/","title":{"rendered":"L\u2019\u00e9preuve des groupes pr\u00eate \u00e0 enchanter le show de TF1"},"content":{"rendered":"<p>This is\u2026 the groupe. Ce samedi, \u00e0 partir de 21h10 sur TF1, l\u2019aventure \u00ab\u00a0<a href=\"https:\/\/www.20minutes.fr\/television\/the-voice-kids\/\" class=\"c-link c-link--is-underlined\" target=\"_blank\" rel=\"noopener\">The Voice Kids<\/a>\u00a0\u00bb va conna\u00eetre une nouvelle \u00e9tape, celle des groupes. Apr\u00e8s les auditions \u00e0 l\u2019aveugle, l\u2019\u00e9preuve des groupes &#8211; compos\u00e9s par Patrick Fiori, <a href=\"https:\/\/www.20minutes.fr\/arts-stars\/santa\/\" class=\"c-link c-link--is-underlined\" target=\"_blank\" rel=\"noopener\">Santa<\/a>, <a href=\"https:\/\/www.20minutes.fr\/dossier\/matt_pokora\" class=\"c-link c-link--is-underlined\" target=\"_blank\" rel=\"noopener\">Matt Pokora<\/a> et <a href=\"https:\/\/www.20minutes.fr\/dossier\/soprano\" class=\"c-link c-link--is-underlined\" target=\"_blank\" rel=\"noopener\">Soprano<\/a>, les quatre coachs \u2013, est l\u2019avant-derni\u00e8re \u00e9tape de cette onzi\u00e8me saison avant la grande finale du show et fera donc guise de demi-finale.<\/p>\n<p>A la fin, il n\u2019en restera qu\u2019un<\/p>\n<p>Patrick Fiori, Santa, Matt Pokora et Soprano ont chacun constitu\u00e9 une \u00e9quipe de huit jeunes talents, avant de former deux groupes de quatre talents. Pour l\u2019\u00e9tape in\u00e9dite dite \u00ab\u00a0des groupes\u00a0\u00bb, qui sera propos\u00e9e ce samedi d\u00e8s 21h10 sur <a href=\"https:\/\/www.20minutes.fr\/dossier\/tf1\" class=\"c-link c-link--is-underlined\" target=\"_blank\" rel=\"noopener\">TF1<\/a>, chaque coach a form\u00e9 deux groupes de quatre talents. Objectif\u00a0? Chaque groupe devra performer sur une m\u00eame chanson, mettant leur capacit\u00e9 \u00e0 chanter ensemble \u00e0 l\u2019\u00e9preuve.<\/p>\n<p>A la fin, il ne restera qu\u2019un seul talent par groupe qui aura la chance d\u2019acc\u00e9der \u00e0 la grande finale de \u00ab\u00a0The Voice Kids\u00a0\u00bb, qui ne sera pas diffus\u00e9e le samedi 27\u00a0septembre (TF1 proposera \u00e0 cette date l\u2019\u00e9mission \u00ab\u00a0Grand concours\u00a0\u00bb, sp\u00e9ciale 40e anniversaire des <a href=\"https:\/\/www.20minutes.fr\/dossier\/restos_du_coeur\" class=\"c-link c-link--is-underlined\" target=\"_blank\" rel=\"noopener\">Restos du C\u0153ur<\/a>), mais le samedi 4\u00a0octobre.<\/p>\n<p>Sous l\u2019\u0153il des mamans et de stars<\/p>\n<p>Pour cette \u00e9preuve des groupes, les quatre coachs auront carte blanche dans le choix de la <a href=\"https:\/\/www.20minutes.fr\/dossier\/chanson\" class=\"c-link c-link--is-underlined\" target=\"_blank\" rel=\"noopener\">chanson<\/a>, des costumes et de la chor\u00e9graphie. Parmi les surprises imagin\u00e9es par Patrick Fiori, Santa, Matt Pokora et Soprano\u00a0: un moment avec les mamans des talents qui viendront les rejoindre sur sc\u00e8ne. Emotions garanties.<\/p>\n<\/p>\n<p>Au rayon des surprises de cette saison 11 toujours, trois c\u00e9l\u00e9brit\u00e9s partageront la sc\u00e8ne avec les jeunes talents\u00a0: l\u2019actrice Isabelle Nanty*, qui a r\u00e9cemennt \u00e9t\u00e9 <a href=\"https:\/\/www.20minutes.fr\/arts-stars\/people\/4173126-20250915-isabelle-nanty-actrice-saga-tuche-victime-grave-accident-route-yvelines\" target=\"_blank\" class=\"c-link c-link--is-underlined\" rel=\"noopener\">victime d\u2019un grave accident<\/a> de la route, le com\u00e9dien Arnaud Ducret [qui avait montr\u00e9 ses talents pour le gospel en accompagnant Marine et Ebony le temps d\u2019une chanson \u00e0 la \u00ab\u00a0<a href=\"https:\/\/www.20minutes.fr\/dossier\/star_academy\" class=\"c-link c-link--is-underlined\" target=\"_blank\" rel=\"noopener\">Star Academy<\/a>\u00a0\u00bb] et la chanteuse Nej&rsquo;. Le show de TF1 mettra en lumi\u00e8re ses diff\u00e9rents artistes en herbe \u00e0 travers pas moins de huit tableaux exceptionnels qui promettent d\u2019\u00e9blouir et d\u2019\u00e9mouvoir les petits comme les grands devant leur <a href=\"https:\/\/www.20minutes.fr\/arts-stars\/television\/\" class=\"c-link c-link--is-underlined\" target=\"_blank\" rel=\"noopener\">t\u00e9l\u00e9vision<\/a>.<\/p>\n","protected":false},"excerpt":{"rendered":"This is\u2026 the groupe. Ce samedi, \u00e0 partir de 21h10 sur TF1, l\u2019aventure \u00ab\u00a0The Voice Kids\u00a0\u00bb va conna\u00eetre&hellip;\n","protected":false},"author":2,"featured_media":404922,"comment_status":"","ping_status":"","sticky":false,"template":"","format":"standard","meta":{"footnotes":""},"categories":[1356],"tags":[58,59,1011,27,44726,10826,252,199,10828,1364],"class_list":{"0":"post-404921","1":"post","2":"type-post","3":"status-publish","4":"format-standard","5":"has-post-thumbnail","7":"category-television","8":"tag-divertissement","9":"tag-entertainment","10":"tag-fr","11":"tag-france","12":"tag-santa","13":"tag-soprano","14":"tag-television","15":"tag-tf1","16":"tag-the-voice-kids","17":"tag-tv"},"share_on_mastodon":{"url":"https:\/\/pubeurope.com\/@fr\/115236872202154855","error":""},"_links":{"self":[{"href":"https:\/\/www.europesays.com\/fr\/wp-json\/wp\/v2\/posts\/404921","targetHints":{"allow":["GET"]}}],"collection":[{"href":"https:\/\/www.europesays.com\/fr\/wp-json\/wp\/v2\/posts"}],"about":[{"href":"https:\/\/www.europesays.com\/fr\/wp-json\/wp\/v2\/types\/post"}],"author":[{"embeddable":true,"href":"https:\/\/www.europesays.com\/fr\/wp-json\/wp\/v2\/users\/2"}],"replies":[{"embeddable":true,"href":"https:\/\/www.europesays.com\/fr\/wp-json\/wp\/v2\/comments?post=404921"}],"version-history":[{"count":0,"href":"https:\/\/www.europesays.com\/fr\/wp-json\/wp\/v2\/posts\/404921\/revisions"}],"wp:featuredmedia":[{"embeddable":true,"href":"https:\/\/www.europesays.com\/fr\/wp-json\/wp\/v2\/media\/404922"}],"wp:attachment":[{"href":"https:\/\/www.europesays.com\/fr\/wp-json\/wp\/v2\/media?parent=404921"}],"wp:term":[{"taxonomy":"category","embeddable":true,"href":"https:\/\/www.europesays.com\/fr\/wp-json\/wp\/v2\/categories?post=404921"},{"taxonomy":"post_tag","embeddable":true,"href":"https:\/\/www.europesays.com\/fr\/wp-json\/wp\/v2\/tags?post=404921"}],"curies":[{"name":"wp","href":"https:\/\/api.w.org\/{rel}","templated":true}]}}