{"id":404925,"date":"2025-09-20T13:32:11","date_gmt":"2025-09-20T13:32:11","guid":{"rendered":"https:\/\/www.europesays.com\/fr\/404925\/"},"modified":"2025-09-20T13:32:11","modified_gmt":"2025-09-20T13:32:11","slug":"classe-moyenne-rejouissante-comedie-noire-ou-des-mechants-riches-rencontrent-des-pauvres-pas-si-gentils-que-ca","status":"publish","type":"post","link":"https:\/\/www.europesays.com\/fr\/404925\/","title":{"rendered":"Classe Moyenne, r\u00e9jouissante com\u00e9die noire o\u00f9 des m\u00e9chants riches rencontrent des pauvres pas si gentils que \u00e7a"},"content":{"rendered":"<p><strong>CRITIQUE &#8211;<\/strong> Le r\u00e9alisateur Antony Cordier fait prendre \u00e0 ses personnages des directions inattendues. Laurent Lafitte, comme toujours exceptionnel, hisse vers le haut ses compagnons de jeu.<\/p>\n<p class=\"fig-paragraph\">Ne pas se fier aux apparences. Ni aux premi\u00e8res sc\u00e8nes d\u2019un film.\u00a0<a href=\"http:\/\/www.lefigaro.fr\/vox\/societe\/a-paris-les-classes-moyennes-prises-en-etau-entre-les-hlm-et-les-nouveaux-rentiers-20250911\" data-fig-type=\"Article\" data-gtm-custom-categorie=\"navigation\" data-gtm-custom-action=\"crossclick\" data-gtm-custom-label=\"Contextuel\" data-gtm-event=\"customEventSPE\" data-fig-domain=\"LEFIGARO\" rel=\"nofollow noopener\" target=\"_blank\">Classe moyenne<\/a> \u00a0(en salles le 24\u00a0septembre) commence comme un film paresseusement h\u00e9g\u00e9lien o\u00f9 l\u2019esclave finit par dominer le ma\u00eetre en vertu du fait qu\u2019il travaille, donc change le monde, tandis que le ma\u00eetre, oisif, se contente de jouir de sa situation, de son domaine, de ses biens am\u00e9lior\u00e9s par son esclave\u2026 , provoquant donc par l\u00e0 une inversion des statuts de chacun puisque le ma\u00eetre d\u00e9pendant du travail accompli par l\u2019esclave, il finit par \u00eatre domin\u00e9 par lui (\u00e7a suit, derri\u00e8re\u00a0?).<\/p>\n<p class=\"fig-paragraph\">Voici donc les Trousselard (quel nom\u00a0! on se croirait chez Marcel Aym\u00e9\u00a0!). Philippe est un avocat arrogant, snob (il ponctue chaque phrase d\u2019une locution en latin de cuisine), obs\u00e9d\u00e9 par l\u2019argent qu\u2019il gagne et fait perdre \u00e0 ses clients. Il est mari\u00e9 \u00e0 une actrice qui ne tourne plus depuis des lustres et a une fille dont le compagnon, d\u2019origine alg\u00e9rienne, a termin\u00e9 major du concours du barreau et cherche un stage (sans piston). Tout ce petit monde mange, boit, et se d\u00e9tend au soleil dans une belle villa dont l\u2019entretien est assur\u00e9 \u00e0 l\u2019ann\u00e9e par un couple modeste et travailleur, les Azizi. Que Trousselard traite par un m\u00e9lange de m\u00e9pris et de condescendance caricaturalement caricatural. Un soir, pris de boisson, Tony Azizi vient dire son fait \u00e0 son patron, sans oublier, de finir sa tirade en latin \u2013 initiative ad hoc. L\u2019avocat refuse ses excuses le lendemain et lui signifie son licenciement\u00a0: vade retro, Satana\u00a0! Mais peut-on licencier quelqu\u2019un pay\u00e9 au noir\u00a0? De facto, non\u00a0! D\u00e9bute hic et nunc la guerre Trousselard-Azizi qui, s\u00e9quence apr\u00e8s s\u00e9quence, va d\u00e9g\u00e9n\u00e9rer jusqu\u2019\u00e0 un point de non-retour.<\/p>\n<p class=\"fig-body-link\">\n            \u00c0 lire aussi<br \/>\n        <a class=\"fig-body-link__link\" href=\"http:\/\/www.lefigaro.fr\/cinema\/dalloway-la-tour-de-glace-left-handed-girl-les-films-a-voir-cette-semaine-20250917\" data-fig-type=\"Article\" data-gtm-custom-categorie=\"navigation\" data-gtm-custom-action=\"crossclick\" data-gtm-custom-label=\"Contextuel\" data-gtm-event=\"customEventSPE\" data-fig-domain=\"LEFIGARO\" rel=\"nofollow noopener\" target=\"_blank\">Dalloway, La Tour de glace, Left Handed Girl&#8230; Les films \u00e0 voir cette semaine<br \/>\n    <\/a>\n<\/p>\n<p>                                    <a class=\"fig-a11y-skip a11y-hidden\" href=\"#fig-a11y-skip-main-inarticle\"><br \/>\n        Passer la publicit\u00e9<br \/>\n    <\/a><\/p>\n<p>Cruaut\u00e9, cynisme, m\u00e9chancet\u00e9<\/p>\n<p class=\"fig-paragraph\">Un peu \u00e0 la mani\u00e8re de\u00a0<a href=\"https:\/\/www.lefigaro.fr\/cinema\/jean-christophe-meurisse-je-deteste-les-bons-sentiments-20240625\" data-fig-type=\"Article\" data-gtm-custom-categorie=\"navigation\" data-gtm-custom-action=\"crossclick\" data-gtm-custom-label=\"Contextuel\" data-gtm-event=\"customEventSPE\" data-fig-domain=\"LEFIGARO\" rel=\"nofollow noopener\" target=\"_blank\">Jean-Christophe Meurisse<\/a>, le r\u00e9alisateur\u00a0<a href=\"https:\/\/www.lefigaro.fr\/cinema\/2018\/01\/30\/03002-20180130ARTFIG00225-antony-cordier-j-ai-voulu-que-chacun-s-eclate.php\" data-fig-type=\"Article\" data-gtm-custom-categorie=\"navigation\" data-gtm-custom-action=\"crossclick\" data-gtm-custom-label=\"Contextuel\" data-gtm-event=\"customEventSPE\" data-fig-domain=\"LEFIGARO\" rel=\"nofollow noopener\" target=\"_blank\">Antony Cordier<\/a>\u00a0va in fine tr\u00e8s loin dans le genre de la com\u00e9die noire. Sans craindre de d\u00e9router, il fait prendre \u00e0 ses personnages des directions inattendues en s\u2019\u00e9loignant du sch\u00e9ma simpliste originel. Lafitte, via sa vis comica, est comme toujours exceptionnel, hissant vers le haut ses compagnons de jeu. Morale de cette fable qui ne l\u2019est pas\u00a0: la cruaut\u00e9, le cynisme, la m\u00e9chancet\u00e9, et c\u00e6tera sont formidablement divertissants. Amen.<\/p>\n","protected":false},"excerpt":{"rendered":"CRITIQUE &#8211; Le r\u00e9alisateur Antony Cordier fait prendre \u00e0 ses personnages des directions inattendues. Laurent Lafitte, comme toujours&hellip;\n","protected":false},"author":2,"featured_media":404926,"comment_status":"","ping_status":"","sticky":false,"template":"","format":"standard","meta":{"footnotes":""},"categories":[1354],"tags":[4228,58,59,1346,1011,27,1360,4518,17786],"class_list":{"0":"post-404925","1":"post","2":"type-post","3":"status-publish","4":"format-standard","5":"has-post-thumbnail","7":"category-films","8":"tag-comedie","9":"tag-divertissement","10":"tag-entertainment","11":"tag-films","12":"tag-fr","13":"tag-france","14":"tag-movies","15":"tag-pauvrete","16":"tag-richesse"},"share_on_mastodon":{"url":"https:\/\/pubeurope.com\/@fr\/115236879982898018","error":""},"_links":{"self":[{"href":"https:\/\/www.europesays.com\/fr\/wp-json\/wp\/v2\/posts\/404925","targetHints":{"allow":["GET"]}}],"collection":[{"href":"https:\/\/www.europesays.com\/fr\/wp-json\/wp\/v2\/posts"}],"about":[{"href":"https:\/\/www.europesays.com\/fr\/wp-json\/wp\/v2\/types\/post"}],"author":[{"embeddable":true,"href":"https:\/\/www.europesays.com\/fr\/wp-json\/wp\/v2\/users\/2"}],"replies":[{"embeddable":true,"href":"https:\/\/www.europesays.com\/fr\/wp-json\/wp\/v2\/comments?post=404925"}],"version-history":[{"count":0,"href":"https:\/\/www.europesays.com\/fr\/wp-json\/wp\/v2\/posts\/404925\/revisions"}],"wp:featuredmedia":[{"embeddable":true,"href":"https:\/\/www.europesays.com\/fr\/wp-json\/wp\/v2\/media\/404926"}],"wp:attachment":[{"href":"https:\/\/www.europesays.com\/fr\/wp-json\/wp\/v2\/media?parent=404925"}],"wp:term":[{"taxonomy":"category","embeddable":true,"href":"https:\/\/www.europesays.com\/fr\/wp-json\/wp\/v2\/categories?post=404925"},{"taxonomy":"post_tag","embeddable":true,"href":"https:\/\/www.europesays.com\/fr\/wp-json\/wp\/v2\/tags?post=404925"}],"curies":[{"name":"wp","href":"https:\/\/api.w.org\/{rel}","templated":true}]}}