{"id":404931,"date":"2025-09-20T13:35:10","date_gmt":"2025-09-20T13:35:10","guid":{"rendered":"https:\/\/www.europesays.com\/fr\/404931\/"},"modified":"2025-09-20T13:35:10","modified_gmt":"2025-09-20T13:35:10","slug":"qui-sont-les-invites-de-lea-salame-c","status":"publish","type":"post","link":"https:\/\/www.europesays.com\/fr\/404931\/","title":{"rendered":"qui sont les invit\u00e9s de L\u00e9a Salam\u00e9 c &#8230;"},"content":{"rendered":"<p>EN BREF<\/p>\n<ul class=\"bloc_resume_post_list\">\n<li>Laurent Ruquier quitte la case du samedi soir sur France<br \/>\n2 apr\u00e8s 16 ans, laissant sa place \u00e0 L\u00e9a Salam\u00e9.<\/li>\n<li>L\u00e9a Salam\u00e9 animera le nouveau talk-show \u00ab\u00a0Quelle \u00e9poque !&rsquo;<br \/>\navec Philippe Caverivi\u00e8re et Paul de Saint-Sernin.<\/li>\n<li>L\u00e9a Salam\u00e9 ressent une pression pour maintenir l&rsquo;h\u00e9ritage<br \/>\nde ses pr\u00e9d\u00e9cesseurs tout en apportant sa touche<br \/>\npersonnelle.<\/li>\n<\/ul>\n<p>Apr\u00e8s 16 longues ann\u00e9es pass\u00e9es aux commandes de la mythique<br \/>\ncase du samedi en 2\u00e8me partie de soir\u00e9e sur France 2,\u00a0<a href=\"https:\/\/www.telestar.fr\/actu-tv\/laurent-ruquier-en-froid-avec-lea-salame-ce-tacle-presque-passe-inapercu-en-direct-dans-tpmp-771752\" target=\"_self\" rel=\"noopener\">Laurent Ruquier<\/a>\u00a0a d\u00e9cid\u00e9 de <strong>c\u00e9der<br \/>\nsa place \u00e0\u00a0 L\u00e9a Salam\u00e9<\/strong>. Pour rappel, les deux<br \/>\nanimateurs ont pr\u00e9sent\u00e9 en duo l\u2019\u00e9mission On est en direct durant<br \/>\nun an sur la cha\u00eene publique.<\/p>\n<p>Suite au d\u00e9part de Laurent Ruquier, L\u00e9a Salam\u00e9 a donc h\u00e9rit\u00e9<br \/>\nd\u2019un tout nouveau talk-show hebdomadaire sur la cha\u00eene publique,<br \/>\ndont le prochain num\u00e9ro sera diffus\u00e9 samedi 20 septembre 2025, \u00e0<br \/>\npartir de 23h25. Baptis\u00e9e <a href=\"https:\/\/www.telestar.fr\/actu_tv\/quelle-epoque-quand-lemission-de-lea-salame-sera-t-elle-de-retour-sur-france-2-1686407\" target=\"_blank\" rel=\"noopener\"><br \/>\nQuelle \u00e9poque !<\/a>, <strong>cette nouvelle \u00e9mission pourra compter<br \/>\nsur l\u2019humour de Philippe Caverivi\u00e8re<\/strong>, d\u00e9j\u00e0 pr\u00e9sent dans On<br \/>\nest en direct. Mais aussi sur l&rsquo;incroyable r\u00e9partie du comique Paul<br \/>\nde Saint-Sernin.<\/p>\n<p>L\u00e9a Salam\u00e9 : \u00ab\u00a0Il y a une vraie pression sur le fond\u00a0\u00bb<\/p>\n<p>\u00ab\u00a0<strong>Il s\u2019agit d\u2019une case historique et culte<br \/>\nde France T\u00e9l\u00e9visions, voire une institution.<\/strong><br \/>\nJeune, j\u2019ai ador\u00e9 les \u00e9missions de Thierry<br \/>\nArdisson\u00a0(ndlr : Tout le monde en parle). Plus tard,<br \/>\nj\u2019ai aim\u00e9 celles de Laurent Ruquier, o\u00f9 j\u2019ai d\u2019ailleurs eu la<br \/>\nchance d\u2019\u00eatre copr\u00e9sentatrice dans On est en direct l\u2019ann\u00e9e<br \/>\nderni\u00e8re\u00a0\u00bb, a indiqu\u00e9 L\u00e9a Salam\u00e9 au cours d\u2019une interview.<\/p>\n<p>\u00ab\u00a0Les deux hommes ayant occup\u00e9 cette place avant moi \u00e9taient<br \/>\ndes b\u00eates de t\u00e9l\u00e9visions. Alors j\u2019y vais humblement. Sans<br \/>\npr\u00e9tention. En essayant de marcher dans leurs pas. Tout en ayant<br \/>\nune petite musique \u00e0 moi, qui rel\u00e8vera peut-\u00eatre plus du<br \/>\njournalisme que de l\u2019animation. Je ressens presque le<br \/>\ndevoir de\u00a0\u2018bien faire\u2019, comme une responsabilit\u00e9<br \/>\ncitoyenne. <strong>Il y a une vraie pression sur le<br \/>\nfond<\/strong>\u00ab\u00a0, a ajout\u00e9 la journaliste.<\/p>\n<p>Quelle \u00e9poque ! : sept invit\u00e9s en<br \/>\nplateau cette semaine<\/p>\n<p>Comme chaque semaine. <a href=\"https:\/\/www.telestar.fr\/actu_tv\/lea-salame-au-20h-malaise-en-plateau-ca-partait-bien-avec-artus-jusqua-cette-blague-cinglante-1737082\" target=\"_blank\" rel=\"noopener\"><br \/>\nL\u00e9a Salam\u00e9<\/a> recevra plusieurs invit\u00e9s sur le plateau de Quelle<br \/>\n\u00e9poque !. La journaliste va notamment accueillir sa cons\u0153ur de TF1<br \/>\nAudrey Crespo-Mara. Pour rappel, le joker d&rsquo;Anne-Claire Coudray \u00e0<br \/>\nla pr\u00e9sentation du JT de 20h le week-end a r\u00e9cemment<br \/>\n<strong>travers\u00e9 une terrible \u00e9preuve suite \u00e0 la mort de son<br \/>\n\u00e9poux<\/strong>. Le c\u00e9l\u00e8bre animateur <a href=\"https:\/\/www.closermag.fr\/people\/thierry-ardisson-son-acte-de-deces-devoile-le-mystere-autour-de-la-date-de-sa-mort-enfin-resolu-3572958\" target=\"_blank\" rel=\"noopener\"><br \/>\nThierry Ardisson<\/a>.<\/p>\n<p>L\u00e9a Salam\u00e9 recevra \u00e9galement le com\u00e9dien Dany Boon. Ce dernier<br \/>\nest actuellement \u00e0 l&rsquo;affiche d&rsquo;un nouveau film baptis\u00e9<br \/>\nRegarde. Dans lequel il donne notamment la r\u00e9plique \u00e0<br \/>\n<a href=\"https:\/\/www.telestar.fr\/serie_tv\/hpi-pour-etre-honnete-un-retour-de-la-serie-avec-audrey-fleurot-deja-dans-les-tuyaux-1737077\" target=\"_blank\" rel=\"noopener\"><br \/>\nAudrey Fleurot<\/a>. L&rsquo;ancienne coach de l&rsquo;\u00e9mission The Voice, Zaz,<br \/>\nsera elle aussi pr\u00e9sente en plateau cette semaine. <strong>Tout<br \/>\ncomme Pauline Loqu\u00e8s, Th\u00e9odore Pellerin, Anastasia Fomitchova et<br \/>\nThe French Touch.<\/strong><\/p>\n","protected":false},"excerpt":{"rendered":"EN BREF Laurent Ruquier quitte la case du samedi soir sur France 2 apr\u00e8s 16 ans, laissant sa&hellip;\n","protected":false},"author":2,"featured_media":404932,"comment_status":"","ping_status":"","sticky":false,"template":"","format":"standard","meta":{"footnotes":""},"categories":[8],"tags":[548,58,59,1011,27,3806],"class_list":{"0":"post-404931","1":"post","2":"type-post","3":"status-publish","4":"format-standard","5":"has-post-thumbnail","7":"category-divertissement","8":"tag-article-simple","9":"tag-divertissement","10":"tag-entertainment","11":"tag-fr","12":"tag-france","13":"tag-lea-salame"},"share_on_mastodon":{"url":"https:\/\/pubeurope.com\/@fr\/115236891787094939","error":""},"_links":{"self":[{"href":"https:\/\/www.europesays.com\/fr\/wp-json\/wp\/v2\/posts\/404931","targetHints":{"allow":["GET"]}}],"collection":[{"href":"https:\/\/www.europesays.com\/fr\/wp-json\/wp\/v2\/posts"}],"about":[{"href":"https:\/\/www.europesays.com\/fr\/wp-json\/wp\/v2\/types\/post"}],"author":[{"embeddable":true,"href":"https:\/\/www.europesays.com\/fr\/wp-json\/wp\/v2\/users\/2"}],"replies":[{"embeddable":true,"href":"https:\/\/www.europesays.com\/fr\/wp-json\/wp\/v2\/comments?post=404931"}],"version-history":[{"count":0,"href":"https:\/\/www.europesays.com\/fr\/wp-json\/wp\/v2\/posts\/404931\/revisions"}],"wp:featuredmedia":[{"embeddable":true,"href":"https:\/\/www.europesays.com\/fr\/wp-json\/wp\/v2\/media\/404932"}],"wp:attachment":[{"href":"https:\/\/www.europesays.com\/fr\/wp-json\/wp\/v2\/media?parent=404931"}],"wp:term":[{"taxonomy":"category","embeddable":true,"href":"https:\/\/www.europesays.com\/fr\/wp-json\/wp\/v2\/categories?post=404931"},{"taxonomy":"post_tag","embeddable":true,"href":"https:\/\/www.europesays.com\/fr\/wp-json\/wp\/v2\/tags?post=404931"}],"curies":[{"name":"wp","href":"https:\/\/api.w.org\/{rel}","templated":true}]}}