{"id":404938,"date":"2025-09-20T13:39:11","date_gmt":"2025-09-20T13:39:11","guid":{"rendered":"https:\/\/www.europesays.com\/fr\/404938\/"},"modified":"2025-09-20T13:39:11","modified_gmt":"2025-09-20T13:39:11","slug":"jean-leonetti-presse-emmanuel-macron-de-valider-par-referendum-les-promesses-de-sebastien-lecornu","status":"publish","type":"post","link":"https:\/\/www.europesays.com\/fr\/404938\/","title":{"rendered":"Jean Leonetti presse Emmanuel Macron de valider par r\u00e9f\u00e9rendum les promesses de S\u00e9bastien Lecornu"},"content":{"rendered":"<p>Pour l\u2019ex-ministre et maire d\u2019Antibes, le nouveau premier ministre peut faire preuve d\u2019une r\u00e9elle volont\u00e9 politique, au-del\u00e0 de la dimension \u00abtactique\u00bb de ses nouvelles ambitions d\u00e9centralisatrices affich\u00e9es avant de composer son gouvernement.<\/p>\n<p class=\"fig-paragraph\">\u00ab Tactique politique ou v\u00e9ritable rupture\u00a0?\u00a0\u00bb En \u00e9coutant\u00a0<a href=\"https:\/\/www.lefigaro.fr\/tag\/sebastien-lecornu\" target=\"_blank\" rel=\"sponsored noopener\" data-gtm-custom-categorie=\"navigation\" data-gtm-custom-action=\"crossclick\" data-gtm-custom-label=\"Contextuel\" data-gtm-event=\"customEventSPE\">S\u00e9bastien Lecornu<\/a>\u00a0d\u00e9voiler ses ambitions d\u00e9centralisatrices,\u00a0<a href=\"https:\/\/www.lefigaro.fr\/tag\/jean-leonetti\" target=\"_blank\" rel=\"sponsored noopener\" data-gtm-custom-categorie=\"navigation\" data-gtm-custom-action=\"crossclick\" data-gtm-custom-label=\"Contextuel\" data-gtm-event=\"customEventSPE\">Jean Leonetti<\/a>\u00a0s\u2019interroge sur les objectifs r\u00e9els du nouveau premier ministre. Mais il veut croire aussi \u00e0 la possibilit\u00e9 d\u2019un changement attendu depuis longtemps.<\/p>\n<p class=\"fig-paragraph\">Ex-ministre et ancien pr\u00e9sident des\u00a0<a href=\"https:\/\/www.lefigaro.fr\/tag\/les-republicains\" target=\"_blank\" rel=\"sponsored noopener\" data-gtm-custom-categorie=\"navigation\" data-gtm-custom-action=\"crossclick\" data-gtm-custom-label=\"Contextuel\" data-gtm-event=\"customEventSPE\">R\u00e9publicains<\/a>, le maire d\u2019<a href=\"https:\/\/www.lefigaro.fr\/tag\/antibes\" target=\"_blank\" rel=\"sponsored noopener\" data-gtm-custom-categorie=\"navigation\" data-gtm-custom-action=\"crossclick\" data-gtm-custom-label=\"Contextuel\" data-gtm-event=\"customEventSPE\">Antibes<\/a>\u00a0fait partie de ces nombreux \u00e9lus locaux lass\u00e9s par les beaux discours. Il a aussi suffisamment d\u2019exp\u00e9rience pour croire que les annonces du nouveau locataire de Matignon pourraient conjuguer une dose de strat\u00e9gie et une part de volont\u00e9 politique. \u00ab Dos au mur, le premier ministre choisit la rupture. A-t-il un autre choix\u00a0? Le paradoxe consiste surtout dans le fait que c\u2019est un proche du pr\u00e9sident qui rompt avec le macronisme\u00a0\u00bb, souligne Jean Leonetti, avant de rappeler qu\u2019<a href=\"https:\/\/www.lefigaro.fr\/tag\/emmanuel-macron\" target=\"_blank\" rel=\"sponsored noopener\" data-gtm-custom-categorie=\"navigation\" data-gtm-custom-action=\"crossclick\" data-gtm-custom-label=\"Contextuel\" data-gtm-event=\"customEventSPE\">Emmanuel Macron<\/a>\u00a0a multipli\u00e9 les promesses sur le sujet depuis son arriv\u00e9e \u00e0 l\u2019\u00c9lys\u00e9e, mais que la d\u00e9fiance dans les territoires n\u2019a jamais cess\u00e9 de cro\u00eetre depuis presque huit ans. \u00ab Il promettait la R\u00e9volution dans un livre programme avant d\u2019instaurer un \u00c9tat jupit\u00e9rien et n\u2019a cess\u00e9 d\u2019affaiblir les collectivit\u00e9s territoriales en les privant de ressources fiscales et en leur imposant un exc\u00e8s de normes et d\u2019injonctions contradictoires\u00bb.<\/p>\n<p class=\"fig-premium-paywall__infos\">\n        Cet article est r\u00e9serv\u00e9 aux abonn\u00e9s.        Il vous reste 80% \u00e0 d\u00e9couvrir.\n    <\/p>\n<p>                <img  data- alt=\"Le Figaro\" class=\"fig-img--complete fig-img\"\/><\/p>\n<p class=\"fig-premium-paywall__title\">Vous avez envie de lire la suite ?<\/p>\n<p class=\"fig-premium-paywall__subtitle\">D\u00e9bloquez tous les articles imm\u00e9diatement.<\/p>\n<p class=\"fig-premium-paywall__connect\">\n                D\u00e9j\u00e0 abonn\u00e9\u00a0?                <a class=\"fig-premium-paywall__connect-link\" href=\"https:\/\/connect.lefigaro.fr\/login?client=horizon_web&amp;type=main&amp;redirect_uri=https%3A%2F%2Fwww.lefigaro.fr%2Fpolitique%2Fdecentralisation-jean-leonetti-presse-emmanuel-macron-de-valider-par-referendum-les-promesses-de-sebastien-lecornu-20250920\" data-js-gtm=\"{&quot;customCategorie&quot;: &quot;conversion&quot;, &quot;customAction&quot;: &quot;before_Landing_Connexion_paywall_manuel&quot;, &quot;customLabel&quot;: &quot;bGVmaWdhcm8uZnJfXzFmMDk1ZjI4LTg4ZDctNjhjZS04YzdiLTBmZjBlNTQ2ZWNlNF9fQXJ0aWNsZQ==_D\u00e9centralisation\u00a0: Jean Leonetti presse Emmanuel Macron de valider par r\u00e9f\u00e9rendum les promesses de S\u00e9bastien Lecornu_1500&quot;, &quot;customIDSPE&quot;: &quot;bGVmaWdhcm8uZnJfXzFmMDk1ZjI4LTg4ZDctNjhjZS04YzdiLTBmZjBlNTQ2ZWNlNF9fQXJ0aWNsZQ==&quot;, &quot;event&quot;: &quot;customEventSPE&quot;}\" target=\"_blank\" rel=\"noopener\"><br \/>\n                    Connectez-vous<br \/>\n                <\/a>\n            <\/p>\n","protected":false},"excerpt":{"rendered":"Pour l\u2019ex-ministre et maire d\u2019Antibes, le nouveau premier ministre peut faire preuve d\u2019une r\u00e9elle volont\u00e9 politique, au-del\u00e0 de&hellip;\n","protected":false},"author":2,"featured_media":404939,"comment_status":"","ping_status":"","sticky":false,"template":"","format":"standard","meta":{"footnotes":""},"categories":[4],"tags":[11,2352,6592,1011,27,418,6319,6793,12,25,11067],"class_list":{"0":"post-404938","1":"post","2":"type-post","3":"status-publish","4":"format-standard","5":"has-post-thumbnail","7":"category-france","8":"tag-actualites","9":"tag-decentralisation","10":"tag-droite","11":"tag-fr","12":"tag-france","13":"tag-gouvernement","14":"tag-les-republicains","15":"tag-maires","16":"tag-news","17":"tag-republique-francaise","18":"tag-sebastien-lecornu"},"share_on_mastodon":{"url":"https:\/\/pubeurope.com\/@fr\/115236907589382512","error":""},"_links":{"self":[{"href":"https:\/\/www.europesays.com\/fr\/wp-json\/wp\/v2\/posts\/404938","targetHints":{"allow":["GET"]}}],"collection":[{"href":"https:\/\/www.europesays.com\/fr\/wp-json\/wp\/v2\/posts"}],"about":[{"href":"https:\/\/www.europesays.com\/fr\/wp-json\/wp\/v2\/types\/post"}],"author":[{"embeddable":true,"href":"https:\/\/www.europesays.com\/fr\/wp-json\/wp\/v2\/users\/2"}],"replies":[{"embeddable":true,"href":"https:\/\/www.europesays.com\/fr\/wp-json\/wp\/v2\/comments?post=404938"}],"version-history":[{"count":0,"href":"https:\/\/www.europesays.com\/fr\/wp-json\/wp\/v2\/posts\/404938\/revisions"}],"wp:featuredmedia":[{"embeddable":true,"href":"https:\/\/www.europesays.com\/fr\/wp-json\/wp\/v2\/media\/404939"}],"wp:attachment":[{"href":"https:\/\/www.europesays.com\/fr\/wp-json\/wp\/v2\/media?parent=404938"}],"wp:term":[{"taxonomy":"category","embeddable":true,"href":"https:\/\/www.europesays.com\/fr\/wp-json\/wp\/v2\/categories?post=404938"},{"taxonomy":"post_tag","embeddable":true,"href":"https:\/\/www.europesays.com\/fr\/wp-json\/wp\/v2\/tags?post=404938"}],"curies":[{"name":"wp","href":"https:\/\/api.w.org\/{rel}","templated":true}]}}