{"id":404942,"date":"2025-09-20T13:42:17","date_gmt":"2025-09-20T13:42:17","guid":{"rendered":"https:\/\/www.europesays.com\/fr\/404942\/"},"modified":"2025-09-20T13:42:17","modified_gmt":"2025-09-20T13:42:17","slug":"en-direct-football-suivez-saint-etienne","status":"publish","type":"post","link":"https:\/\/www.europesays.com\/fr\/404942\/","title":{"rendered":"En direct Football. Suivez Saint-Etienne"},"content":{"rendered":"<p>&#13;<br \/>\n                                                    En direct&#13;<br \/>\n                        &#13;\n                                            <\/p>\n<p>Les St\u00e9phanoises re\u00e7oivent ce samedi (15h30) les Lyonnaises, priv\u00e9es de leurs supporters interdits de d\u00e9placement dans la Loire et de cadres telles que Wendie Renard, pour un derby qui s\u2019annonce une fois de plus \u00e0 sens unique, dans la lign\u00e9e de ceux de l\u2019an pass\u00e9 o\u00f9 les Fenottes avaient inflig\u00e9 deux lourdes corrections \u00e0 leurs voisines (11-0, 5-0).<\/p>\n<p>&#13;<br \/>\n              Emmanuel Da Silva et Gary Genin &#8211; &#13;<br \/>\n        &#13;<br \/>\n          Aujourd&rsquo;hui \u00e0 15:00&#13;<br \/>\n    &#13;<br \/>\n                  | mis \u00e0 jour aujourd&rsquo;hui \u00e0 15:40&#13;<br \/>\n              &#8211; Temps de lecture : &#13;<br \/>\n  &#13;\n<\/p>\n<p>                        &#13;<br \/>\n    &#13;<br \/>\n    &#13;<br \/>\n    <a href=\"https:\/\/cdn-s-www.leprogres.fr\/images\/FF63DD4A-08FE-4016-9F41-CF35196BF472\/NW_raw\/photo-ilan-coupet-1758357751.jpg\" title=\"Photo Ilan Coupet\" class=\"chocolat-image GA-tracking\" data-ga_type=\"click\" data-ga_category=\"D\u00e9tail\" data-ga_action=\"zoomer\" data-ga_label=\"aggrandir image\" target=\"_blank\" rel=\"noopener\">&#13;<br \/>\n        <img src=\"https:\/\/www.europesays.com\/fr\/wp-content\/uploads\/2025\/09\/photo-ilan-coupet-1758357751.jpg\"   alt=\"Photo Ilan Coupet\" fetchpriority=\"high\" decoding=\"async\" data-mobile=\"NW_detail_M|1758357751\" data-base=\"NW_detail|1758357751\"\/>&#13;<br \/>\n    <\/a>&#13;<\/p>\n<p>Photo Ilan Coupet<\/p>\n","protected":false},"excerpt":{"rendered":"&#13; En direct&#13; &#13; Les St\u00e9phanoises re\u00e7oivent ce samedi (15h30) les Lyonnaises, priv\u00e9es de leurs supporters interdits de&hellip;\n","protected":false},"author":2,"featured_media":404943,"comment_status":"","ping_status":"","sticky":false,"template":"","format":"standard","meta":{"footnotes":""},"categories":[9653],"tags":[1111,11,4000,2430,1777,674,107,63,1011,27,3367,2428,12,23153,25,2429,4001,517],"class_list":{"0":"post-404942","1":"post","2":"type-post","3":"status-publish","4":"format-standard","5":"has-post-thumbnail","7":"category-saint-etienne","8":"tag-actu","9":"tag-actualites","10":"tag-asse-as-saint-etienne-football","11":"tag-auvergne-rhone-alpes","12":"tag-eu","13":"tag-europe","14":"tag-fil-info","15":"tag-football","16":"tag-fr","17":"tag-france","18":"tag-loire","19":"tag-lyon","20":"tag-news","21":"tag-ol-lyonnes-olympique-lyonnais-feminin","22":"tag-republique-francaise","23":"tag-rhone","24":"tag-saint-etienne","25":"tag-sport"},"share_on_mastodon":{"url":"https:\/\/pubeurope.com\/@fr\/115236919345780775","error":""},"_links":{"self":[{"href":"https:\/\/www.europesays.com\/fr\/wp-json\/wp\/v2\/posts\/404942","targetHints":{"allow":["GET"]}}],"collection":[{"href":"https:\/\/www.europesays.com\/fr\/wp-json\/wp\/v2\/posts"}],"about":[{"href":"https:\/\/www.europesays.com\/fr\/wp-json\/wp\/v2\/types\/post"}],"author":[{"embeddable":true,"href":"https:\/\/www.europesays.com\/fr\/wp-json\/wp\/v2\/users\/2"}],"replies":[{"embeddable":true,"href":"https:\/\/www.europesays.com\/fr\/wp-json\/wp\/v2\/comments?post=404942"}],"version-history":[{"count":0,"href":"https:\/\/www.europesays.com\/fr\/wp-json\/wp\/v2\/posts\/404942\/revisions"}],"wp:featuredmedia":[{"embeddable":true,"href":"https:\/\/www.europesays.com\/fr\/wp-json\/wp\/v2\/media\/404943"}],"wp:attachment":[{"href":"https:\/\/www.europesays.com\/fr\/wp-json\/wp\/v2\/media?parent=404942"}],"wp:term":[{"taxonomy":"category","embeddable":true,"href":"https:\/\/www.europesays.com\/fr\/wp-json\/wp\/v2\/categories?post=404942"},{"taxonomy":"post_tag","embeddable":true,"href":"https:\/\/www.europesays.com\/fr\/wp-json\/wp\/v2\/tags?post=404942"}],"curies":[{"name":"wp","href":"https:\/\/api.w.org\/{rel}","templated":true}]}}