{"id":404962,"date":"2025-09-20T13:56:12","date_gmt":"2025-09-20T13:56:12","guid":{"rendered":"https:\/\/www.europesays.com\/fr\/404962\/"},"modified":"2025-09-20T13:56:12","modified_gmt":"2025-09-20T13:56:12","slug":"pres-de-rennes-un-square-nomme-en-lhonneur-du-colonel-arnaud-beltrame","status":"publish","type":"post","link":"https:\/\/www.europesays.com\/fr\/404962\/","title":{"rendered":"Pr\u00e8s de Rennes, un square nomm\u00e9 en l&rsquo;honneur du colonel Arnaud Beltrame"},"content":{"rendered":"<p>            Par<br \/>\n        <strong><br \/>\n            <a href=\"https:\/\/actu.fr\/auteur\/clemence-pays02-actu-fr\" title=\"Consulter tous les articles de Cl\u00e9mence Pays\" target=\"_blank\" rel=\"noopener\">Cl\u00e9mence Pays<\/a><br \/>\n        <\/strong><\/p>\n<p>        Publi\u00e9 le<\/p>\n<p>            20 sept. 2025 \u00e0 15h07        <\/p>\n<p>C\u2019est pour se souvenir et rendre hommage \u00e0 <strong>Arnaud Beltrame<\/strong> que gendarmes, \u00e9lus et habitants de Parthenay-de-Bretagne se sont rassembl\u00e9s, samedi 20\u00a0septembre 2025. D\u00e9c\u00e9d\u00e9 le 24\u00a0mars 2018, le colonel de gendarmerie donne d\u00e9sormais son nom au square situ\u00e9 pr\u00e8s de la mairie de cette commune de la m\u00e9tropole de Rennes.<\/p>\n<p class=\" wall-content\">\u00ab\u2009Ce lieu de vie de rencontre et de transmission sera pour notre commune, un espace o\u00f9 la m\u00e9moire s\u2019enracine et o\u00f9 <strong>l\u2019esprit de la nation<\/strong> se projette vers l\u2019avenir\u2009\u00bb, a d\u00e9clar\u00e9 Khalil Bettal, maire de Parthenay-de-Bretagne, avant d\u2019ajouter que ce lieu \u00ab\u2009de recueillement\u2009\u00bb doit permettre \u00e0 chacun de \u00ab\u2009r\u00e9fl\u00e9chir au sens de son engagement personnel\u2009\u00bb.<\/p>\n<p>Qui \u00e9tait Arnaud Beltrame\u2009?<\/p>\n<p class=\" wall-content\">Arnaud Beltrame, n\u00e9 le 18 avril 1973, \u00e0 \u00c9tampes (Essonne), est un militaire fran\u00e7ais. Pass\u00e9 par le 8e R\u00e9giment d\u2019artillerie de Commercy, l\u2019\u00c9cole militaire interarmes, l\u2019\u00c9cole des officiers de la Gendarmerie nationale et la garde r\u00e9publicaine, il a \u00e9t\u00e9 <strong>plusieurs fois d\u00e9cor\u00e9<\/strong> au cours de sa carri\u00e8re.<\/p>\n<p class=\" wall-content\">Il s\u2019est illustr\u00e9 en<strong> Irak,<\/strong> o\u00f9 il \u00e9tait engag\u00e9 comme chef du d\u00e9tachement gendarmerie du 17\u00a0juillet au 8\u00a0octobre 2005, \u00ab\u2009dans des conditions particuli\u00e8rement d\u00e9grad\u00e9es en termes de s\u00e9curit\u00e9\u2009\u00bb, d\u00e9taille le minist\u00e8re de l\u2019Int\u00e9rieur. C\u2019est lors de ce d\u00e9placement qu\u2019il assure <strong>l\u2019exfiltration d\u2019une ressortissante fran\u00e7aise<\/strong> menac\u00e9e par un groupe terroriste.<\/p>\n<p>    <img   decoding=\"async\" loading=\"lazy\" src=\"https:\/\/www.europesays.com\/fr\/wp-content\/uploads\/2025\/09\/2-parthenay-de-bretagne-rennes-armee-arnaud-beltrame-square-inauguration-960x640.jpeg\" alt=\"Le colonel Arnaud Beltrame est d\u00e9c\u00e9d\u00e9 apr\u00e8s avoir sauv\u00e9 une otage lors d'une attaque terroriste en 2018.\" width=\"960\" height=\"640\"\/><br \/>\n    Le colonel Arnaud Beltrame est d\u00e9c\u00e9d\u00e9 apr\u00e8s avoir sauv\u00e9 une otage lors d\u2019une attaque terroriste en 2018. (\u00a9Cl\u00e9mence Pays\/actu Rennes)<\/p>\n<p class=\" wall-content\">En 2017, il est affect\u00e9 au groupement de gendarmerie d\u00e9partementale de l\u2019Aude, \u00e0 Carcassonne, en qualit\u00e9 d\u2019Officier adjoint au commandant.<\/p>\n<p class=\" wall-content\">\u00ab\u2009Le<strong> 23\u00a0mars 2018,<\/strong> le colonel Arnaud Beltrame <a href=\"https:\/\/actu.fr\/occitanie\/trebes_11397\/sauvee-par-arnaud-beltrame-elle-s-exprime-pour-la-premiere-fois-je-pensais-mourir_60526490.html\" target=\"_blank\" rel=\"noopener\">se substitue au dernier otage<\/a> entre les mains du <a href=\"https:\/\/actu.fr\/occitanie\/trebes_11397\/prise-otages-aude-assaut-ete-donne-terroriste-tue-sait_16052845.html\" target=\"_blank\" rel=\"noopener\">terroriste retranch\u00e9 dans un supermarch\u00e9 de Tr\u00e8bes<\/a>\u2009\u00bb, poursuit le minist\u00e8re de l\u2019Int\u00e9rieur.<\/p>\n<p>Votre r\u00e9gion, votre actu !<\/p>\n<p>Recevez chaque jour les infos qui comptent pour vous.<\/p>\n<p>\t<a href=\"https:\/\/actu.fr\/newsletter\" class=\"ac-btn ac-btn--corner ac-btn--medium ac-btn--blue800\" target=\"_blank\" rel=\"noopener\">S&rsquo;incrire<\/a><\/p>\n<p class=\" wall-content\">Le terroriste l\u2019avait alors bless\u00e9 \u00e0 la gorge, avant d\u2019\u00eatre abattu. Le gendarme d\u00e9c\u00e8de de ses blessures le lendemain.<\/p>\n<p class=\" wall-content\">\u00ab\u2009\u00c0 titre posthume, il a re\u00e7u la m\u00e9daille de la gendarmerie nationale avec palme de bronze, la m\u00e9daille d\u2019acte de courage et de d\u00e9vouement et la m\u00e9daille de la S\u00e9curit\u00e9 int\u00e9rieure \u00e9chelon or. Il a \u00e9galement \u00e9t\u00e9 \u00e9lev\u00e9 au grade de <strong>commandeur de la l\u00e9gion d\u2019Honneur.\u2009\u00bb<\/strong><\/p>\n<p class=\" wall-content\">Personnalisez votre actualit\u00e9 en ajoutant vos villes et m\u00e9dias en favori avec <a href=\"https:\/\/moncompte.actu.fr\" title=\"D\u00e9couvez Mon Actu\" rel=\"nofollow noopener\" data-trk=\"{&quot;cta&quot;:{&quot;action&quot;:&quot;https:\\\/\\\/moncompte.actu.fr&quot;,&quot;category&quot;:&quot;mon compte&quot;,&quot;from&quot;:&quot;article footer&quot;,&quot;name&quot;:&quot;Mon actu&quot;,&quot;type&quot;:&quot;cta&quot;}}\" target=\"_blank\">Mon Actu<\/a>.<\/p>\n","protected":false},"excerpt":{"rendered":"Par Cl\u00e9mence Pays Publi\u00e9 le 20 sept. 2025 \u00e0 15h07 C\u2019est pour se souvenir et rendre hommage \u00e0&hellip;\n","protected":false},"author":2,"featured_media":404963,"comment_status":"","ping_status":"","sticky":false,"template":"","format":"standard","meta":{"footnotes":""},"categories":[2821],"tags":[1111,11,829,1777,674,1011,27,3381,9922,12,584,25,104],"class_list":{"0":"post-404962","1":"post","2":"type-post","3":"status-publish","4":"format-standard","5":"has-post-thumbnail","7":"category-rennes","8":"tag-actu","9":"tag-actualites","10":"tag-bretagne","11":"tag-eu","12":"tag-europe","13":"tag-fr","14":"tag-france","15":"tag-gendarmerie","16":"tag-hommage-aux-heros","17":"tag-news","18":"tag-rennes","19":"tag-republique-francaise","20":"tag-societe"},"share_on_mastodon":{"url":"https:\/\/pubeurope.com\/@fr\/115236974794398817","error":""},"_links":{"self":[{"href":"https:\/\/www.europesays.com\/fr\/wp-json\/wp\/v2\/posts\/404962","targetHints":{"allow":["GET"]}}],"collection":[{"href":"https:\/\/www.europesays.com\/fr\/wp-json\/wp\/v2\/posts"}],"about":[{"href":"https:\/\/www.europesays.com\/fr\/wp-json\/wp\/v2\/types\/post"}],"author":[{"embeddable":true,"href":"https:\/\/www.europesays.com\/fr\/wp-json\/wp\/v2\/users\/2"}],"replies":[{"embeddable":true,"href":"https:\/\/www.europesays.com\/fr\/wp-json\/wp\/v2\/comments?post=404962"}],"version-history":[{"count":0,"href":"https:\/\/www.europesays.com\/fr\/wp-json\/wp\/v2\/posts\/404962\/revisions"}],"wp:featuredmedia":[{"embeddable":true,"href":"https:\/\/www.europesays.com\/fr\/wp-json\/wp\/v2\/media\/404963"}],"wp:attachment":[{"href":"https:\/\/www.europesays.com\/fr\/wp-json\/wp\/v2\/media?parent=404962"}],"wp:term":[{"taxonomy":"category","embeddable":true,"href":"https:\/\/www.europesays.com\/fr\/wp-json\/wp\/v2\/categories?post=404962"},{"taxonomy":"post_tag","embeddable":true,"href":"https:\/\/www.europesays.com\/fr\/wp-json\/wp\/v2\/tags?post=404962"}],"curies":[{"name":"wp","href":"https:\/\/api.w.org\/{rel}","templated":true}]}}