{"id":404966,"date":"2025-09-20T13:58:40","date_gmt":"2025-09-20T13:58:40","guid":{"rendered":"https:\/\/www.europesays.com\/fr\/404966\/"},"modified":"2025-09-20T13:58:40","modified_gmt":"2025-09-20T13:58:40","slug":"forces-de-lordre-blindees-et-manifestation-reussie","status":"publish","type":"post","link":"https:\/\/www.europesays.com\/fr\/404966\/","title":{"rendered":"forces de l&rsquo;ordre blind\u00e9es et manifestation \u00ab\u00a0r\u00e9ussie\u00a0\u00bb"},"content":{"rendered":"<p class=\"wp-block-post-excerpt__excerpt\">Dans la matin\u00e9e du jeudi 18 septembre, les militants de \u00ab\u00a0Bloquons tout\u00a0\u00bb ont \u00e9t\u00e9 emp\u00each\u00e9s d\u2019agir par un dispositif policier d\u00e9mesur\u00e9. L\u2019intersyndicale se f\u00e9licite de la manifestation de l\u2019apr\u00e8s-midi, qui a r\u00e9uni plus de 15\u00a0000 personnes selon les organisateurs. <\/p>\n<p class=\"font-sans\">\n\t\t\tCet article est en acc\u00e8s libre. Pour soutenir Rue89 Strasbourg,<br \/>\n\t\t\t<a class=\"underline\" href=\"https:\/\/www.rue89strasbourg.com\/abonnement\" rel=\"nofollow noopener\" target=\"_blank\">abonnez-vous<\/a>.\n\t\t<\/p>\n<p>Line Baudriller<\/p>\n<p>Publi\u00e9 le 19 septembre 2025\u00a0\u00a0\u00b7\u00a0\u00a0<\/p>\n<p>Imprim\u00e9 le 20 septembre 2025 \u00e0 15h18\u00a0\u00a0\u00b7\u00a0\u00a0<\/p>\n<p>Modifi\u00e9 le 19 septembre 2025\u00a0\u00a0\u00b7\u00a0\u00a0<\/p>\n<p>\t\t\t\t\t2\u00a0minutes\n<\/p>\n<p>Fourgons blind\u00e9s, camions et CRS venus en nombre\u2026 Jeudi 18 septembre, d\u00e8s 6h30, la place de Haguenau \u00e9tait le th\u00e9\u00e2tre d\u2019une d\u00e9monstration de force efficace pour d\u00e9courager les militants et militantes du mouvement \u00ab\u00a0Bloquons tout\u00a0\u00bb. Suite \u00e0 la mobilisation du mercredi <a href=\"https:\/\/www.rue89strasbourg.com\/blocages-manifestation-strasbourg-alsace-359004\" rel=\"nofollow noopener\" target=\"_blank\">10 septembre<\/a>, de nombreux<a href=\"https:\/\/www.rue89strasbourg.com\/mobilisations-intersyndicales-jeudi-18-septembre-en-alsace-359519\" rel=\"nofollow noopener\" target=\"_blank\"> appels \u00e0 se mobiliser avaient circul\u00e9 sur les r\u00e9seaux sociaux<\/a> pour organiser un deuxi\u00e8me acte du mouvement social.<\/p>\n<p><img loading=\"lazy\" decoding=\"async\" width=\"2048\" height=\"1365\" src=\"https:\/\/www.europesays.com\/fr\/wp-content\/uploads\/2025\/09\/dsc-0090.jpg\" alt=\"\" class=\"wp-image-360014\"  \/> La gendarmerie a d\u00e9ploy\u00e9 des blind\u00e9s aux abords de la place de Haguenau.Photo\u00a0: Mathilde Cybulski \/ Rue89 Strasbourg<\/p>\n<p><img decoding=\"async\"  alt=\"\" data-height=\"1365\" data-id=\"360046\" data-link=\"https:\/\/www.rue89strasbourg.com\/liveblog_entry\/brouillon-auto-2383\/dsc_0161\" data-url=\"https:\/\/www.rue89strasbourg.com\/wp-content\/uploads\/2025\/09\/dsc-0161-792x528.jpg\" data-width=\"2048\" src=\"https:\/\/www.europesays.com\/fr\/wp-content\/uploads\/2025\/09\/dsc-0161-792x528.jpg\" data-amp-layout=\"responsive\" aria-label=\"Ouvrir l\u2019image 1 sur 2 en plein \u00e9cran\"\/><img decoding=\"async\"  alt=\"\" data-height=\"1365\" data-id=\"360011\" data-link=\"https:\/\/www.rue89strasbourg.com\/liveblog_entry\/brouillon-auto-2376\/dsc_0096\" data-url=\"https:\/\/www.rue89strasbourg.com\/wp-content\/uploads\/2025\/09\/dsc-0096-792x528.jpg\" data-width=\"2048\" src=\"https:\/\/www.europesays.com\/fr\/wp-content\/uploads\/2025\/09\/dsc-0096-792x528.jpg\" data-amp-layout=\"responsive\" aria-label=\"Ouvrir l\u2019image 2 sur 2 en plein \u00e9cran\"\/><\/p>\n<p>Des blocages emp\u00each\u00e9s<\/p>\n<p><a href=\"https:\/\/www.rue89strasbourg.com\/intersyndicale-bloquons-tout-direct-359900\" rel=\"nofollow noopener\" target=\"_blank\">Les blocages de la matin\u00e9e ont \u00e9t\u00e9 avort\u00e9s <\/a>avant m\u00eame d\u2019avoir commenc\u00e9. Les militants venus aux rendez-vous fix\u00e9s place de Haguenau, au lyc\u00e9e Kl\u00e9ber ou sur le pont de l\u2019Europe n\u2019ont pas eu le temps de s\u2019installer. Les forces de l\u2019ordre \u00e9taient d\u00e9j\u00e0 en place. Trois lyc\u00e9ens interpell\u00e9s ont rapidement \u00e9t\u00e9 rel\u00e2ch\u00e9s apr\u00e8s une br\u00e8ve interpellation. Seul un \u00ab\u00a0d\u00e9m\u00e9nagement fictif\u00a0\u00bb a permis de bloquer la circulation dans le quartier de la gare de Strasbourg. Du c\u00f4t\u00e9 du campus universitaire, des ateliers banderoles ont eu lieu toute la matin\u00e9e, non loin d\u2019un rassemblement de pharmaciens qui juraient avoir organis\u00e9 leur journ\u00e9e de mobilisation bien avant l\u2019appel \u00e0 manifester de l\u2019intersyndicale.<\/p>\n<p><img loading=\"lazy\" decoding=\"async\" width=\"2048\" height=\"1365\" src=\"https:\/\/www.europesays.com\/fr\/wp-content\/uploads\/2025\/09\/dsc-0186.jpg\" alt=\"\" class=\"wp-image-360069\"  \/> Un d\u00e9m\u00e9nagement fictif a bloqu\u00e9 la circulation pendant une vingtaine de minutes dans le quartier de Gare. <\/p>\n<p>\t\tPr\u00e8s de 15 000 manifestants <\/p>\n<p>Dans l\u2019apr\u00e8s-midi, entre 15 et 20 000 personnes ont rejoint la manifestation \u00e0 Strasbourg, selon les estimations de la CGT du Bas-Rhin. Notre journaliste sur place a compt\u00e9 environ 11 800 participants. R\u00e9unies en intersyndicale, la CGT, la CFDT, la CNT, la CFTC, la FSU, l\u2019Unsa, Force ouvri\u00e8re, la CFE-CGC, Solidaires ou encore l\u2019AES ont march\u00e9 dans le calme.<\/p>\n<\/p>\n<p><img decoding=\"async\"  alt=\"\" data-height=\"1365\" data-id=\"360134\" data-link=\"https:\/\/www.rue89strasbourg.com\/liveblog_entry\/brouillon-auto-2400\/dsc_0463\" data-url=\"https:\/\/www.rue89strasbourg.com\/wp-content\/uploads\/2025\/09\/dsc-0463-792x528.jpg\" data-width=\"2048\" src=\"https:\/\/www.europesays.com\/fr\/wp-content\/uploads\/2025\/09\/dsc-0463-792x528.jpg\" data-amp-layout=\"responsive\" aria-label=\"Ouvrir l\u2019image 4 sur 5 en plein \u00e9cran\"\/><img decoding=\"async\"  alt=\"\" data-height=\"1365\" data-id=\"360132\" data-link=\"https:\/\/www.rue89strasbourg.com\/liveblog_entry\/brouillon-auto-2400\/dsc_0471\" data-url=\"https:\/\/www.rue89strasbourg.com\/wp-content\/uploads\/2025\/09\/dsc-0471-792x528.jpg\" data-width=\"2048\" src=\"https:\/\/www.europesays.com\/fr\/wp-content\/uploads\/2025\/09\/dsc-0471-792x528.jpg\" data-amp-layout=\"responsive\" aria-label=\"Ouvrir l\u2019image 5 sur 5 en plein \u00e9cran\"\/><\/p>\n<p>Le cort\u00e8ge s\u2019est ensuite divis\u00e9. L\u2019intersyndicale s\u2019est arr\u00eat\u00e9e comme pr\u00e9vu place du Mar\u00e9chal de Lattre de Tassigny (Bourse) tandis qu\u2019un groupe a poursuivi son chemin en direction de la rue de Palerme. Les forces de l\u2019ordre ont us\u00e9 de gaz lacrymog\u00e8ne pour disperser la foule. Une manifestation \u00ab\u00a0sauvage\u00a0\u00bb s\u2019est poursuivie. Cinq personnes ont \u00e9t\u00e9 mises en garde \u00e0 vue selon le commissaire Laurent Braulio, contact\u00e9 aux alentours de 17h.<\/p>\n<p><img loading=\"lazy\" decoding=\"async\" width=\"2560\" height=\"1707\" src=\"https:\/\/www.europesays.com\/fr\/wp-content\/uploads\/2025\/09\/dsc-0841-scaled.jpg\" alt=\"\" class=\"wp-image-360198\"  \/> Interpellation d\u2019un manifestant dans le quartier Krutenau aux alentours de 17h.Photo\u00a0: Mathilde Cybulski \/ Rue89 Strasbourg<\/p>\n<p><img decoding=\"async\"  alt=\"\" data-height=\"1365\" data-id=\"360212\" data-link=\"https:\/\/www.rue89strasbourg.com\/?attachment_id=360212\" data-url=\"https:\/\/www.rue89strasbourg.com\/wp-content\/uploads\/2025\/09\/dsc-0727-1-792x528.jpg\" data-width=\"2048\" src=\"https:\/\/www.europesays.com\/fr\/wp-content\/uploads\/2025\/09\/dsc-0727-1-792x528.jpg\" data-amp-layout=\"responsive\" aria-label=\"Ouvrir l\u2019image 1 sur 2 en plein \u00e9cran\"\/><img decoding=\"async\"  alt=\"\" data-height=\"1365\" data-id=\"360180\" data-link=\"https:\/\/www.rue89strasbourg.com\/liveblog_entry\/brouillon-auto-2406\/dsc_0740\" data-url=\"https:\/\/www.rue89strasbourg.com\/wp-content\/uploads\/2025\/09\/dsc-0740-792x528.jpg\" data-width=\"2048\" src=\"https:\/\/www.europesays.com\/fr\/wp-content\/uploads\/2025\/09\/dsc-0740-792x528.jpg\" data-amp-layout=\"responsive\" aria-label=\"Ouvrir l\u2019image 2 sur 2 en plein \u00e9cran\"\/><\/p>\n","protected":false},"excerpt":{"rendered":"Dans la matin\u00e9e du jeudi 18 septembre, les militants de \u00ab\u00a0Bloquons tout\u00a0\u00bb ont \u00e9t\u00e9 emp\u00each\u00e9s d\u2019agir par un&hellip;\n","protected":false},"author":2,"featured_media":404967,"comment_status":"","ping_status":"","sticky":false,"template":"","format":"standard","meta":{"footnotes":""},"categories":[2820],"tags":[1111,11,47212,1777,674,1011,27,775,2088,12,25,640],"class_list":{"0":"post-404966","1":"post","2":"type-post","3":"status-publish","4":"format-standard","5":"has-post-thumbnail","7":"category-strasbourg","8":"tag-actu","9":"tag-actualites","10":"tag-bloquons-tout","11":"tag-eu","12":"tag-europe","13":"tag-fr","14":"tag-france","15":"tag-grand-est","16":"tag-manifestation","17":"tag-news","18":"tag-republique-francaise","19":"tag-strasbourg"},"share_on_mastodon":{"url":"https:\/\/pubeurope.com\/@fr\/115236982815069694","error":""},"_links":{"self":[{"href":"https:\/\/www.europesays.com\/fr\/wp-json\/wp\/v2\/posts\/404966","targetHints":{"allow":["GET"]}}],"collection":[{"href":"https:\/\/www.europesays.com\/fr\/wp-json\/wp\/v2\/posts"}],"about":[{"href":"https:\/\/www.europesays.com\/fr\/wp-json\/wp\/v2\/types\/post"}],"author":[{"embeddable":true,"href":"https:\/\/www.europesays.com\/fr\/wp-json\/wp\/v2\/users\/2"}],"replies":[{"embeddable":true,"href":"https:\/\/www.europesays.com\/fr\/wp-json\/wp\/v2\/comments?post=404966"}],"version-history":[{"count":0,"href":"https:\/\/www.europesays.com\/fr\/wp-json\/wp\/v2\/posts\/404966\/revisions"}],"wp:featuredmedia":[{"embeddable":true,"href":"https:\/\/www.europesays.com\/fr\/wp-json\/wp\/v2\/media\/404967"}],"wp:attachment":[{"href":"https:\/\/www.europesays.com\/fr\/wp-json\/wp\/v2\/media?parent=404966"}],"wp:term":[{"taxonomy":"category","embeddable":true,"href":"https:\/\/www.europesays.com\/fr\/wp-json\/wp\/v2\/categories?post=404966"},{"taxonomy":"post_tag","embeddable":true,"href":"https:\/\/www.europesays.com\/fr\/wp-json\/wp\/v2\/tags?post=404966"}],"curies":[{"name":"wp","href":"https:\/\/api.w.org\/{rel}","templated":true}]}}