{"id":40497,"date":"2025-04-21T03:23:09","date_gmt":"2025-04-21T03:23:09","guid":{"rendered":"https:\/\/www.europesays.com\/fr\/40497\/"},"modified":"2025-04-21T03:23:09","modified_gmt":"2025-04-21T03:23:09","slug":"ladies-open-sofia-costoulas-la-nouvelle-reine-de-calvi","status":"publish","type":"post","link":"https:\/\/www.europesays.com\/fr\/40497\/","title":{"rendered":"Ladies Open\u00a0: Sofia Costoulas la nouvelle reine de Calvi"},"content":{"rendered":"<p>Malgr\u00e9 l&rsquo;horaire avanc\u00e9, afin d&rsquo;\u00e9viter les averses, et le temps nuageux, les tribunes du TC Calvi \u00e9taient pleines ce dimanche 20 avril. Il faut dire que cette finale entre deux joueuses en forme et qui avaient impressionn\u00e9 les observateurs lors des tours pr\u00e9c\u00e9dents avait de quoi promettre au public un face-\u00e0-face spectaculaire. Cela n&rsquo;a pas manqu\u00e9 et ils ont \u00e9t\u00e9 nombreux \u00e0 l&rsquo;avouer sans difficult\u00e9, ce duel entre la Belge Sofia Costoulas et la Fran\u00e7aise Tessah Andrianjafitrimo fut l&rsquo;un des plus beaux et des plus relev\u00e9s de l&rsquo;histoire du Ladies Open.<\/p>\n","protected":false},"excerpt":{"rendered":"Malgr\u00e9 l&rsquo;horaire avanc\u00e9, afin d&rsquo;\u00e9viter les averses, et le temps nuageux, les tribunes du TC Calvi \u00e9taient pleines&hellip;\n","protected":false},"author":2,"featured_media":40498,"comment_status":"","ping_status":"","sticky":false,"template":"","format":"standard","meta":{"footnotes":""},"categories":[1415],"tags":[17,12482,1011,27,10550,2043,10551,12483,12481,60,1467],"class_list":{"0":"post-40497","1":"post","2":"type-post","3":"status-publish","4":"format-standard","5":"has-post-thumbnail","7":"category-tennis","8":"tag-17","9":"tag-costoulas","10":"tag-fr","11":"tag-france","12":"tag-ladies","13":"tag-nouvelle","14":"tag-open","15":"tag-reine","16":"tag-sofia","17":"tag-sports","18":"tag-tennis"},"share_on_mastodon":{"url":"https:\/\/pubeurope.com\/@fr\/114373814061782432","error":""},"_links":{"self":[{"href":"https:\/\/www.europesays.com\/fr\/wp-json\/wp\/v2\/posts\/40497","targetHints":{"allow":["GET"]}}],"collection":[{"href":"https:\/\/www.europesays.com\/fr\/wp-json\/wp\/v2\/posts"}],"about":[{"href":"https:\/\/www.europesays.com\/fr\/wp-json\/wp\/v2\/types\/post"}],"author":[{"embeddable":true,"href":"https:\/\/www.europesays.com\/fr\/wp-json\/wp\/v2\/users\/2"}],"replies":[{"embeddable":true,"href":"https:\/\/www.europesays.com\/fr\/wp-json\/wp\/v2\/comments?post=40497"}],"version-history":[{"count":0,"href":"https:\/\/www.europesays.com\/fr\/wp-json\/wp\/v2\/posts\/40497\/revisions"}],"wp:featuredmedia":[{"embeddable":true,"href":"https:\/\/www.europesays.com\/fr\/wp-json\/wp\/v2\/media\/40498"}],"wp:attachment":[{"href":"https:\/\/www.europesays.com\/fr\/wp-json\/wp\/v2\/media?parent=40497"}],"wp:term":[{"taxonomy":"category","embeddable":true,"href":"https:\/\/www.europesays.com\/fr\/wp-json\/wp\/v2\/categories?post=40497"},{"taxonomy":"post_tag","embeddable":true,"href":"https:\/\/www.europesays.com\/fr\/wp-json\/wp\/v2\/tags?post=40497"}],"curies":[{"name":"wp","href":"https:\/\/api.w.org\/{rel}","templated":true}]}}