{"id":404985,"date":"2025-09-20T14:10:27","date_gmt":"2025-09-20T14:10:27","guid":{"rendered":"https:\/\/www.europesays.com\/fr\/404985\/"},"modified":"2025-09-20T14:10:27","modified_gmt":"2025-09-20T14:10:27","slug":"pronostic-lens-lille-cotes-analyse-et-conseil","status":"publish","type":"post","link":"https:\/\/www.europesays.com\/fr\/404985\/","title":{"rendered":"Pronostic Lens-Lille : Cotes, analyse et conseil"},"content":{"rendered":"<p style=\"text-align: justify;\"><strong>LIGUE 1 2025-2026 \u2013 Lens re\u00e7oit Lille lors de la 5\u00e8me journ\u00e9e de Ligue 1. Notre pronostic pour la rencontre.<\/strong><\/p>\n<p>Pronostic Lens \u2013 LOSC : Samedi 20 septembre, 21h05<\/p>\n<p style=\"text-align: justify;\">Le <strong>RC<\/strong> <strong>Lens<\/strong> n\u2019a que six points apr\u00e8s quatre journ\u00e9es, mais il faut dire que les Sang et Or ont eu un programme charg\u00e9 depuis le d\u00e9but de la saison. Ils se sont inclin\u00e9s face \u00e0 l\u2019<strong>Olympique<\/strong> <strong>Lyonnais<\/strong>, qui r\u00e9alise une grosse entame de championnat, et face au <strong>Paris Saint-Germain<\/strong> la semaine pass\u00e9e. Entre temps, les Lensois avaient domin\u00e9 Le Havre puis le Stade Brestois.<\/p>\n<p><a href=\"https:\/\/dicodusport.fr\/blog\/ligue-europa-2025-2026-dates-matchs-et-calendrier-de-lille\/\" class=\"vlp-link\" title=\"Ligue Europa 2025-2026 : Dates, matchs et calendrier de Lille\" target=\"_blank\" rel=\"noopener\"><img loading=\"lazy\" decoding=\"async\" style=\"max-width: 792px;\" width=\"792\" height=\"445\" class=\"attachment-800x445 size-800x445 perfmatters-lazy\" alt=\"Ligue Europa 2025-2026 Dates, matchs et calendrier de Lille\" src=\"https:\/\/www.europesays.com\/fr\/wp-content\/uploads\/2025\/09\/Ligue-Europa-2025-2026-Dates-matchs-et-calendrier-de-Lille.png\"  data-\/><\/p>\n<p>Ligue Europa 2025-2026 : Dates, matchs et calendrier de Lille<\/p>\n<p>LIGUE EUROPA &#8211;\u00a0Apr\u00e8s le tirage au sort, place au calendrier : voici les dates des 8 rencontres du Lille Olympique Sporting Club pour la phase de championnat.<br \/>&#13;\n<\/p>\n<p>Lire l&rsquo;article<\/p>\n<p>dicodusport.fr<\/p>\n<p>Derby serr\u00e9 en vue<\/p>\n<p style=\"text-align: justify;\"><strong>Lille<\/strong> a eu un programme un peu plus simple m\u00eame s\u2019il y a eu la belle victoire face \u00e0 Monaco dans le temps additionnel gr\u00e2ce \u00e0 un but d\u2019<strong>Olivier<\/strong> <strong>Giroud<\/strong>. Les Lillois ont d\u00e9marr\u00e9 par un match nul face au <strong>Stade<\/strong> <strong>Brestois<\/strong> avant d\u2019encha\u00eener trois succ\u00e8s de rang, notamment la semaine pass\u00e9e face \u00e0 <strong>Toulouse<\/strong> apr\u00e8s avoir longtemps \u00e9t\u00e9 men\u00e9s.<\/p>\n<p style=\"text-align: justify;\">Si le <strong>LOSC<\/strong> a un meilleur bilan comptable, il y a quand m\u00eame eu deux victoires acquises dans les tout derniers instants. <strong>Lens<\/strong> a montr\u00e9 de belles choses par intermittence m\u00eame si <strong>Pierre<\/strong> <strong>Sage<\/strong> attendra plus de son secteur offensif. Le derby semble tr\u00e8s ouvert et on ne se prononcera pas sur l\u2019issue de la rencontre. On pr\u00e9f\u00e8re partir sur une double chance buteur avec deux joueurs en forme, <strong>Florian<\/strong> <strong>Thauvin<\/strong> ou <strong>Olivier<\/strong> <strong>Giroud<\/strong>.<\/p>\n<tr style=\"height: 16px;\">\n<td style=\"background-color: #404040; text-align: left; border-color: #ededed; width: 630px;\"><strong><img loading=\"lazy\" decoding=\"async\" class=\"alignnone wp-image-512842 perfmatters-lazy\" alt=\"\" width=\"14\" height=\"13\" src=\"https:\/\/www.europesays.com\/fr\/wp-content\/uploads\/2025\/05\/Logo-Winamax.png\"  data-\/> Samedi 20 septembre, 21h05<\/strong><\/td>\n<td style=\"background-color: #525252; border-color: #ededed; text-align: center; width: 210px;\">Double chance buteur<\/td>\n<\/tr>\n<tr style=\"height: 24px;\">\n<td style=\"background-color: #ffffff; text-align: justify; border-color: #ededed; vertical-align: middle; width: 630px;\"><strong>Thauvin ou Giroud<\/strong><\/td>\n<td style=\"background-color: #ffffff; border-color: #ededed; vertical-align: middle; text-align: center; width: 210px;\"><a href=\"https:\/\/www.winamax.fr\/paris-sportifs\/match\/61526046?banid=33423\" class=\"su-button su-button-style-flat\" style=\"color:#ffffff;background-color:#0860ff;border-color:#074dcc;border-radius:5px\" target=\"_blank\" rel=\"noopener noreferrer\"> 1.82<\/a><\/td>\n<\/tr>\n<p style=\"text-align: justify;\">Tentez votre chance en profitant de votre <a href=\"https:\/\/www.winamax.fr\/registration\/landing\/affiliation_Bonus100?banid=33423\" target=\"_blank\" rel=\"noopener\">1er d\u00e9p\u00f4t doubl\u00e9 jusqu\u2019\u00e0 100 \u20ac<\/a> direct en paris gratuits sur Winamax !<\/p>\n","protected":false},"excerpt":{"rendered":"LIGUE 1 2025-2026 \u2013 Lens re\u00e7oit Lille lors de la 5\u00e8me journ\u00e9e de Ligue 1. Notre pronostic pour&hellip;\n","protected":false},"author":2,"featured_media":404986,"comment_status":"","ping_status":"","sticky":false,"template":"","format":"standard","meta":{"footnotes":""},"categories":[2815],"tags":[1111,11,1777,674,63,1011,27,811,4253,66,1307,2267,12,1821,25],"class_list":{"0":"post-404985","1":"post","2":"type-post","3":"status-publish","4":"format-standard","5":"has-post-thumbnail","7":"category-lille","8":"tag-actu","9":"tag-actualites","10":"tag-eu","11":"tag-europe","12":"tag-football","13":"tag-fr","14":"tag-france","15":"tag-hauts-de-france","16":"tag-lens","17":"tag-ligue-1","18":"tag-lille","19":"tag-losc","20":"tag-news","21":"tag-pronostics","22":"tag-republique-francaise"},"share_on_mastodon":{"url":"https:\/\/pubeurope.com\/@fr\/115237030003464917","error":""},"_links":{"self":[{"href":"https:\/\/www.europesays.com\/fr\/wp-json\/wp\/v2\/posts\/404985","targetHints":{"allow":["GET"]}}],"collection":[{"href":"https:\/\/www.europesays.com\/fr\/wp-json\/wp\/v2\/posts"}],"about":[{"href":"https:\/\/www.europesays.com\/fr\/wp-json\/wp\/v2\/types\/post"}],"author":[{"embeddable":true,"href":"https:\/\/www.europesays.com\/fr\/wp-json\/wp\/v2\/users\/2"}],"replies":[{"embeddable":true,"href":"https:\/\/www.europesays.com\/fr\/wp-json\/wp\/v2\/comments?post=404985"}],"version-history":[{"count":0,"href":"https:\/\/www.europesays.com\/fr\/wp-json\/wp\/v2\/posts\/404985\/revisions"}],"wp:featuredmedia":[{"embeddable":true,"href":"https:\/\/www.europesays.com\/fr\/wp-json\/wp\/v2\/media\/404986"}],"wp:attachment":[{"href":"https:\/\/www.europesays.com\/fr\/wp-json\/wp\/v2\/media?parent=404985"}],"wp:term":[{"taxonomy":"category","embeddable":true,"href":"https:\/\/www.europesays.com\/fr\/wp-json\/wp\/v2\/categories?post=404985"},{"taxonomy":"post_tag","embeddable":true,"href":"https:\/\/www.europesays.com\/fr\/wp-json\/wp\/v2\/tags?post=404985"}],"curies":[{"name":"wp","href":"https:\/\/api.w.org\/{rel}","templated":true}]}}